{"id":20500,"date":"2013-11-06T11:45:20","date_gmt":"2013-11-06T10:45:20","guid":{"rendered":"http:\/\/stockportal.hu\/?p=20500"},"modified":"2013-11-06T11:45:20","modified_gmt":"2013-11-06T10:45:20","slug":"tovabb-javult-az-ifo-euroovezeti-gazdasagi-hangulatindexe","status":"publish","type":"post","link":"https:\/\/gazdasagportal.hu\/index.php\/tovabb-javult-az-ifo-euroovezeti-gazdasagi-hangulatindexe\/","title":{"rendered":"Tov\u00e1bb javult az ifo eur\u00f3\u00f6vezeti gazdas\u00e1gi hangulatindexe"},"content":{"rendered":"<p><strong>Tov\u00e1bb javult a negyedik negyed\u00e9vben az eur\u00f3\u00f6vezet \u00fczleti hangulatindexe a m\u00fcncheni ifo gazdas\u00e1gkutat\u00f3 int\u00e9zet \u00e9s a p\u00e1rizsi nemzetk\u00f6zi kereskedelmi kamara k\u00f6z\u00f6s felm\u00e9r\u00e9s\u00e9ben.<!--more--><\/strong><\/p>\n<p>A World Economic Survey (WES) eur\u00f3\u00f6vezeti \u00fczleti hangulatindexe az idei negyed\u00e9vben 2011 v\u00e9ge \u00f3ta az els\u0151 alkalommal emelkedett a hossz\u00fa t\u00e1v\u00fa \u00e1tlag\u00e9rt\u00e9k f\u00f6l\u00e9.<br \/>\nA felm\u00e9r\u00e9sben r\u00e9szt vev\u0151 gazdas\u00e1gi szak\u00e9rt\u0151knek az \u00fczleti hangulatr\u00f3l alkotott meg\u00edt\u00e9l\u00e9s\u00e9t sz\u00e1mszer\u0171s\u00edt\u0151 index az idei negyedik negyed\u00e9vre vonatkoz\u00f3an 114,7 pontra emelkedett a harmadik negyed\u00e9vi 102,3 pontr\u00f3l.<br \/>\nA hangulatindex \u00f6sszetev\u0151i k\u00f6z\u00fcl az aktu\u00e1lis \u00fczleti k\u00f6rnyezet meg\u00edt\u00e9l\u00e9s\u00e9t sz\u00e1mszer\u0171s\u00edt\u0151 mutat\u00f3 106,3 pontra emelkedett a negyedik negyed\u00e9vre vonatkoz\u00f3an a harmadik negyed\u00e9vi 95,1 pontr\u00f3l.<br \/>\nA hangulatindex m\u00e1sik \u00f6sszetev\u0151je, a gazdas\u00e1gi szak\u00e9rt\u0151k hat h\u00f3napra el\u0151retekint\u0151 \u00fczleti v\u00e1rakoz\u00e1sait sz\u00e1mszer\u0171s\u00edt\u0151 mutat\u00f3 119,7 pontra emelkedett a negyedik negyed\u00e9vre vonatkoz\u00f3an a harmadik negyed\u00e9vi 106,6 pontr\u00f3l.<br \/>\nA hat h\u00f3napra el\u0151retekint\u0151 v\u00e1rakoz\u00e1sok Belgium \u00e9s Luxemburg kiv\u00e9tel\u00e9vel minden egyes eur\u00f3\u00f6vezeti tagorsz\u00e1gban javultak. Ciprus volt az egyetlen, ahol negat\u00edv \u00e9rt\u00e9ket mutatott az index, de ott is javult.<br \/>\nA felm\u00e9r\u00e9sbe bevont szak\u00e9rt\u0151k infl\u00e1ci\u00f3s v\u00e1rakoz\u00e1sai nem v\u00e1ltoztak a negyedik negyed\u00e9vre vonatkoz\u00f3an, az el\u0151z\u0151 negyed\u00e9vhez hasonl\u00f3an 1,7 sz\u00e1zal\u00e9kos \u00e9ves \u00e1remelked\u00e9sre sz\u00e1m\u00edtanak. Az eur\u00f3 t\u00f6bbs\u00e9g\u00fck szerint t\u00fal\u00e9rt\u00e9kelt a doll\u00e1rral \u00e9s a jennel szemben, illetve az elk\u00f6vetkez\u0151 hat h\u00f3napban a doll\u00e1r \u00e1rfolyam\u00e1nak emelked\u00e9s\u00e9vel sz\u00e1molnak az eur\u00f3val szemben.<br \/>\nA m\u00fcncheni egyetem ifo gazdas\u00e1gkutat\u00f3 int\u00e9zete (ifo Institut \u2013 Leibniz-Institut f\u00fcr Wirtschaftsforschung an der Universit\u00e4t M\u00fcnchen e. V.) 1981 \u00f3ta \u00e1ll\u00edtja \u00f6ssze negyed\u00e9ves rendszeress\u00e9ggel \u00fczleti hangulat felm\u00e9r\u00e9s\u00e9t. A p\u00e1rizsi nemzetk\u00f6zi kereskedelmi kamar\u00e1val (International Chamber of Commerce, ICC) egy\u00fcttm\u0171k\u00f6d\u00e9sben \u00f6ssze\u00e1ll\u00edtott 2013. negyedik negyed\u00e9vi eur\u00f3\u00f6vezeti felm\u00e9r\u00e9s 285 gazdas\u00e1gi szak\u00e9rt\u0151 megk\u00e9rdez\u00e9s\u00e9vel k\u00e9sz\u00fclt.(MTI)<\/p>\n","protected":false},"excerpt":{"rendered":"<p>Tov\u00e1bb javult a negyedik negyed\u00e9vben az eur\u00f3\u00f6vezet \u00fczleti hangulatindexe a m\u00fcncheni ifo gazdas\u00e1gkutat\u00f3 int\u00e9zet \u00e9s a p\u00e1rizsi nemzetk\u00f6zi kereskedelmi kamara k\u00f6z\u00f6s felm\u00e9r\u00e9s\u00e9ben.<\/p>\n","protected":false},"author":1,"featured_media":1178,"comment_status":"open","ping_status":"closed","sticky":false,"template":"","format":"standard","meta":[],"categories":[12],"tags":[],"_links":{"self":[{"href":"https:\/\/gazdasagportal.hu\/index.php\/wp-json\/wp\/v2\/posts\/20500"}],"collection":[{"href":"https:\/\/gazdasagportal.hu\/index.php\/wp-json\/wp\/v2\/posts"}],"about":[{"href":"https:\/\/gazdasagportal.hu\/index.php\/wp-json\/wp\/v2\/types\/post"}],"author":[{"embeddable":true,"href":"https:\/\/gazdasagportal.hu\/index.php\/wp-json\/wp\/v2\/users\/1"}],"replies":[{"embeddable":true,"href":"https:\/\/gazdasagportal.hu\/index.php\/wp-json\/wp\/v2\/comments?post=20500"}],"version-history":[{"count":1,"href":"https:\/\/gazdasagportal.hu\/index.php\/wp-json\/wp\/v2\/posts\/20500\/revisions"}],"predecessor-version":[{"id":20501,"href":"https:\/\/gazdasagportal.hu\/index.php\/wp-json\/wp\/v2\/posts\/20500\/revisions\/20501"}],"wp:featuredmedia":[{"embeddable":true,"href":"https:\/\/gazdasagportal.hu\/index.php\/wp-json\/wp\/v2\/media\/1178"}],"wp:attachment":[{"href":"https:\/\/gazdasagportal.hu\/index.php\/wp-json\/wp\/v2\/media?parent=20500"}],"wp:term":[{"taxonomy":"category","embeddable":true,"href":"https:\/\/gazdasagportal.hu\/index.php\/wp-json\/wp\/v2\/categories?post=20500"},{"taxonomy":"post_tag","embeddable":true,"href":"https:\/\/gazdasagportal.hu\/index.php\/wp-json\/wp\/v2\/tags?post=20500"}],"curies":[{"name":"wp","href":"https:\/\/api.w.org\/{rel}","templated":true}]}}