{"id":20497,"date":"2013-11-06T11:42:25","date_gmt":"2013-11-06T10:42:25","guid":{"rendered":"http:\/\/stockportal.hu\/?p=20497"},"modified":"2013-11-06T11:42:51","modified_gmt":"2013-11-06T10:42:51","slug":"devizahitelek-ennyi-nem-eleg-tovabbi-megoldasokat-kell-kidolgozni","status":"publish","type":"post","link":"https:\/\/gazdasagportal.hu\/index.php\/devizahitelek-ennyi-nem-eleg-tovabbi-megoldasokat-kell-kidolgozni\/","title":{"rendered":"Devizahitelek &#8211; Ennyi nem el\u00e9g, tov\u00e1bbi megold\u00e1sokat kell kidolgozni"},"content":{"rendered":"<p><strong>Varga Mih\u00e1ly b\u00edzik benne, hogy lesznek m\u00e9g az id\u00e9n a devizahiteles \u00fcgyfeleket seg\u00edt\u0151 kezdem\u00e9nyez\u00e9sek, a nemzetgazdas\u00e1gi miniszter a Kossuth R\u00e1di\u00f3 180 perc c\u00edm\u0171 m\u0171sor\u00e1ban szerd\u00e1n azt is jelezte, hogy a k\u00f6vetkez\u0151 hat h\u00f3napban tov\u00e1bbi javaslatokat dolgoznak ki. Lesz\u00f6gezte: nincs olyan megold\u00e1s, amelyik minden devizahitelesnek j\u00f3, de arra kell t\u00f6rekedni, hogy az \u00fcgyfelek min\u00e9l nagyobb k\u00f6r\u00e9t el\u00e9rj\u00e9k.<!--more--><\/strong><\/p>\n<p>A devizahitel, mint p\u00e9nz\u00fcgyi konstrukci\u00f3 kivezet\u00e9s\u00e9nek idej\u00e9t firtat\u00f3 k\u00e9rd\u00e9sre a miniszter azt v\u00e1laszolta: b\u00edzik abban, hogy 2014 m\u00e1r ennek az \u00e9ve lesz, amikor t\u00f6bb lak\u00e1sc\u00e9l\u00fa devizahitelt nem foly\u00f3s\u00edtanak Magyarorsz\u00e1gon.<br \/>\nVarga Mih\u00e1ly eml\u00e9keztetett arra, hogy az Orsz\u00e1ggy\u0171l\u00e9s kedden elfogadta az \u00e1rfolyamg\u00e1t kisz\u00e9les\u00edt\u00e9s\u00e9r\u0151l sz\u00f3l\u00f3 t\u00f6rv\u00e9nyjavaslatot, ami \u00e1prilisig tart\u00f3 hat h\u00f3napos kilakoltat\u00e1si morat\u00f3riumot is mag\u00e1ban foglal. &#8222;A k\u00f6vetkez\u0151 hat h\u00f3napot kell kihaszn\u00e1lnunk arra, hogy tov\u00e1bbi megold\u00e1sokat dolgozzunk ki&#8221; &#8211; fogalmazott.<br \/>\nArra a k\u00e9rd\u00e9sre, hogy mikor v\u00e1rhat\u00f3 az \u00e1tfog\u00f3 rendez\u00e9st lehet\u0151v\u00e9 tev\u0151 ment\u0151csomag, azt felelte: a 780 ezer devizahiteles \u00fcgyf\u00e9l sz\u00e1ma m\u00e1ra 520 ezerre cs\u00f6kkent, a hitelesek k\u00e9tharmad\u00e1n m\u00e1r seg\u00edtettek az eddig bevezetett int\u00e9zked\u00e9sekkel, a v\u00e9gt\u00f6rleszt\u00e9ssel, az \u00e1rfolyamg\u00e1ttal vagy a Nemzeti Eszk\u00f6zkezel\u0151 (NET) l\u00e9trehoz\u00e1s\u00e1val. Hozz\u00e1tette: soha nem tudnak olyan megold\u00e1st tal\u00e1lni ami minden devizahitelesnek j\u00f3 legyen, de arra kell t\u00f6rekedni, hogy az \u00fcgyfelek min\u00e9l nagyobb k\u00f6r\u00e9t tudj\u00e1k el\u00e9rni.<br \/>\nAz \u00e1rfolyamg\u00e1t kisz\u00e9les\u00edt\u00e9s\u00e9r\u0151l sz\u00f3l\u00f3 keddi d\u00f6nt\u00e9ssel olyan \u00fcgyfelek sz\u00e1m\u00e1ra is lehet\u0151v\u00e9 teszik a kedvezm\u00e9nyek \u00e9s t\u00e1mogat\u00e1sok ig\u00e9nybev\u00e9tel\u00e9t, akik eddig ezt nem tudt\u00e1k megtenni &#8211; mondta. A nemzetgazdas\u00e1gi miniszter v\u00e9lem\u00e9nye szerint a munk\u00e1t ugyanakkor folytatni kell.<br \/>\nArr\u00f3l is besz\u00e9lt, hogy konzult\u00e1ci\u00f3s f\u00f3rumot ind\u00edtottak a devizahitelek jogi h\u00e1tter\u00e9nek pontos\u00edt\u00e1s\u00e1ra, mivel sz\u00e1mos, egym\u00e1snak ellentmond\u00f3 b\u00edr\u00f3s\u00e1gi d\u00f6nt\u00e9s sz\u00fcletett. Hangs\u00falyozta: arra t\u00f6rekszenek, hogy siker\u00fclj\u00f6n ak\u00e1r a banksz\u00f6vets\u00e9g javaslat\u00e1r\u00f3l, ak\u00e1r az igazs\u00e1gszolg\u00e1ltat\u00e1sban r\u00e9sztvev\u0151 szerepl\u0151kkel egy\u00fctt olyan\u00a0\u00a0megold\u00e1st tal\u00e1lni, amelyet az \u00fcgyfelek d\u00f6nt\u0151 t\u00f6bbs\u00e9ge el tud fogadni.<br \/>\nVarga Mih\u00e1ly k\u00f6z\u00f6lte: a korm\u00e1ny arra v\u00e1r, hogy a K\u00faria olyan jogegys\u00e9gi d\u00f6nt\u00e9st hozzon, amelynek alapj\u00e1n a parlament \u00e9s a t\u00f6rv\u00e9nyhoz\u00e1s \u00e9rdemi l\u00e9p\u00e9seket tud tenni. &#8222;A szakmai h\u00e1tt\u00e9r ehhez rendelkez\u00e9sre \u00e1ll, gazdas\u00e1gi d\u00f6nt\u00e9seket nagyon gyorsan meg tudn\u00e1nk hozni, de jogi megalapozotts\u00e1g n\u00e9lk\u00fcl nagyon vesz\u00e9lyes terepre t\u00e9vedn\u00e9nk&#8221; &#8211; fogalmazott a t\u00e1rcavezet\u0151. A jogegys\u00e9gi hat\u00e1rozat idej\u00e9re vonatkoz\u00f3 k\u00e9rd\u00e9sre azt v\u00e1laszolta, hogy a f\u00fcggetlen igazs\u00e1gszolg\u00e1ltat\u00e1si int\u00e9zm\u00e9nyek minden m\u00e1s int\u00e9zm\u00e9nyt\u0151l f\u00fcggetlen\u00fcl hozz\u00e1k meg a d\u00f6nt\u00e9seiket.<br \/>\nA nemzetgazdas\u00e1gi miniszter b\u00edzik abban, hogy a b\u00edr\u00f3s\u00e1gok is l\u00e1tj\u00e1k, hogy hossz\u00fa t\u00e1von nem tarthat\u00f3ak fenn a devizahitel-szerz\u0151d\u00e9sekkel kapcsolatban sz\u00fcletett egym\u00e1snak ellentmond\u00f3 \u00edt\u00e9letek. A p\u00e9ldak\u00e9nt a p\u00e9csi \u00e9s a debreceni \u00edt\u00e9l\u0151t\u00e1bla egym\u00e1ssal ellent\u00e9tes d\u00f6nt\u00e9seit eml\u00edtette.(MTI)<\/p>\n<p>&nbsp;<\/p><div id=\"gazda-2129068576\" class=\"gazda-tartalomban gazda-entity-placement\"><script async src=\"https:\/\/pagead2.googlesyndication.com\/pagead\/js\/adsbygoogle.js\"><\/script>\r\n<ins class=\"adsbygoogle\"\r\n     style=\"display:block\"\r\n     data-ad-format=\"fluid\"\r\n     data-ad-layout-key=\"-6t+ed+2i-1n-4w\"\r\n     data-ad-client=\"ca-pub-1959107119989764\"\r\n     data-ad-slot=\"4008251320\"><\/ins>\r\n<script>\r\n     (adsbygoogle = window.adsbygoogle || []).push({});\r\n<\/script><\/div>\n","protected":false},"excerpt":{"rendered":"<p>Varga Mih\u00e1ly b\u00edzik benne, hogy lesznek m\u00e9g az id\u00e9n a devizahiteles \u00fcgyfeleket seg\u00edt\u0151 kezdem\u00e9nyez\u00e9sek, a nemzetgazdas\u00e1gi miniszter a Kossuth R\u00e1di\u00f3 180 perc c\u00edm\u0171 m\u0171sor\u00e1ban szerd\u00e1n azt is jelezte, hogy a k\u00f6vetkez\u0151 hat h\u00f3napban tov\u00e1bbi javaslatokat dolgoznak ki. Lesz\u00f6gezte: nincs olyan megold\u00e1s, amelyik minden devizahitelesnek j\u00f3, de arra kell t\u00f6rekedni, hogy az \u00fcgyfelek min\u00e9l nagyobb k\u00f6r\u00e9t &#8230;<\/p>\n","protected":false},"author":1,"featured_media":18276,"comment_status":"open","ping_status":"closed","sticky":false,"template":"","format":"standard","meta":[],"categories":[19,112],"tags":[],"_links":{"self":[{"href":"https:\/\/gazdasagportal.hu\/index.php\/wp-json\/wp\/v2\/posts\/20497"}],"collection":[{"href":"https:\/\/gazdasagportal.hu\/index.php\/wp-json\/wp\/v2\/posts"}],"about":[{"href":"https:\/\/gazdasagportal.hu\/index.php\/wp-json\/wp\/v2\/types\/post"}],"author":[{"embeddable":true,"href":"https:\/\/gazdasagportal.hu\/index.php\/wp-json\/wp\/v2\/users\/1"}],"replies":[{"embeddable":true,"href":"https:\/\/gazdasagportal.hu\/index.php\/wp-json\/wp\/v2\/comments?post=20497"}],"version-history":[{"count":1,"href":"https:\/\/gazdasagportal.hu\/index.php\/wp-json\/wp\/v2\/posts\/20497\/revisions"}],"predecessor-version":[{"id":20498,"href":"https:\/\/gazdasagportal.hu\/index.php\/wp-json\/wp\/v2\/posts\/20497\/revisions\/20498"}],"wp:featuredmedia":[{"embeddable":true,"href":"https:\/\/gazdasagportal.hu\/index.php\/wp-json\/wp\/v2\/media\/18276"}],"wp:attachment":[{"href":"https:\/\/gazdasagportal.hu\/index.php\/wp-json\/wp\/v2\/media?parent=20497"}],"wp:term":[{"taxonomy":"category","embeddable":true,"href":"https:\/\/gazdasagportal.hu\/index.php\/wp-json\/wp\/v2\/categories?post=20497"},{"taxonomy":"post_tag","embeddable":true,"href":"https:\/\/gazdasagportal.hu\/index.php\/wp-json\/wp\/v2\/tags?post=20497"}],"curies":[{"name":"wp","href":"https:\/\/api.w.org\/{rel}","templated":true}]}}