{"id":20492,"date":"2013-11-06T11:08:27","date_gmt":"2013-11-06T10:08:27","guid":{"rendered":"http:\/\/stockportal.hu\/?p=20492"},"modified":"2013-11-06T11:08:27","modified_gmt":"2013-11-06T10:08:27","slug":"forbes-magyarorszagon-is-csutortokon-jelenik-meg-a-magyar-forbes-magazin-elso-szama","status":"publish","type":"post","link":"https:\/\/gazdasagportal.hu\/index.php\/forbes-magyarorszagon-is-csutortokon-jelenik-meg-a-magyar-forbes-magazin-elso-szama\/","title":{"rendered":"Forbes Magyarorsz\u00e1gon is, cs\u00fct\u00f6rt\u00f6k\u00f6n jelenik meg a magyar Forbes magazin els\u0151 sz\u00e1ma."},"content":{"rendered":"<p><strong>Vigy\u00e1zat, kapitalizmus! szlogennel, 24 ezres p\u00e9ld\u00e1nysz\u00e1mmal indul a magyar Forbes magazin. A havilap els\u0151 sz\u00e1ma cs\u00fct\u00f6rt\u00f6k\u00f6n jelenik meg &#8211; t\u00e1j\u00e9koztatta Galambos M\u00e1rton f\u0151szerkeszt\u0151 k\u00f6zlem\u00e9nyben az MTI-t.<!--more--><\/strong><\/p>\n<p>Az els\u0151 sz\u00e1m c\u00edmlapj\u00e1n a Wizz Air alap\u00edt\u00f3ja, V\u00e1radi J\u00f3zsef szerepel, a magazin m\u00e1sik vezet\u0151 anyaga pedig a magyar programoz\u00f3k \u00e1ltal l\u00e9trehozott navig\u00e1ci\u00f3s rendszer, az NNG t\u00f6rt\u00e9net\u00e9t mutatja be.<br \/>\nCikket \u00edrt az \u00fajs\u00e1gba a 96 \u00e9ves nemzetk\u00f6zi magazin alap\u00edt\u00f3j\u00e1nak unok\u00e1ja, Steve Forbes is, aki az amerikai v\u00e1ltozat jelenlegi kiad\u00f3ja \u00e9s f\u0151szerkeszt\u0151je &#8211; szerepel a k\u00f6zlem\u00e9nyben.<br \/>\nA Forbes.com kor\u00e1bban azt k\u00f6z\u00f6lte, hogy a havilap csaknem k\u00e9tharmad\u00e1ban magyar cikkeket k\u00f6z\u00f6l majd, valamint \u00e1tvesz anyagokat az amerikai kiad\u00e1sb\u00f3l is. A lapot a Business Consulting &amp; Media, valamint annak magyarorsz\u00e1gi c\u00e9ge, a Mediarey Kft. a Forbesszal egy\u00fcttm\u0171k\u00f6d\u00e9sben jelenteti meg.<br \/>\nK\u00f6z\u00e9p-Eur\u00f3p\u00e1ban a magyar kiad\u00e1s a t\u00edzedik. Kor\u00e1bban m\u00e1r megjelent a Forbes helyi kiad\u00e1sa a bolg\u00e1r, a cseh, az \u00e9szt, a horv\u00e1t, a lengyel, a lett, a rom\u00e1n, a szlov\u00e1k \u00e9s az ukr\u00e1n piacon is.<br \/>\nAz \u00fczleti magazin ezen k\u00edv\u00fcl jelen van a vil\u00e1g sz\u00e1mos orsz\u00e1g\u00e1ban.(MTI)<\/p>\n","protected":false},"excerpt":{"rendered":"<p>Vigy\u00e1zat, kapitalizmus! szlogennel, 24 ezres p\u00e9ld\u00e1nysz\u00e1mmal indul a magyar Forbes magazin. A havilap els\u0151 sz\u00e1ma cs\u00fct\u00f6rt\u00f6k\u00f6n jelenik meg &#8211; t\u00e1j\u00e9koztatta Galambos M\u00e1rton f\u0151szerkeszt\u0151 k\u00f6zlem\u00e9nyben az MTI-t.<\/p>\n","protected":false},"author":1,"featured_media":20001,"comment_status":"open","ping_status":"closed","sticky":false,"template":"","format":"standard","meta":[],"categories":[48],"tags":[],"_links":{"self":[{"href":"https:\/\/gazdasagportal.hu\/index.php\/wp-json\/wp\/v2\/posts\/20492"}],"collection":[{"href":"https:\/\/gazdasagportal.hu\/index.php\/wp-json\/wp\/v2\/posts"}],"about":[{"href":"https:\/\/gazdasagportal.hu\/index.php\/wp-json\/wp\/v2\/types\/post"}],"author":[{"embeddable":true,"href":"https:\/\/gazdasagportal.hu\/index.php\/wp-json\/wp\/v2\/users\/1"}],"replies":[{"embeddable":true,"href":"https:\/\/gazdasagportal.hu\/index.php\/wp-json\/wp\/v2\/comments?post=20492"}],"version-history":[{"count":1,"href":"https:\/\/gazdasagportal.hu\/index.php\/wp-json\/wp\/v2\/posts\/20492\/revisions"}],"predecessor-version":[{"id":20493,"href":"https:\/\/gazdasagportal.hu\/index.php\/wp-json\/wp\/v2\/posts\/20492\/revisions\/20493"}],"wp:featuredmedia":[{"embeddable":true,"href":"https:\/\/gazdasagportal.hu\/index.php\/wp-json\/wp\/v2\/media\/20001"}],"wp:attachment":[{"href":"https:\/\/gazdasagportal.hu\/index.php\/wp-json\/wp\/v2\/media?parent=20492"}],"wp:term":[{"taxonomy":"category","embeddable":true,"href":"https:\/\/gazdasagportal.hu\/index.php\/wp-json\/wp\/v2\/categories?post=20492"},{"taxonomy":"post_tag","embeddable":true,"href":"https:\/\/gazdasagportal.hu\/index.php\/wp-json\/wp\/v2\/tags?post=20492"}],"curies":[{"name":"wp","href":"https:\/\/api.w.org\/{rel}","templated":true}]}}