{"id":20469,"date":"2013-11-06T08:04:15","date_gmt":"2013-11-06T07:04:15","guid":{"rendered":"http:\/\/stockportal.hu\/?p=20469"},"modified":"2013-11-05T22:16:32","modified_gmt":"2013-11-05T21:16:32","slug":"eu-prognozis-ngm-az-europai-bizottsag-is-elismeri-a-magyar-gazdasag-teljesitmenyet","status":"publish","type":"post","link":"https:\/\/gazdasagportal.hu\/index.php\/eu-prognozis-ngm-az-europai-bizottsag-is-elismeri-a-magyar-gazdasag-teljesitmenyet\/","title":{"rendered":"EU-progn\u00f3zis &#8211; NGM: az Eur\u00f3pai Bizotts\u00e1g is elismeri a magyar gazdas\u00e1g teljes\u00edtm\u00e9ny\u00e9t"},"content":{"rendered":"<p><strong>A Nemzetgazdas\u00e1gi Miniszt\u00e9rium (NGM) \u00fcdv\u00f6zli az Eur\u00f3pai Bizotts\u00e1g (EB) \u0151szi el\u0151rejelz\u00e9s\u00e9t, amely a t\u00e1rca szerint re\u00e1lis \u00e9rt\u00e9kel\u00e9se a fokozatosan javul\u00f3 magyar gazdas\u00e1gnak. A k\u00f6lts\u00e9gvet\u00e9si hi\u00e1ny az Eur\u00f3pai Uni\u00f3 (EU) szak\u00e9rt\u0151i szerint sem emelkedik 3 sz\u00e1zal\u00e9k f\u00f6l\u00e9 a k\u00f6vetkez\u0151 \u00e9vekben &#8211; k\u00f6z\u00f6lte a nemzetgazdas\u00e1gi t\u00e1rca kedden.<!--more--><\/strong><\/p>\n<p>A t\u00e1rca \u00e9rt\u00e9kel\u00e9se szerint a jelent\u00e9s meger\u0151s\u00edtette, hogy Magyarorsz\u00e1g minden gazdas\u00e1gi mutat\u00f3ja javul a k\u00f6vetkez\u0151 \u00e9vekben. &#8222;A Bizotts\u00e1g \u0151szi \u00e9rt\u00e9kel\u00e9se is meger\u0151s\u00edti, hogy a magyar gazdas\u00e1g j\u00f3 p\u00e1ly\u00e1n halad, a korm\u00e1ny int\u00e9zked\u00e9seinek eredm\u00e9nyei kezdenek be\u00e9rni&#8221; &#8211; \u00e1ll a k\u00f6zlem\u00e9nyben.<br \/>\nA tavalyi recesszi\u00f3 ut\u00e1n ez \u00e9v elej\u00e9n megfordult a tendencia: n\u0151 a foglalkoztatotts\u00e1g, cs\u00f6kken a munkan\u00e9lk\u00fclis\u00e9g \u00e9s az \u00e1llamad\u00f3ss\u00e1g, a k\u00f6lts\u00e9gvet\u00e9si hi\u00e1ny pedig nem emelkedik 3 sz\u00e1zal\u00e9k f\u00f6l\u00e9. A korm\u00e1nyv\u00e1lt\u00e1s \u00f3ta eltelt h\u00e1rom \u00e9vben Magyarorsz\u00e1g talpra \u00e1llt &#8211; hangs\u00falyozza a nemzetgazdas\u00e1gi t\u00e1rca.<br \/>\nA br\u00fcsszeli el\u0151rejelz\u00e9s is visszaigazolta, hogy a magyarorsz\u00e1gi folyamatok mind p\u00e9nz\u00fcgyileg, mind gazdas\u00e1gilag j\u00f3 ir\u00e1nyba tartanak, \u00e9s tov\u00e1bbra is tarthat\u00f3 a maastrichti hi\u00e1nyc\u00e9l &#8211; emeli ki az NGM.<br \/>\nEml\u00e9keztetnek arra, hogy a brutt\u00f3 hazai term\u00e9k (GDP) j\u00f6v\u0151re 1,8 sz\u00e1zal\u00e9kos, m\u00edg 2015-re 2,1 sz\u00e1zal\u00e9kos n\u00f6veked\u00e9s\u00e9t j\u00f3solja Magyarorsz\u00e1g vonatkoz\u00e1s\u00e1ban az EB. Az \u00e1llamad\u00f3ss\u00e1g szintje az EU el\u0151rejelz\u00e9se szerint is cs\u00f6kken: 2013-ban a GDP 80,7, j\u00f6v\u0151re 79,9, 2015-ben pedig 79,4 sz\u00e1zal\u00e9knak felel majd meg.<br \/>\nAz Eur\u00f3pai Bizotts\u00e1g v\u00e1rakoz\u00e1sainak megfelel\u0151en tov\u00e1bbra is a legfontosabb gazdas\u00e1gpolitikai c\u00e9l, hogy Magyarorsz\u00e1g kiker\u00fclj\u00f6n az ad\u00f3ss\u00e1gcsapd\u00e1b\u00f3l. A korm\u00e1ny ezen t\u00f6rekv\u00e9se &#8211; imm\u00e1r az Eur\u00f3pai Uni\u00f3 szerint is &#8211; megval\u00f3sulni l\u00e1tszik &#8211; \u00e1ll a k\u00f6zlem\u00e9nyben.(MTI)<\/p>\n","protected":false},"excerpt":{"rendered":"<p>A Nemzetgazdas\u00e1gi Miniszt\u00e9rium (NGM) \u00fcdv\u00f6zli az Eur\u00f3pai Bizotts\u00e1g (EB) \u0151szi el\u0151rejelz\u00e9s\u00e9t, amely a t\u00e1rca szerint re\u00e1lis \u00e9rt\u00e9kel\u00e9se a fokozatosan javul\u00f3 magyar gazdas\u00e1gnak. A k\u00f6lts\u00e9gvet\u00e9si hi\u00e1ny az Eur\u00f3pai Uni\u00f3 (EU) szak\u00e9rt\u0151i szerint sem emelkedik 3 sz\u00e1zal\u00e9k f\u00f6l\u00e9 a k\u00f6vetkez\u0151 \u00e9vekben &#8211; k\u00f6z\u00f6lte a nemzetgazdas\u00e1gi t\u00e1rca kedden.<\/p>\n","protected":false},"author":1,"featured_media":0,"comment_status":"open","ping_status":"closed","sticky":false,"template":"","format":"standard","meta":[],"categories":[19],"tags":[],"_links":{"self":[{"href":"https:\/\/gazdasagportal.hu\/index.php\/wp-json\/wp\/v2\/posts\/20469"}],"collection":[{"href":"https:\/\/gazdasagportal.hu\/index.php\/wp-json\/wp\/v2\/posts"}],"about":[{"href":"https:\/\/gazdasagportal.hu\/index.php\/wp-json\/wp\/v2\/types\/post"}],"author":[{"embeddable":true,"href":"https:\/\/gazdasagportal.hu\/index.php\/wp-json\/wp\/v2\/users\/1"}],"replies":[{"embeddable":true,"href":"https:\/\/gazdasagportal.hu\/index.php\/wp-json\/wp\/v2\/comments?post=20469"}],"version-history":[{"count":1,"href":"https:\/\/gazdasagportal.hu\/index.php\/wp-json\/wp\/v2\/posts\/20469\/revisions"}],"predecessor-version":[{"id":20470,"href":"https:\/\/gazdasagportal.hu\/index.php\/wp-json\/wp\/v2\/posts\/20469\/revisions\/20470"}],"wp:attachment":[{"href":"https:\/\/gazdasagportal.hu\/index.php\/wp-json\/wp\/v2\/media?parent=20469"}],"wp:term":[{"taxonomy":"category","embeddable":true,"href":"https:\/\/gazdasagportal.hu\/index.php\/wp-json\/wp\/v2\/categories?post=20469"},{"taxonomy":"post_tag","embeddable":true,"href":"https:\/\/gazdasagportal.hu\/index.php\/wp-json\/wp\/v2\/tags?post=20469"}],"curies":[{"name":"wp","href":"https:\/\/api.w.org\/{rel}","templated":true}]}}