{"id":20441,"date":"2013-11-05T17:18:29","date_gmt":"2013-11-05T16:18:29","guid":{"rendered":"http:\/\/stockportal.hu\/?p=20441"},"modified":"2013-11-05T17:18:29","modified_gmt":"2013-11-05T16:18:29","slug":"jelentosen-megerosodott-az-al-kaida-sziriaban","status":"publish","type":"post","link":"https:\/\/gazdasagportal.hu\/index.php\/jelentosen-megerosodott-az-al-kaida-sziriaban\/","title":{"rendered":"Jelent\u0151sen meger\u0151s\u00f6d\u00f6tt az al-Kaida Sz\u00edri\u00e1ban"},"content":{"rendered":"<p><strong>Az al-Kaida nemzetk\u00f6zi terrorszervezettel sz\u00f6vets\u00e9ges er\u0151k annyira meger\u0151s\u00f6dtek Sz\u00edri\u00e1ban, hogy a m\u00e9rs\u00e9kelt ellenz\u00e9k m\u00e1r k\u00e9ptelen szembesz\u00e1llni vel\u00fck, mik\u00f6zben a radik\u00e1lis iszlamist\u00e1k a sar\u00eda (muzulm\u00e1n vall\u00e1si jog) \u00f6nk\u00e9nyes \u00e9s szigor\u00fa \u00e9rtelmez\u00e9se ment\u00e9n szervezik az \u00e9letet a polg\u00e1rh\u00e1bor\u00fa s\u00fajtotta k\u00f6zel-keleti orsz\u00e1g \u00e9szaki r\u00e9sz\u00e9n &#8211; \u00edrta internetes oldal\u00e1n a CNN amerikai h\u00edrtelev\u00edzi\u00f3 kedden.<!--more--><\/strong><\/p>\n<p>A CNN helysz\u00edni riportja szerint az al-Kaid\u00e1hoz k\u00f6thet\u0151 Iraki \u00e9s Levantei Iszl\u00e1m \u00c1llam (ILI\u00c1) nev\u0171 csoport m\u00e1ra a leger\u0151sebb fegyveres er\u0151v\u00e9 v\u00e1lt Sz\u00edria \u00e9szaki r\u00e9sz\u00e9n, \u00e9s egyre nagyobb befoly\u00e1ssal b\u00edr a nagyobb telep\u00fcl\u00e9seken.<br \/>\nAz ILI\u00c1 helyi aktivist\u00e1k szerint egy\u00e9rtelm\u0171 taktik\u00e1t k\u00f6vet: el\u0151sz\u00f6r a felkel\u0151k kez\u00e9ben l\u00e9v\u0151 ter\u00fcletek sz\u00e9l\u00e9n elhelyezked\u0151 kisebb telep\u00fcl\u00e9seket vonja ellen\u0151rz\u00e9se al\u00e1, majd sz\u00e9pen lassan elkezdi beker\u00edteni a nagyon v\u00e1rosokat is. A csoport m\u00e1r sz\u00e1mos kisebb v\u00e1rost tart egyed\u00fcli uralma alatt, \u00e9s t\u00f6bb nagyobb k\u00f6zpont &#8211; els\u0151sorban Alepp\u00f3 \u00e9s Idlib &#8211; k\u00f6rny\u00e9k\u00e9n n\u00f6veli befoly\u00e1s\u00e1t kulcsfontoss\u00e1g\u00fa \u00fatvonalak \u00e9s ellen\u0151rz\u0151pontok elfoglal\u00e1s\u00e1val.<br \/>\nAz iszlamist\u00e1k ereje Rakka v\u00e1ros\u00e1ban a legjelent\u0151sebb. A Washington Institute nev\u0171 agytr\u00f6szt szerint Rakka a legnagyobb v\u00e1ros, amely valaha az al-Kaida uralma al\u00e1 ker\u00fclt az iszl\u00e1m vil\u00e1gban, b\u00e1r egyes szak\u00e9rt\u0151k vitatj\u00e1k ezt.<br \/>\nA t\u00e1vlati c\u00e9l, hogy \u00f6sszekapcsolj\u00e1k a szunnita t\u00f6bbs\u00e9g\u0171 &#8211; \u00e9s az al-Kaida egyik meleg\u00e1gy\u00e1nak sz\u00e1m\u00edt\u00f3 &#8211; iraki Anb\u00e1r tartom\u00e1nyt az \u00e9szak-sz\u00edriai ter\u00fcletekkel, \u00e9s a F\u00f6ldk\u00f6zi-tengerig h\u00faz\u00f3d\u00f3 iszl\u00e1m \u00e1llamot hozzanak l\u00e9tre.<br \/>\nAz ILI\u00c1 p\u00e9nz\u00fcgyi er\u0151forr\u00e1sainak \u00e9s j\u00f3 szervezetts\u00e9g\u00e9nek k\u00f6sz\u00f6nheti, hogy a riv\u00e1lis felkel\u0151csoportok &#8211; k\u00f6zt\u00fck a Nyugat \u00e1ltal t\u00e1mogatott Sz\u00edriai Szabad Hadsereg &#8211; nem mernek szembesz\u00e1llni vele. Hab\u00e1r a csoport l\u00e9tsz\u00e1ma nem jelent\u0151s, maxim\u00e1lisan kihaszn\u00e1lja a rendelkez\u00e9s\u00e9re \u00e1ll\u00f3 er\u0151forr\u00e1sokat &#8211; mondt\u00e1k szak\u00e9rt\u0151k az amerikai h\u00edrt\u00e9v\u00e9nek.<br \/>\nAz Egyes\u00fclt \u00c1llamok \u00e9s sz\u00f6vets\u00e9gesei sz\u00e1m\u00e1ra hossz\u00fa ideje dilemm\u00e1t jelent az al-Kaida jelenl\u00e9te a polg\u00e1rh\u00e1bor\u00faban, ami miatt eddig vonakodtak fegyverekkel ell\u00e1tni a sz\u00edriai ellenz\u00e9ket. Ugyanakkor megfigyel\u0151k szerint az ILI\u00c1\u00a0\u00a0\u00e9ppen a t\u00e1mogat\u00e1s hi\u00e1nya miatt kialakult hatalmi v\u00e1kuumot kihaszn\u00e1lva v\u00e1lt meghat\u00e1roz\u00f3 szerepl\u0151v\u00e9 a k\u00e9t \u00e9s f\u00e9l \u00e9ve tart\u00f3 konfliktusban.<br \/>\nHelyiek elmond\u00e1sa szerint az ILI\u00c1 eleinte &#8222;bar\u00e1ts\u00e1gosan \u00e9s b\u00e9k\u00e9sen&#8221; l\u00e9pett fel azon telep\u00fcl\u00e9seken, amelyeket az uralma al\u00e1 akart vonni, \u00e9s p\u00e9nz\u00fcgyi \u00f6szt\u00f6nz\u0151ket is felaj\u00e1nlott az egy\u00fcttm\u0171k\u00f6d\u00e9s\u00e9rt cser\u00e9be. Manaps\u00e1g azonban egyre brut\u00e1lisabb\u00e1 v\u00e1lik a csoport.<br \/>\nAz ILI\u00c1 \u00e1ltal ellen\u0151rz\u00f6tt ter\u00fcleteken m\u00e1r megindult az iszl\u00e1m t\u00e1rsadalom er\u0151szakos ki\u00e9p\u00edt\u00e9se, amit egy n\u0151i aktivista a t\u00e1libok afganiszt\u00e1ni r\u00e9muralm\u00e1hoz hasonl\u00edtott. A n\u0151k sz\u00e1m\u00e1ra p\u00e9ld\u00e1ul m\u00e1r megtiltott\u00e1k, hogy f\u00e9rfi k\u00eds\u00e9r\u0151 n\u00e9lk\u00fcl j\u00e1rjanak-keljenek, sminket viseljenek, f\u00e9rfi orvoshoz menjenek \u00e9s nadr\u00e1got hordjanak, hajukat pedig muzulm\u00e1n fejkend\u0151vel kell eltakarniuk. Emellett a doh\u00e1nyz\u00e1st \u00e9s a f\u00e9nyk\u00e9pez\u00e9st is betiltott\u00e1k.<br \/>\nB\u00edr\u00e1l\u00f3ikkal is egyre kegyetlenebben b\u00e1nik el az ILI\u00c1: besz\u00e1mol\u00f3k szerint elhurcolj\u00e1k, megverik \u00e9s elektrosokkal k\u00ednozz\u00e1k az \u00e1ltaluk gyan\u00fasnak v\u00e9lt embereket &#8211; \u00edrta riportj\u00e1ban a CNN.(MTI)<\/p>\n<p><a title=\"Hely megnyit\u00e1sa\" href=\"http:\/\/edition.cnn.com\/2013\/11\/05\/world\/europe\/syria-turkey-al-qaeda\/\" target=\"_blank\" rel=\"noopener\">http:\/\/edition.cnn.com\/2013\/11\/05\/world\/europe\/syria-turkey-al-qaeda\/<\/a><\/p><div id=\"gazda-3292426981\" class=\"gazda-tartalomban gazda-entity-placement\"><script async src=\"https:\/\/pagead2.googlesyndication.com\/pagead\/js\/adsbygoogle.js\"><\/script>\r\n<ins class=\"adsbygoogle\"\r\n     style=\"display:block\"\r\n     data-ad-format=\"fluid\"\r\n     data-ad-layout-key=\"-6t+ed+2i-1n-4w\"\r\n     data-ad-client=\"ca-pub-1959107119989764\"\r\n     data-ad-slot=\"4008251320\"><\/ins>\r\n<script>\r\n     (adsbygoogle = window.adsbygoogle || []).push({});\r\n<\/script><\/div>\n","protected":false},"excerpt":{"rendered":"<p>Az al-Kaida nemzetk\u00f6zi terrorszervezettel sz\u00f6vets\u00e9ges er\u0151k annyira meger\u0151s\u00f6dtek Sz\u00edri\u00e1ban, hogy a m\u00e9rs\u00e9kelt ellenz\u00e9k m\u00e1r k\u00e9ptelen szembesz\u00e1llni vel\u00fck, mik\u00f6zben a radik\u00e1lis iszlamist\u00e1k a sar\u00eda (muzulm\u00e1n vall\u00e1si jog) \u00f6nk\u00e9nyes \u00e9s szigor\u00fa \u00e9rtelmez\u00e9se ment\u00e9n szervezik az \u00e9letet a polg\u00e1rh\u00e1bor\u00fa s\u00fajtotta k\u00f6zel-keleti orsz\u00e1g \u00e9szaki r\u00e9sz\u00e9n &#8211; \u00edrta internetes oldal\u00e1n a CNN amerikai h\u00edrtelev\u00edzi\u00f3 kedden.<\/p>\n","protected":false},"author":1,"featured_media":20442,"comment_status":"open","ping_status":"closed","sticky":false,"template":"","format":"standard","meta":[],"categories":[16,116],"tags":[],"_links":{"self":[{"href":"https:\/\/gazdasagportal.hu\/index.php\/wp-json\/wp\/v2\/posts\/20441"}],"collection":[{"href":"https:\/\/gazdasagportal.hu\/index.php\/wp-json\/wp\/v2\/posts"}],"about":[{"href":"https:\/\/gazdasagportal.hu\/index.php\/wp-json\/wp\/v2\/types\/post"}],"author":[{"embeddable":true,"href":"https:\/\/gazdasagportal.hu\/index.php\/wp-json\/wp\/v2\/users\/1"}],"replies":[{"embeddable":true,"href":"https:\/\/gazdasagportal.hu\/index.php\/wp-json\/wp\/v2\/comments?post=20441"}],"version-history":[{"count":1,"href":"https:\/\/gazdasagportal.hu\/index.php\/wp-json\/wp\/v2\/posts\/20441\/revisions"}],"predecessor-version":[{"id":20443,"href":"https:\/\/gazdasagportal.hu\/index.php\/wp-json\/wp\/v2\/posts\/20441\/revisions\/20443"}],"wp:featuredmedia":[{"embeddable":true,"href":"https:\/\/gazdasagportal.hu\/index.php\/wp-json\/wp\/v2\/media\/20442"}],"wp:attachment":[{"href":"https:\/\/gazdasagportal.hu\/index.php\/wp-json\/wp\/v2\/media?parent=20441"}],"wp:term":[{"taxonomy":"category","embeddable":true,"href":"https:\/\/gazdasagportal.hu\/index.php\/wp-json\/wp\/v2\/categories?post=20441"},{"taxonomy":"post_tag","embeddable":true,"href":"https:\/\/gazdasagportal.hu\/index.php\/wp-json\/wp\/v2\/tags?post=20441"}],"curies":[{"name":"wp","href":"https:\/\/api.w.org\/{rel}","templated":true}]}}