{"id":20208,"date":"2013-11-03T11:31:03","date_gmt":"2013-11-03T10:31:03","guid":{"rendered":"http:\/\/stockportal.hu\/?p=20208"},"modified":"2013-11-03T11:31:03","modified_gmt":"2013-11-03T10:31:03","slug":"gyertyagyujtassal-emlekeztek-meg-a-ram-szakadeknal-hosi-halalt-halt-tuzoltorol","status":"publish","type":"post","link":"https:\/\/gazdasagportal.hu\/index.php\/gyertyagyujtassal-emlekeztek-meg-a-ram-szakadeknal-hosi-halalt-halt-tuzoltorol\/","title":{"rendered":"Gyertyagy\u00fajt\u00e1ssal eml\u00e9keztek meg a R\u00e1m-szakad\u00e9kn\u00e1l h\u0151si hal\u00e1lt halt t\u0171zolt\u00f3r\u00f3l"},"content":{"rendered":"<p><strong>Gyertyagy\u00fajt\u00e1ssal eml\u00e9keznek meg csal\u00e1dtagjai, bar\u00e1tai \u00e9s koll\u00e9g\u00e1i az el\u0151z\u0151 nap \u00e9letment\u00e9s k\u00f6zben elhunyt t\u0171zolt\u00f3r\u00f3l az\u00a0esztergomi t\u0171zolt\u00f3s\u00e1g \u00e9p\u00fclete el\u0151tt 2013. november 2-\u00e1n.<\/strong> <!--more--><\/p>\n<p>A f\u0151t\u00f6rzs\u0151rmester a R\u00e1m-szakad\u00e9kba zuhant turista ment\u00e9se k\u00f6zben a szikl\u00e1kr\u00f3l lezuhanva vesztette \u00e9let\u00e9t.<\/p>\n<p>&nbsp;<br \/>\n<span style=\"color: #800000;\"><strong><a href=\"http:\/\/stockportal.hu\/index.php\/mentes-kozben-meghalt-egy-tuzolto-a-ram-szakadekban\/\" target=\"_blank\" rel=\"noopener\"><span style=\"color: #800000;\">Ment\u00e9s k\u00f6zben meghalt egy t\u0171zolt\u00f3 a R\u00e1m-szakad\u00e9kban<\/span><\/a><\/strong><\/span><br \/>\n&nbsp;<\/p><div id=\"gazda-4216684952\" class=\"gazda-tartalomban gazda-entity-placement\"><script async src=\"https:\/\/pagead2.googlesyndication.com\/pagead\/js\/adsbygoogle.js\"><\/script>\r\n<ins class=\"adsbygoogle\"\r\n     style=\"display:block\"\r\n     data-ad-format=\"fluid\"\r\n     data-ad-layout-key=\"-6t+ed+2i-1n-4w\"\r\n     data-ad-client=\"ca-pub-1959107119989764\"\r\n     data-ad-slot=\"4008251320\"><\/ins>\r\n<script>\r\n     (adsbygoogle = window.adsbygoogle || []).push({});\r\n<\/script><\/div>\n<p>(MTI &#8211; civilhetes.hu)<\/p>\n","protected":false},"excerpt":{"rendered":"<p>Gyertyagy\u00fajt\u00e1ssal eml\u00e9keznek meg csal\u00e1dtagjai, bar\u00e1tai \u00e9s koll\u00e9g\u00e1i az el\u0151z\u0151 nap \u00e9letment\u00e9s k\u00f6zben elhunyt t\u0171zolt\u00f3r\u00f3l az\u00a0esztergomi t\u0171zolt\u00f3s\u00e1g \u00e9p\u00fclete el\u0151tt 2013. november 2-\u00e1n.<\/p>\n","protected":false},"author":1,"featured_media":20209,"comment_status":"open","ping_status":"closed","sticky":false,"template":"","format":"standard","meta":[],"categories":[48],"tags":[],"_links":{"self":[{"href":"https:\/\/gazdasagportal.hu\/index.php\/wp-json\/wp\/v2\/posts\/20208"}],"collection":[{"href":"https:\/\/gazdasagportal.hu\/index.php\/wp-json\/wp\/v2\/posts"}],"about":[{"href":"https:\/\/gazdasagportal.hu\/index.php\/wp-json\/wp\/v2\/types\/post"}],"author":[{"embeddable":true,"href":"https:\/\/gazdasagportal.hu\/index.php\/wp-json\/wp\/v2\/users\/1"}],"replies":[{"embeddable":true,"href":"https:\/\/gazdasagportal.hu\/index.php\/wp-json\/wp\/v2\/comments?post=20208"}],"version-history":[{"count":1,"href":"https:\/\/gazdasagportal.hu\/index.php\/wp-json\/wp\/v2\/posts\/20208\/revisions"}],"predecessor-version":[{"id":20211,"href":"https:\/\/gazdasagportal.hu\/index.php\/wp-json\/wp\/v2\/posts\/20208\/revisions\/20211"}],"wp:featuredmedia":[{"embeddable":true,"href":"https:\/\/gazdasagportal.hu\/index.php\/wp-json\/wp\/v2\/media\/20209"}],"wp:attachment":[{"href":"https:\/\/gazdasagportal.hu\/index.php\/wp-json\/wp\/v2\/media?parent=20208"}],"wp:term":[{"taxonomy":"category","embeddable":true,"href":"https:\/\/gazdasagportal.hu\/index.php\/wp-json\/wp\/v2\/categories?post=20208"},{"taxonomy":"post_tag","embeddable":true,"href":"https:\/\/gazdasagportal.hu\/index.php\/wp-json\/wp\/v2\/tags?post=20208"}],"curies":[{"name":"wp","href":"https:\/\/api.w.org\/{rel}","templated":true}]}}