{"id":20204,"date":"2013-11-03T11:22:46","date_gmt":"2013-11-03T10:22:46","guid":{"rendered":"http:\/\/stockportal.hu\/?p=20204"},"modified":"2013-11-03T11:22:46","modified_gmt":"2013-11-03T10:22:46","slug":"tuzzuk-ki-a-szekely-zaszlot-ahol-tettekre-van-szukseg-ott-nem-elegendoek-a-szavak","status":"publish","type":"post","link":"https:\/\/gazdasagportal.hu\/index.php\/tuzzuk-ki-a-szekely-zaszlot-ahol-tettekre-van-szukseg-ott-nem-elegendoek-a-szavak\/","title":{"rendered":"T\u0170ZZ\u00dcK KI A SZ\u00c9KELY Z\u00c1SZL\u00d3T! AHOL TETTEKRE VAN SZ\u00dcKS\u00c9G, OTT NEM ELEGEND\u0150EK A SZAVAK!"},"content":{"rendered":"<p><strong>A Magyar Polg\u00e1ri P\u00e1rt K\u00f6zlem\u00e9nye a Sz\u00e9kely jelk\u00e9pek haszn\u00e1lata v\u00e9delm\u00e9ben\u00a0<!--more--><\/strong><\/p>\n<p>A Magyar Polg\u00e1ri P\u00e1rt felh\u00e1borod\u00e1s\u00e1t fejezi ki \u00e9s egy\u00e9rtelm\u0171en a sz\u00e9kely-magyar k\u00f6z\u00f6ss\u00e9g elleni tiszteletlens\u00e9g jelek\u00e9nt \u00e9rt\u00e9keli a marosv\u00e1s\u00e1rhelyi helyi rend\u0151rs\u00e9g felsz\u00f3l\u00edt\u00e1s\u00e1t, mely szerint a p\u00e1rt Iskola utcai sz\u00e9kh\u00e1z\u00e1nak homlokzat\u00e1ra kif\u00fcggesztett sz\u00e9kely z\u00e1szl\u00f3t a rekl\u00e1manyagok kihelyez\u00e9s\u00e9t \u00e9s j\u00f3v\u00e1hagy\u00e1si k\u00f6telezetts\u00e9g\u00e9t szab\u00e1lyoz\u00f3 t\u00f6rv\u00e9ny \u00e9rtelm\u00e9ben el kell t\u00e1vol\u00edtani.<br \/>\nAz \u00e9gsz\u00ednk\u00e9k mez\u0151ben arany cs\u00edkkal \u00e9s a sz\u00e9kely szimb\u00f3lumokkal (a Nap csillagv\u00e1ltozata, illetve a Hold) d\u00edsz\u00edtett z\u00e1szl\u00f3 Sz\u00e9kelyf\u00f6ld jelk\u00e9pe, egyben t\u00f6rt\u00e9nelmi jelk\u00e9p, hiszen az egyetlen sz\u00e9kely csal\u00e1db\u00f3l sz\u00e1rmaz\u00f3 erd\u00e9lyi fejedelem, Sz\u00e9kely M\u00f3zes z\u00e1szlaja alapj\u00e1n k\u00e9sz\u00fclt. Ezt a z\u00e1szl\u00f3t rekl\u00e1mz\u00e1szl\u00f3nak min\u0151s\u00edteni nemcsak tiszteletlens\u00e9g, hanem a k\u00f6z\u00f6ss\u00e9g\u00fcnket \u00e9rt provok\u00e1ci\u00f3. Az esetet csak s\u00falyosb\u00edtja, hogy a marosv\u00e1s\u00e1rhelyi magyarok p\u00e9nz\u00e9n (is) fenntartott helyi rend\u0151rs\u00e9g nev\u00e9ben, azaz egy olyan k\u00f6zhivatal, mint Marosv\u00e1s\u00e1rhely Polg\u00e1rmesteri Hivatala al\u00e1rendelts\u00e9g\u00e9be tartoz\u00f3 int\u00e9zm\u00e9ny nev\u00e9ben k\u00f6vetik el. Eml\u00e9keztet\u00fcnk, hogy a segesv\u00e1ri \u00fcgy\u00e9szs\u00e9g 2010. augusztus 10-\u00e9n hat\u00e1rozatot hozott a makfalvi k\u00f6zs\u00e9gh\u00e1z\u00e1ra kit\u0171z\u00f6tt sz\u00e9kely z\u00e1szl\u00f3 \u00fcgy\u00e9ben. A hat\u00e1rozat meg\u00e1llap\u00edtotta, hogy a csillagos-holdas, aranys\u00e1vos k\u00e9k z\u00e1szl\u00f3 egy \u201et\u00f6rt\u00e9nelmi k\u00f6z\u00f6ss\u00e9g jelk\u00e9pe\u201d, haszn\u00e1lata nem \u00fctk\u00f6zik t\u00f6rv\u00e9nybe.<br \/>\nEzek ut\u00e1n jogosan tehet\u00fcnk fel n\u00e9h\u00e1ny k\u00e9rd\u00e9st.<br \/>\n&#8211;\u00a0\u00a0\u00a0\u00a0\u00a0\u00a0\u00a0\u00a0\u00a0 Ilyen k\u00f6r\u00fclm\u00e9nyek k\u00f6z\u00f6tt a helyi magyars\u00e1g elmondhatja-e, hogy nincs h\u00e1tr\u00e1nyosan megk\u00fcl\u00f6nb\u00f6ztetve?<br \/>\n&#8211;\u00a0\u00a0\u00a0\u00a0\u00a0\u00a0\u00a0\u00a0\u00a0 Mennyire alkalmas a helyi rend\u0151rs\u00e9g vezet\u0151i tiszts\u00e9g\u00e9t ell\u00e1tni az a parancsnok, aki a v\u00e1ros magyar k\u00f6z\u00f6ss\u00e9g\u00e9t s\u00e9rti meg?<br \/>\n&#8211;\u00a0\u00a0\u00a0\u00a0\u00a0\u00a0\u00a0\u00a0\u00a0 Milyen megfontol\u00e1sb\u00f3l, t\u00falbuzg\u00f3s\u00e1gb\u00f3l vagy net\u00e1n politikai megrendel\u00e9sre sz\u00fcletett a z\u00e1szl\u00f3 elt\u00e1vol\u00edt\u00e1s\u00e1t c\u00e9lz\u00f3 felsz\u00f3l\u00edt\u00e1s?<br \/>\n&#8211;\u00a0\u00a0\u00a0\u00a0\u00a0\u00a0\u00a0\u00a0\u00a0 Sz\u00e1m\u00edthatunk-e a v\u00e1ros polg\u00e1rmester\u00e9nek bocs\u00e1natk\u00e9r\u00e9s\u00e9re?<br \/>\nA Magyar Polg\u00e1ri P\u00e1rt polg\u00e1rmesterei, alpolg\u00e1rmesterei \u00e9s tan\u00e1csosai test\u00fcletileg szavazt\u00e1k meg 2009-ben a Sz\u00e9kelyf\u00f6ldi \u00d6nkorm\u00e1nyzati Nagygy\u0171l\u00e9s alkalm\u00e1val azt a hat\u00e1rozatot, melynek \u00e9rtelm\u00e9ben a sz\u00e9kely jelk\u00e9pekre, a himnuszra \u00e9s a z\u00e1szl\u00f3ra, mint Sz\u00e9kelyf\u00f6ld jelk\u00e9peire tekint\u00fcnk, azok haszn\u00e1lat\u00e1t min\u00e9l sz\u00e9lesebb k\u00f6rben szorgalmazzuk. A sz\u00e9kely z\u00e1szl\u00f3nak teh\u00e1t ott a helye p\u00e1rtsz\u00e9kh\u00e1zunk homlokzat\u00e1n!<\/p>\n<p>Marosv\u00e1s\u00e1rhely, 2013. november 3.<br \/>\nBir\u00f3 Zsolt<br \/>\na Magyar Polg\u00e1ri P\u00e1rt eln\u00f6ke<\/p><div id=\"gazda-1378080079\" class=\"gazda-tartalomban gazda-entity-placement\"><script async src=\"https:\/\/pagead2.googlesyndication.com\/pagead\/js\/adsbygoogle.js\"><\/script>\r\n<ins class=\"adsbygoogle\"\r\n     style=\"display:block\"\r\n     data-ad-format=\"fluid\"\r\n     data-ad-layout-key=\"-6t+ed+2i-1n-4w\"\r\n     data-ad-client=\"ca-pub-1959107119989764\"\r\n     data-ad-slot=\"4008251320\"><\/ins>\r\n<script>\r\n     (adsbygoogle = window.adsbygoogle || []).push({});\r\n<\/script><\/div>\n<p>(MTI &#8211; KMS)<\/p>\n<p>&nbsp;<\/p>\n","protected":false},"excerpt":{"rendered":"<p>A Magyar Polg\u00e1ri P\u00e1rt K\u00f6zlem\u00e9nye a Sz\u00e9kely jelk\u00e9pek haszn\u00e1lata v\u00e9delm\u00e9ben\u00a0<\/p>\n","protected":false},"author":1,"featured_media":20206,"comment_status":"open","ping_status":"closed","sticky":false,"template":"","format":"standard","meta":[],"categories":[18],"tags":[],"_links":{"self":[{"href":"https:\/\/gazdasagportal.hu\/index.php\/wp-json\/wp\/v2\/posts\/20204"}],"collection":[{"href":"https:\/\/gazdasagportal.hu\/index.php\/wp-json\/wp\/v2\/posts"}],"about":[{"href":"https:\/\/gazdasagportal.hu\/index.php\/wp-json\/wp\/v2\/types\/post"}],"author":[{"embeddable":true,"href":"https:\/\/gazdasagportal.hu\/index.php\/wp-json\/wp\/v2\/users\/1"}],"replies":[{"embeddable":true,"href":"https:\/\/gazdasagportal.hu\/index.php\/wp-json\/wp\/v2\/comments?post=20204"}],"version-history":[{"count":1,"href":"https:\/\/gazdasagportal.hu\/index.php\/wp-json\/wp\/v2\/posts\/20204\/revisions"}],"predecessor-version":[{"id":20207,"href":"https:\/\/gazdasagportal.hu\/index.php\/wp-json\/wp\/v2\/posts\/20204\/revisions\/20207"}],"wp:featuredmedia":[{"embeddable":true,"href":"https:\/\/gazdasagportal.hu\/index.php\/wp-json\/wp\/v2\/media\/20206"}],"wp:attachment":[{"href":"https:\/\/gazdasagportal.hu\/index.php\/wp-json\/wp\/v2\/media?parent=20204"}],"wp:term":[{"taxonomy":"category","embeddable":true,"href":"https:\/\/gazdasagportal.hu\/index.php\/wp-json\/wp\/v2\/categories?post=20204"},{"taxonomy":"post_tag","embeddable":true,"href":"https:\/\/gazdasagportal.hu\/index.php\/wp-json\/wp\/v2\/tags?post=20204"}],"curies":[{"name":"wp","href":"https:\/\/api.w.org\/{rel}","templated":true}]}}