{"id":20113,"date":"2013-11-01T06:40:49","date_gmt":"2013-11-01T05:40:49","guid":{"rendered":"http:\/\/stockportal.hu\/?p=20113"},"modified":"2013-11-01T06:40:49","modified_gmt":"2013-11-01T05:40:49","slug":"sziria-izraeli-gepek-mertek-legicsapast-sziriai-celpontra","status":"publish","type":"post","link":"https:\/\/gazdasagportal.hu\/index.php\/sziria-izraeli-gepek-mertek-legicsapast-sziriai-celpontra\/","title":{"rendered":"Sz\u00edria &#8211; Izraeli g\u00e9pek m\u00e9rtek l\u00e9gicsap\u00e1st sz\u00edriai c\u00e9lpontra"},"content":{"rendered":"<p><strong>Izraeli harci g\u00e9pek m\u00e9rtek l\u00e9gicsap\u00e1st szerda \u00e9jjel a F\u00f6ldk\u00f6zi-tenger partj\u00e1n fekv\u0151 Latakia v\u00e1ros\u00e1n\u00e1l egy l\u00e9gv\u00e9delmi \u00e9s rak\u00e9tat\u00e1maszpontra &#8211; er\u0151s\u00edtette meg a CNN-ek nyilatkozva az amerikai korm\u00e1ny egyik illet\u00e9kese.<!--more--><\/strong><\/p>\n<p>A n\u00e9vtelen\u00fcl nyilatkoz\u00f3 tisztvisel\u0151 szerint a c\u00e9lpont egy katonai rakt\u00e1r volt, ahol rak\u00e9t\u00e1kat \u00e9s m\u00e1s katonai berendez\u00e9seket t\u00e1roltak. Izrael att\u00f3l tartott, hogy a fegyvereket \u00e1tadj\u00e1k a Hezbollah libanoni s\u00edita csoportnak.<br \/>\nAz izraeli hadsereg sz\u00f3viv\u0151je nem komment\u00e1lta a washingtoni illet\u00e9kes szavait.<br \/>\nCs\u00fct\u00f6rt\u00f6ki sajt\u00f3\u00e9rtes\u00fcl\u00e9sek szerint el\u0151z\u0151 nap \u00e9jjel hatalmas robban\u00e1s t\u00f6rt\u00e9nt a Lataki\u00e1t\u00f3l 30 kilom\u00e9terrel d\u00e9lre l\u00e9v\u0151 Dzsable telep\u00fcl\u00e9s melletti katonai t\u00e1maszponton. El\u0151tte hat izraeli harci g\u00e9pet l\u00e1ttak k\u00f6r\u00f6zni a t\u00e9rs\u00e9gben, D\u00e9l-Libanon l\u00e9gter\u00e9ben. Szemtan\u00fak szerint a g\u00e9pek a tenger fel\u0151l l\u0151tt\u00e9k ki rak\u00e9t\u00e1ikat a katonai l\u00e9tes\u00edtm\u00e9nyre.<br \/>\nEgy sz\u00edriai emberi jogi szervezet \u00e9rtes\u00fcl\u00e9sei szerint a robban\u00e1s nem k\u00f6vetelt \u00e1ldozatokat. A sz\u00edriai \u00e9s a libanoni m\u00e9di\u00e1ban Izraelt v\u00e1dolt\u00e1k az akci\u00f3 elk\u00f6vet\u00e9s\u00e9vel.<br \/>\nAz izraeli l\u00e9gier\u0151 j\u00falius elej\u00e9n m\u00e1r megt\u00e1madt egy latakiai katonai t\u00e1maszpontot, \u00e9s megsemmis\u00edtett a nem sokkal azel\u0151tt oda sz\u00e1ll\u00edtott orosz rak\u00e9t\u00e1kat.(MTI)<\/p>\n","protected":false},"excerpt":{"rendered":"<p>Izraeli harci g\u00e9pek m\u00e9rtek l\u00e9gicsap\u00e1st szerda \u00e9jjel a F\u00f6ldk\u00f6zi-tenger partj\u00e1n fekv\u0151 Latakia v\u00e1ros\u00e1n\u00e1l egy l\u00e9gv\u00e9delmi \u00e9s rak\u00e9tat\u00e1maszpontra &#8211; er\u0151s\u00edtette meg a CNN-ek nyilatkozva az amerikai korm\u00e1ny egyik illet\u00e9kese.<\/p>\n","protected":false},"author":1,"featured_media":1306,"comment_status":"open","ping_status":"closed","sticky":false,"template":"","format":"standard","meta":[],"categories":[16,116],"tags":[],"_links":{"self":[{"href":"https:\/\/gazdasagportal.hu\/index.php\/wp-json\/wp\/v2\/posts\/20113"}],"collection":[{"href":"https:\/\/gazdasagportal.hu\/index.php\/wp-json\/wp\/v2\/posts"}],"about":[{"href":"https:\/\/gazdasagportal.hu\/index.php\/wp-json\/wp\/v2\/types\/post"}],"author":[{"embeddable":true,"href":"https:\/\/gazdasagportal.hu\/index.php\/wp-json\/wp\/v2\/users\/1"}],"replies":[{"embeddable":true,"href":"https:\/\/gazdasagportal.hu\/index.php\/wp-json\/wp\/v2\/comments?post=20113"}],"version-history":[{"count":1,"href":"https:\/\/gazdasagportal.hu\/index.php\/wp-json\/wp\/v2\/posts\/20113\/revisions"}],"predecessor-version":[{"id":20114,"href":"https:\/\/gazdasagportal.hu\/index.php\/wp-json\/wp\/v2\/posts\/20113\/revisions\/20114"}],"wp:featuredmedia":[{"embeddable":true,"href":"https:\/\/gazdasagportal.hu\/index.php\/wp-json\/wp\/v2\/media\/1306"}],"wp:attachment":[{"href":"https:\/\/gazdasagportal.hu\/index.php\/wp-json\/wp\/v2\/media?parent=20113"}],"wp:term":[{"taxonomy":"category","embeddable":true,"href":"https:\/\/gazdasagportal.hu\/index.php\/wp-json\/wp\/v2\/categories?post=20113"},{"taxonomy":"post_tag","embeddable":true,"href":"https:\/\/gazdasagportal.hu\/index.php\/wp-json\/wp\/v2\/tags?post=20113"}],"curies":[{"name":"wp","href":"https:\/\/api.w.org\/{rel}","templated":true}]}}