{"id":20086,"date":"2013-10-31T15:19:33","date_gmt":"2013-10-31T14:19:33","guid":{"rendered":"http:\/\/stockportal.hu\/?p=20086"},"modified":"2013-10-31T15:21:06","modified_gmt":"2013-10-31T14:21:06","slug":"gyorsjelentes-mar-nem-is-olyan-meno-a-facebook","status":"publish","type":"post","link":"https:\/\/gazdasagportal.hu\/index.php\/gyorsjelentes-mar-nem-is-olyan-meno-a-facebook\/","title":{"rendered":"Gyorsjelent\u00e9s &#8211; M\u00e1r nem is olyan men\u0151 a Facebook"},"content":{"rendered":"<p><strong>A rosszabb felhaszn\u00e1l\u00f3i \u00e9lm\u00e9ny \u00e9s a hirdet\u00e9sek miatt egyre kevesebb fiatal Facebookozik. 60 sz\u00e1zal\u00e9kkal n\u0151tt a Facebook \u00e1rbev\u00e9tele, k\u00f6sz\u00f6nhet\u0151en a mobil hirdet\u00e9sek megugr\u00f3 ar\u00e1ny\u00e1nak, valamint a csak okostelefonokr\u00f3l internetez\u0151 felhaszn\u00e1l\u00f3knak. <\/strong><!--more--><\/p>\n<p>&nbsp;<br \/>\n<object width=\"512\" height=\"288\" data=\"http:\/\/gazdasagtv.hu\/embed\/?id=6022\" type=\"application\/x-shockwave-flash\"><param value=\"http:\/\/gazdasagtv.hu\/embed\/?id=6022\" name=\"data\"><param value=\"http:\/\/gazdasagtv.hu\/embed\/?id=6022\" name=\"src\"><param value=\"false\" name=\"menu\"><param value=\"high\" name=\"quality\"><param value=\"#000000\" name=\"bgcolor\"><param value=\"transparent\" name=\"wmode\"><param value=\"file=http:\/\/88.151.99.192\/video\/2013-10-31\/gtv-tozsdelive-kbc-2013-10-31-hd.mp4&#038;image=http:\/\/88.151.99.192\/image\/gen\/2013-10-31\/6022.jpg&#038;showdigits=true&#038;autostart=false&#038;repeat=false&#038;dock=true&#038;controlbar=over&#038;plugins=http:\/\/plugins.longtailvideo.com\/yourlytics-1.swf,timeslidertooltipplugin-2&#038;skin=http:\/\/gazdasagtv.hu\/swf\/skin.zip\" name=\"flashvars\"><\/object><br \/>Forr\u00e1s: <a href=\"http:\/\/gazdasagtv.hu\" style=\"color: #df1100; font-weight: bold; text-decoration: none;\" target=\"_blank\" rel=\"noopener\">Gazdas\u00e1gTV.hu<\/a><\/p>\n","protected":false},"excerpt":{"rendered":"<p>A rosszabb felhaszn\u00e1l\u00f3i \u00e9lm\u00e9ny \u00e9s a hirdet\u00e9sek miatt egyre kevesebb fiatal Facebookozik. 60 sz\u00e1zal\u00e9kkal n\u0151tt a Facebook \u00e1rbev\u00e9tele, k\u00f6sz\u00f6nhet\u0151en a mobil hirdet\u00e9sek megugr\u00f3 ar\u00e1ny\u00e1nak, valamint a csak okostelefonokr\u00f3l internetez\u0151 felhaszn\u00e1l\u00f3knak.<\/p>\n","protected":false},"author":1,"featured_media":20088,"comment_status":"open","ping_status":"closed","sticky":false,"template":"","format":"standard","meta":[],"categories":[128,8,122],"tags":[],"_links":{"self":[{"href":"https:\/\/gazdasagportal.hu\/index.php\/wp-json\/wp\/v2\/posts\/20086"}],"collection":[{"href":"https:\/\/gazdasagportal.hu\/index.php\/wp-json\/wp\/v2\/posts"}],"about":[{"href":"https:\/\/gazdasagportal.hu\/index.php\/wp-json\/wp\/v2\/types\/post"}],"author":[{"embeddable":true,"href":"https:\/\/gazdasagportal.hu\/index.php\/wp-json\/wp\/v2\/users\/1"}],"replies":[{"embeddable":true,"href":"https:\/\/gazdasagportal.hu\/index.php\/wp-json\/wp\/v2\/comments?post=20086"}],"version-history":[{"count":1,"href":"https:\/\/gazdasagportal.hu\/index.php\/wp-json\/wp\/v2\/posts\/20086\/revisions"}],"predecessor-version":[{"id":20087,"href":"https:\/\/gazdasagportal.hu\/index.php\/wp-json\/wp\/v2\/posts\/20086\/revisions\/20087"}],"wp:featuredmedia":[{"embeddable":true,"href":"https:\/\/gazdasagportal.hu\/index.php\/wp-json\/wp\/v2\/media\/20088"}],"wp:attachment":[{"href":"https:\/\/gazdasagportal.hu\/index.php\/wp-json\/wp\/v2\/media?parent=20086"}],"wp:term":[{"taxonomy":"category","embeddable":true,"href":"https:\/\/gazdasagportal.hu\/index.php\/wp-json\/wp\/v2\/categories?post=20086"},{"taxonomy":"post_tag","embeddable":true,"href":"https:\/\/gazdasagportal.hu\/index.php\/wp-json\/wp\/v2\/tags?post=20086"}],"curies":[{"name":"wp","href":"https:\/\/api.w.org\/{rel}","templated":true}]}}