{"id":20084,"date":"2013-10-31T15:26:47","date_gmt":"2013-10-31T14:26:47","guid":{"rendered":"http:\/\/stockportal.hu\/?p=20084"},"modified":"2013-10-31T16:18:18","modified_gmt":"2013-10-31T15:18:18","slug":"londoni-elemzok-joval-1-szazalek-alatti-ev-vegi-magyar-inflacio-varhato","status":"publish","type":"post","link":"https:\/\/gazdasagportal.hu\/index.php\/londoni-elemzok-joval-1-szazalek-alatti-ev-vegi-magyar-inflacio-varhato\/","title":{"rendered":"Londoni elemz\u0151k: j\u00f3val 1 sz\u00e1zal\u00e9k alatti \u00e9v v\u00e9gi magyar infl\u00e1ci\u00f3 v\u00e1rhat\u00f3"},"content":{"rendered":"<p><strong>Az \u00e9v v\u00e9g\u00e9re v\u00e1rhat\u00f3an j\u00f3val 1 sz\u00e1zal\u00e9k al\u00e1 cs\u00f6kken Magyarorsz\u00e1gon az \u00e9ves \u00f6sszevet\u00e9sben sz\u00e1molt infl\u00e1ci\u00f3s \u00fctem &#8211; j\u00f3solt\u00e1k cs\u00fct\u00f6rt\u00f6ki t\u00e9rs\u00e9gi el\u0151rejelz\u00e9s\u00fckben londoni p\u00e9nz\u00fcgyi elemz\u0151k.<!--more--><\/strong><\/p>\n<p>A Goldman Sachs (GS) glob\u00e1lis p\u00e9nz\u00fcgyi szolg\u00e1ltat\u00f3 csoport londoni befektet\u00e9si r\u00e9szleg\u00e9nek k\u00f6zgazd\u00e1szai a felz\u00e1rk\u00f3z\u00f3 t\u00e9rs\u00e9g infl\u00e1ci\u00f3s folyamatair\u00f3l befektet\u0151knek \u00f6ssze\u00e1ll\u00edtott progn\u00f3zisukban kimutatt\u00e1k, hogy az \u00e1ltaluk vizsg\u00e1lt csoportban &#8211; Magyarorsz\u00e1gon, Csehorsz\u00e1gban, Lengyelorsz\u00e1gban, Oroszorsz\u00e1gban, T\u00f6r\u00f6korsz\u00e1gban, D\u00e9l-Afrik\u00e1ban \u00e9s Izraelben &#8211; \u00e1tlagosan 0,3 sz\u00e1zal\u00e9kponttal cs\u00f6kkent szeptemberben a teljes kos\u00e1rra sz\u00e1molt infl\u00e1ci\u00f3 \u00e9ves \u00fcteme.<br \/>\nA Goldman Sachs m\u00e9r\u00e9si m\u00f3dszere azt mutatja, hogy ebben a csoportban az infl\u00e1ci\u00f3s lend\u00fclet t\u00f6bb havi emelked\u00e9s ut\u00e1n m\u00e1ra j\u00f3r\u00e9szt stabiliz\u00e1l\u00f3dott.<br \/>\nA h\u00e1z el\u0151rejelz\u00e9si modellje szerint az \u00e9v v\u00e9g\u00e9ig viszont sz\u00e9ttart\u00f3 infl\u00e1ci\u00f3s p\u00e1ly\u00e1k v\u00e1rhat\u00f3k a vizsg\u00e1lt orsz\u00e1gcsoportban: a GS londoni elemz\u0151i Izraelben 0,6, Lengyelorsz\u00e1gban 0,3 sz\u00e1zal\u00e9kponttal magasabb \u00e9v v\u00e9gi infl\u00e1ci\u00f3t v\u00e1rnak a legut\u00f3bb m\u00e9rt \u00fctemekn\u00e9l, Magyarorsz\u00e1gon ugyanakkor a k\u00f6zm\u0171d\u00edjak cs\u00f6kken\u00e9se r\u00e9v\u00e9n a c\u00e9g a szeptemberin\u00e9l 0,8 sz\u00e1zal\u00e9kponttal alacsonyabb, mind\u00f6ssze 0,6 sz\u00e1zal\u00e9kos tizenk\u00e9t havi infl\u00e1ci\u00f3val sz\u00e1mol 2013 v\u00e9g\u00e9n.<br \/>\nA Goldman Sachs londoni szak\u00e9rt\u0151i elismerik, hogy ez az el\u0151rejelz\u00e9s messze elmarad a londoni konszenzusos \u00e1tlagt\u00f3l, amely 1,9 sz\u00e1zal\u00e9kos \u00e9ves magyarorsz\u00e1gi infl\u00e1ci\u00f3t val\u00f3sz\u00edn\u0171s\u00edt az idei \u00e9v v\u00e9g\u00e9re.<br \/>\nA progn\u00f3zis a sz\u0171kebb t\u00e9rs\u00e9gen bel\u00fcl is a legalacsonyabb: a GS elemz\u0151i Csehorsz\u00e1gban 1,8 sz\u00e1zal\u00e9kos, Lengyelorsz\u00e1gban 1,3 sz\u00e1zal\u00e9kos tizenk\u00e9t havi infl\u00e1ci\u00f3t j\u00f3solnak 2013 december\u00e9re.<br \/>\nAz 1 sz\u00e1zal\u00e9k k\u00f6r\u00fcli, illetve ez alatti magyarorsz\u00e1gi infl\u00e1ci\u00f3 m\u00e1s nagy londoni h\u00e1zak el\u0151rejelz\u00e9seiben is szerepel.<br \/>\nA JP Morgan glob\u00e1lis p\u00e9nz\u00fcgyi szolg\u00e1ltat\u00f3 csoport londoni befektet\u00e9si r\u00e9szleg\u00e9nek szakelemz\u0151i a legut\u00f3bbi infl\u00e1ci\u00f3s adatok ut\u00e1ni \u00e9rt\u00e9kel\u00e9s\u00fckben k\u00f6z\u00f6lt\u00e9k: v\u00e1rakoz\u00e1suk szerint a magyarorsz\u00e1gi \u00e9ves infl\u00e1ci\u00f3 2013 v\u00e9g\u00e9re val\u00f3sz\u00edn\u0171leg 1 sz\u00e1zal\u00e9k k\u00f6r\u00fcli szintig lassul, \u00e9s v\u00e1rhat\u00f3an 2 sz\u00e1zal\u00e9k alatt marad 2014 els\u0151 fel\u00e9ben is.<br \/>\nA 4cast nev\u0171 londoni p\u00e9nz\u00fcgyi-gazdas\u00e1gi elemz\u0151c\u00e9g k\u00f6zgazd\u00e1szai nem adtak pontos sz\u00e1mszer\u0171 becsl\u00e9st, \u00e1m a szeptemberi infl\u00e1ci\u00f3s adatokat \u00e9rt\u00e9kel\u0151 elemz\u00e9s\u00fckben azt j\u00f3solt\u00e1k, hogy a h\u00e1ztart\u00e1si energia\u00e1rak \u00fajabb cs\u00f6kkent\u00e9se az idei \u00e9v v\u00e9g\u00e9ig &#8222;j\u00f3val 1 sz\u00e1zal\u00e9k al\u00e1&#8221; viszi a tizenk\u00e9t havi magyarorsz\u00e1gi infl\u00e1ci\u00f3t.<br \/>\nEbben az infl\u00e1ci\u00f3s k\u00f6rnyezetben egyes citybeli elemz\u0151i v\u00e9lem\u00e9nyek szerint elk\u00e9pzelhet\u0151, hogy a Magyar Nemzeti Bank (MNB) 3,00 sz\u00e1zal\u00e9k al\u00e1 cs\u00f6kkenti alapkamat\u00e1t a jelenlegi enyh\u00edt\u00e9si ciklusban.<br \/>\nA Morgan Stanley bankcsoport londoni befektet\u00e9si r\u00e9szleg\u00e9nek elemz\u0151i legut\u00f3bbi el\u0151rejelz\u00e9s\u00fckben k\u00f6z\u00f6lt\u00e9k: v\u00e9lem\u00e9ny\u00fck szerint a magyarorsz\u00e1gi infl\u00e1ci\u00f3 a k\u00f6vetkez\u0151 hat h\u00f3napban is az 1-1,5 sz\u00e1zal\u00e9kos s\u00e1vban ingadozik, \u00e9s ebben a k\u00f6rnyezetben &#8222;a legkisebb ellen\u00e1ll\u00e1s ir\u00e1ny\u00e1t&#8221; a tov\u00e1bbi kamatcs\u00f6kkent\u00e9sek jelentik.<br \/>\nA Morgan Stanley londoni elemz\u0151i szerint &#8222;nem mag\u00e1t\u00f3l \u00e9rtet\u0151d\u0151&#8221;, hogy a monet\u00e1ris tan\u00e1cs a 3,00 sz\u00e1zal\u00e9kos alapkamat el\u00e9r\u00e9se ut\u00e1n meg\u00e1ll, tekintettel arra, hogy a test\u00fclet &#8222;komforts\u00e1vja&#8221; a kamatszintet illet\u0151en fokozatosan egyre lejjebb ker\u00fcl.<br \/>\n&#8222;Egy \u00e9ve m\u00e9g \u00fagy \u00e9rezt\u00fck, hogy a monet\u00e1ris tan\u00e1cs legal\u00e1bb 1 sz\u00e1zal\u00e9kos pozit\u00edv re\u00e1lkamatot tartani akar, (&#8230;) most m\u00e1r \u00fagy gondoljuk, hogy az MNB enn\u00e9l alacsonyabb re\u00e1lkamattal is megel\u00e9gszik, mindaddig, am\u00edg a re\u00e1lkamat pozit\u00edv&#8221; &#8211; fogalmaztak a Morgan Stanley szak\u00e9rt\u0151i.<br \/>\nA h\u00e1z szerint 2 sz\u00e1zal\u00e9k alatti infl\u00e1ci\u00f3 eset\u00e9n ez azt is jelentheti, hogy 2014 elej\u00e9n a nomin\u00e1lis jegybanki kamat 3 sz\u00e1zal\u00e9k al\u00e1 ker\u00fclhet, ha a k\u00fcls\u0151 kock\u00e1zati k\u00f6rnyezet ezt megengedi. (MTI)<\/p>\n","protected":false},"excerpt":{"rendered":"<p>Az \u00e9v v\u00e9g\u00e9re v\u00e1rhat\u00f3an j\u00f3val 1 sz\u00e1zal\u00e9k al\u00e1 cs\u00f6kken Magyarorsz\u00e1gon az \u00e9ves \u00f6sszevet\u00e9sben sz\u00e1molt infl\u00e1ci\u00f3s \u00fctem &#8211; j\u00f3solt\u00e1k cs\u00fct\u00f6rt\u00f6ki t\u00e9rs\u00e9gi el\u0151rejelz\u00e9s\u00fckben londoni p\u00e9nz\u00fcgyi elemz\u0151k.<\/p>\n","protected":false},"author":1,"featured_media":0,"comment_status":"open","ping_status":"closed","sticky":false,"template":"","format":"standard","meta":[],"categories":[19],"tags":[],"_links":{"self":[{"href":"https:\/\/gazdasagportal.hu\/index.php\/wp-json\/wp\/v2\/posts\/20084"}],"collection":[{"href":"https:\/\/gazdasagportal.hu\/index.php\/wp-json\/wp\/v2\/posts"}],"about":[{"href":"https:\/\/gazdasagportal.hu\/index.php\/wp-json\/wp\/v2\/types\/post"}],"author":[{"embeddable":true,"href":"https:\/\/gazdasagportal.hu\/index.php\/wp-json\/wp\/v2\/users\/1"}],"replies":[{"embeddable":true,"href":"https:\/\/gazdasagportal.hu\/index.php\/wp-json\/wp\/v2\/comments?post=20084"}],"version-history":[{"count":1,"href":"https:\/\/gazdasagportal.hu\/index.php\/wp-json\/wp\/v2\/posts\/20084\/revisions"}],"predecessor-version":[{"id":20094,"href":"https:\/\/gazdasagportal.hu\/index.php\/wp-json\/wp\/v2\/posts\/20084\/revisions\/20094"}],"wp:attachment":[{"href":"https:\/\/gazdasagportal.hu\/index.php\/wp-json\/wp\/v2\/media?parent=20084"}],"wp:term":[{"taxonomy":"category","embeddable":true,"href":"https:\/\/gazdasagportal.hu\/index.php\/wp-json\/wp\/v2\/categories?post=20084"},{"taxonomy":"post_tag","embeddable":true,"href":"https:\/\/gazdasagportal.hu\/index.php\/wp-json\/wp\/v2\/tags?post=20084"}],"curies":[{"name":"wp","href":"https:\/\/api.w.org\/{rel}","templated":true}]}}