{"id":20067,"date":"2013-10-31T12:52:55","date_gmt":"2013-10-31T11:52:55","guid":{"rendered":"http:\/\/stockportal.hu\/?p=20067"},"modified":"2013-10-31T13:32:06","modified_gmt":"2013-10-31T12:32:06","slug":"devizahitelek-varga-jogi-rendezettseg-nelkul-nincs-gazdasagi-megoldas","status":"publish","type":"post","link":"https:\/\/gazdasagportal.hu\/index.php\/devizahitelek-varga-jogi-rendezettseg-nelkul-nincs-gazdasagi-megoldas\/","title":{"rendered":"Devizahitelek &#8211; Varga: jogi rendezetts\u00e9g n\u00e9lk\u00fcl nincs gazdas\u00e1gi megold\u00e1s"},"content":{"rendered":"<p><strong>A korm\u00e1ny szerd\u00e1n megbesz\u00e9l\u00e9st folytatott a devizahitelesek helyzet\u00e9nek rendez\u00e9s\u00e9r\u0151l, \u00e9s arra jutott, hogy csak a jogi felt\u00e9telek tiszt\u00e1z\u00f3d\u00e1sa ut\u00e1n lehet a k\u00e9rd\u00e9st gazdas\u00e1gilag is rendezni &#8211; mondta a nemzetgazdas\u00e1gi miniszter sajt\u00f3t\u00e1j\u00e9koztat\u00f3n, cs\u00fct\u00f6rt\u00f6k\u00f6n Budapesten.<!--more--><\/strong><\/p>\n<p><span id=\"ctl05_lbBody\">Varga Mih\u00e1ly jelezte: a jogi bizonytalans\u00e1g az ut\u00f3bbi id\u0151ben e t\u00e9m\u00e1ban sz\u00fcletett ellent\u00e9tes b\u00edr\u00f3i d\u00f6nt\u00e9sek miatt alakult ki.<br \/>\nArra a k\u00e9rd\u00e9sre, hogy mikor sz\u00fclethet megold\u00e1s a devizahitelek \u00fcgy\u00e9ben, nem adott egy\u00e9rtelm\u0171 id\u0151pontot, megism\u00e9telve, hogy el\u0151bb a jogszab\u00e1lyi bizonytalans\u00e1got kell rendezni.<br \/>\nA miniszter szerint sokf\u00e9le gazdas\u00e1gi megold\u00e1s l\u00e9tezik arra, hogy hogyan lehet a deviz\u00e1ban elad\u00f3sodott \u00e9s neh\u00e9z helyzetbe ker\u00fclt \u00fcgyfeleken &#8211; mag\u00e1nszem\u00e9lyeken \u00e9s v\u00e1llalkoz\u00e1sokon &#8211; seg\u00edteni. Hangs\u00falyozta: a jogi bizonytalans\u00e1got azonban a korm\u00e1ny egymag\u00e1ban nem tudja megoldani. A korm\u00e1ny t\u00f6rekv\u00e9se v\u00e1ltozatlanul az, hogy miel\u0151bb megold\u00e1s sz\u00fclessen, de ezt csak akkor tudja el\u00e9rni, ha biztos\u00edtott, hogy a korm\u00e1ny \u00e1ltal hozott gazdas\u00e1gi megold\u00e1s jogszab\u00e1lyi oldalr\u00f3l is megfelel\u0151 t\u00e1maszt kap.<br \/>\nHozz\u00e1tette, tov\u00e1bbi szakmai megbesz\u00e9l\u00e9sekre van sz\u00fcks\u00e9g. Ez\u00e9rt a korm\u00e1ny konzult\u00e1ci\u00f3t kezd &#8211; a nemzetgazdas\u00e1gi miniszter vezet\u00e9s\u00e9vel &#8211; a gazdas\u00e1gi szerepl\u0151kkel \u00e9s mindazokkal a partnerekkel, akiket a kor\u00e1bban felvett devizahitelek rossz k\u00f6vetkezm\u00e9nyei \u00e9rintenek.<br \/>\nA miniszter r\u00e1mutatott, a devizahitelek folyamatos bizonytalans\u00e1got jelentenek a gazdas\u00e1gban, \u00e9s mindenki abban \u00e9rdekelt, hogy miel\u0151bb megold\u00e1s sz\u00fclessen. Olyan megold\u00e1sra van sz\u00fcks\u00e9g, amely egyar\u00e1nt biztons\u00e1got ad az \u00fcgyfeleknek, a bankoknak \u00e9s az \u00e1llamnak is &#8211; sz\u00f6gezte le.<br \/>\nVarga Mih\u00e1ly besz\u00e9lt arr\u00f3l is, hogy a banksz\u00f6vets\u00e9g eddigi javaslatai nem alkalmasak arra, hogy a jogszab\u00e1lyi szint\u0171 m\u00f3dos\u00edt\u00e1s h\u00e1tter\u00e9t k\u00e9pezz\u00e9k, \u00edgy v\u00e9lem\u00e9nye szerint a bankoknak tov\u00e1bb kell dolgozniuk az \u00e1ll\u00e1spontjukon. Hozz\u00e1tette: a korm\u00e1ny azt szerette volna el\u00e9rni, hogy a bankok \u00e9s az \u00fcgyfelek k\u00f6z\u00f6tti szerz\u0151d\u00e9sek \u00fajrat\u00e1rgyal\u00e1sa megt\u00f6rt\u00e9njen, de ez elmaradt.<br \/>\nMeger\u0151s\u00edtette a korm\u00e1ny m\u00e1r kor\u00e1bban is hangoztatott elv\u00e1r\u00e1sait a devizahitelesek megseg\u00edt\u00e9s\u00e9vel kapcsolatban: egyr\u00e9szt, hogy a devizahitel mint p\u00e9nzpiaci term\u00e9k sz\u0171nj\u00f6n meg, m\u00e1sr\u00e9szt a forinthitelesek ne j\u00e1rjanak rosszabbul, mint a devizaad\u00f3sok.<br \/>\nHozz\u00e1tette azt is, a korm\u00e1ny a jegybank \u00e1ll\u00e1spontj\u00e1nak figyelembev\u00e9tel\u00e9vel nem sz\u00e1mol a devizatartal\u00e9k cs\u00f6kkent\u00e9s\u00e9vel, \u00e9s amennyiben sz\u00fcks\u00e9ges, a jegybank piaci \u00e1rfolyamon tud csak deviz\u00e1t adni a megold\u00e1shoz.<br \/>\n<\/span>(MTI)<\/p>\n","protected":false},"excerpt":{"rendered":"<p>A korm\u00e1ny szerd\u00e1n megbesz\u00e9l\u00e9st folytatott a devizahitelesek helyzet\u00e9nek rendez\u00e9s\u00e9r\u0151l, \u00e9s arra jutott, hogy csak a jogi felt\u00e9telek tiszt\u00e1z\u00f3d\u00e1sa ut\u00e1n lehet a k\u00e9rd\u00e9st gazdas\u00e1gilag is rendezni &#8211; mondta a nemzetgazdas\u00e1gi miniszter sajt\u00f3t\u00e1j\u00e9koztat\u00f3n, cs\u00fct\u00f6rt\u00f6k\u00f6n Budapesten.<\/p>\n","protected":false},"author":1,"featured_media":0,"comment_status":"open","ping_status":"closed","sticky":false,"template":"","format":"standard","meta":[],"categories":[19,112],"tags":[],"_links":{"self":[{"href":"https:\/\/gazdasagportal.hu\/index.php\/wp-json\/wp\/v2\/posts\/20067"}],"collection":[{"href":"https:\/\/gazdasagportal.hu\/index.php\/wp-json\/wp\/v2\/posts"}],"about":[{"href":"https:\/\/gazdasagportal.hu\/index.php\/wp-json\/wp\/v2\/types\/post"}],"author":[{"embeddable":true,"href":"https:\/\/gazdasagportal.hu\/index.php\/wp-json\/wp\/v2\/users\/1"}],"replies":[{"embeddable":true,"href":"https:\/\/gazdasagportal.hu\/index.php\/wp-json\/wp\/v2\/comments?post=20067"}],"version-history":[{"count":2,"href":"https:\/\/gazdasagportal.hu\/index.php\/wp-json\/wp\/v2\/posts\/20067\/revisions"}],"predecessor-version":[{"id":20071,"href":"https:\/\/gazdasagportal.hu\/index.php\/wp-json\/wp\/v2\/posts\/20067\/revisions\/20071"}],"wp:attachment":[{"href":"https:\/\/gazdasagportal.hu\/index.php\/wp-json\/wp\/v2\/media?parent=20067"}],"wp:term":[{"taxonomy":"category","embeddable":true,"href":"https:\/\/gazdasagportal.hu\/index.php\/wp-json\/wp\/v2\/categories?post=20067"},{"taxonomy":"post_tag","embeddable":true,"href":"https:\/\/gazdasagportal.hu\/index.php\/wp-json\/wp\/v2\/tags?post=20067"}],"curies":[{"name":"wp","href":"https:\/\/api.w.org\/{rel}","templated":true}]}}