{"id":20065,"date":"2013-10-31T12:17:11","date_gmt":"2013-10-31T11:17:11","guid":{"rendered":"http:\/\/stockportal.hu\/?p=20065"},"modified":"2013-10-31T12:17:11","modified_gmt":"2013-10-31T11:17:11","slug":"sziria-hatalmas-robbanast-lattak-egy-sziriai-legvedelmi-tamaszponton","status":"publish","type":"post","link":"https:\/\/gazdasagportal.hu\/index.php\/sziria-hatalmas-robbanast-lattak-egy-sziriai-legvedelmi-tamaszponton\/","title":{"rendered":"Sz\u00edria &#8211; Hatalmas robban\u00e1st l\u00e1ttak egy sz\u00edriai l\u00e9gv\u00e9delmi t\u00e1maszponton"},"content":{"rendered":"<p><strong>Hatalmas robban\u00e1st l\u00e1ttak szerda \u00e9jjel a F\u00f6ldk\u00f6zi-tenger partj\u00e1n fekv\u0151 Latakia v\u00e1rost\u00f3l d\u00e9lre, a sz\u00edriai hadsereg egyik l\u00e9gv\u00e9delmi \u00e9s rak\u00e9tat\u00e1maszpontj\u00e1n\u00e1l \u2013 k\u00f6z\u00f6lt\u00e9k izraeli m\u00e9diaforr\u00e1sok.<!--more--><\/strong><\/p>\n<p>A robban\u00e1s el\u0151tt hat izraeli harci g\u00e9pet l\u00e1ttak k\u00f6r\u00f6zni D\u00e9l-Libanon felett &#8211; \u00e1ll\u00edtj\u00e1k libanoni m\u00e9diumok. Szemtan\u00fak szerint a tenger fel\u0151l l\u0151tt\u00e9k rak\u00e9t\u00e1val a Lataki\u00e1t\u00f3l 30 kilom\u00e9terrel d\u00e9lre l\u00e9v\u0151 Dzsable telep\u00fcl\u00e9s melletti katonai l\u00e9tes\u00edtm\u00e9nyt.<br \/>\nEgy sz\u00edriai emberi jogi szervezet \u00e9rtes\u00fcl\u00e9sei szerint a robban\u00e1s nem k\u00f6vetelt \u00e1ldozatokat. A sz\u00edriai \u00e9s a libanoni m\u00e9di\u00e1ban Izraelt v\u00e1dolj\u00e1k az akci\u00f3val.<br \/>\nJ\u00falius elej\u00e9n m\u00e1r megt\u00e1madtak egy Latakia melletti katonai t\u00e1maszpontot, \u00e9s megsemmis\u00edtett\u00e9k a nem sokkal azel\u0151tt oda sz\u00e1ll\u00edtott orosz rak\u00e9t\u00e1kat. Ezt az akci\u00f3t nem v\u00e1llalta sem Izrael, sem a sz\u00edriai felkel\u0151k. (MTI)<\/p>\n","protected":false},"excerpt":{"rendered":"<p>Hatalmas robban\u00e1st l\u00e1ttak szerda \u00e9jjel a F\u00f6ldk\u00f6zi-tenger partj\u00e1n fekv\u0151 Latakia v\u00e1rost\u00f3l d\u00e9lre, a sz\u00edriai hadsereg egyik l\u00e9gv\u00e9delmi \u00e9s rak\u00e9tat\u00e1maszpontj\u00e1n\u00e1l \u2013 k\u00f6z\u00f6lt\u00e9k izraeli m\u00e9diaforr\u00e1sok.<\/p>\n","protected":false},"author":1,"featured_media":0,"comment_status":"open","ping_status":"closed","sticky":false,"template":"","format":"standard","meta":[],"categories":[16,116],"tags":[],"_links":{"self":[{"href":"https:\/\/gazdasagportal.hu\/index.php\/wp-json\/wp\/v2\/posts\/20065"}],"collection":[{"href":"https:\/\/gazdasagportal.hu\/index.php\/wp-json\/wp\/v2\/posts"}],"about":[{"href":"https:\/\/gazdasagportal.hu\/index.php\/wp-json\/wp\/v2\/types\/post"}],"author":[{"embeddable":true,"href":"https:\/\/gazdasagportal.hu\/index.php\/wp-json\/wp\/v2\/users\/1"}],"replies":[{"embeddable":true,"href":"https:\/\/gazdasagportal.hu\/index.php\/wp-json\/wp\/v2\/comments?post=20065"}],"version-history":[{"count":1,"href":"https:\/\/gazdasagportal.hu\/index.php\/wp-json\/wp\/v2\/posts\/20065\/revisions"}],"predecessor-version":[{"id":20066,"href":"https:\/\/gazdasagportal.hu\/index.php\/wp-json\/wp\/v2\/posts\/20065\/revisions\/20066"}],"wp:attachment":[{"href":"https:\/\/gazdasagportal.hu\/index.php\/wp-json\/wp\/v2\/media?parent=20065"}],"wp:term":[{"taxonomy":"category","embeddable":true,"href":"https:\/\/gazdasagportal.hu\/index.php\/wp-json\/wp\/v2\/categories?post=20065"},{"taxonomy":"post_tag","embeddable":true,"href":"https:\/\/gazdasagportal.hu\/index.php\/wp-json\/wp\/v2\/tags?post=20065"}],"curies":[{"name":"wp","href":"https:\/\/api.w.org\/{rel}","templated":true}]}}