{"id":19964,"date":"2013-10-30T16:02:12","date_gmt":"2013-10-30T15:02:12","guid":{"rendered":"http:\/\/stockportal.hu\/?p=19964"},"modified":"2013-10-30T16:02:12","modified_gmt":"2013-10-30T15:02:12","slug":"az-olasz-szenatus-nyilt-szavazassal-dont-berlusconirol","status":"publish","type":"post","link":"https:\/\/gazdasagportal.hu\/index.php\/az-olasz-szenatus-nyilt-szavazassal-dont-berlusconirol\/","title":{"rendered":"Az olasz szen\u00e1tus ny\u00edlt szavaz\u00e1ssal d\u00f6nt Berlusconir\u00f3l"},"content":{"rendered":"<p><strong>Az olasz fels\u0151h\u00e1z mentelmi bizotts\u00e1ga szerd\u00e1n \u00fagy hat\u00e1rozott, hogy a szen\u00e1tus nem titkos, hanem ny\u00edlt szavaz\u00e1ssal fog d\u00f6nteni az ad\u00f3csal\u00e1s\u00e9rt el\u00edt\u00e9lt Silvio Berlusconi volt korm\u00e1nyf\u0151, a jobbk\u00f6z\u00e9p Szabads\u00e1g N\u00e9pe (PdL) eln\u00f6ke mand\u00e1tum\u00e1nak visszavon\u00e1s\u00e1r\u00f3l.<!--more--><\/strong><\/p>\n<p>A kedd \u00f3ta tan\u00e1cskoz\u00f3 mentelmi bizotts\u00e1gban a PdL, az \u00c9szaki Liga \u00e9s a jobbk\u00f6z\u00e9p p\u00e1rtsz\u00f6vets\u00e9g m\u00e1s tagjai a titkos szavaz\u00e1st szorgalmazt\u00e1k. A ny\u00edlt szavaz\u00e1st a balk\u00f6z\u00e9p Demokrata P\u00e1rt (PD), a Baloldal, K\u00f6rnyezet, Szabads\u00e1g (Sel), az 5 Csillag Mozgalom (M5S) t\u00e1mogatta. Hatan szavaztak a titkos, hatan a ny\u00edlt szavaz\u00e1sra. V\u00e9g\u00fcl a Mario Monti alap\u00edtotta Polg\u00e1ri V\u00e1laszt\u00e1s (SC) centrump\u00e1rt lett a m\u00e9rleg nyelve, amely szint\u00e9n a ny\u00edlt szavaz\u00e1st t\u00e1mogatta.<br \/>\nElemz\u0151k szerint a titkos szavaz\u00e1s Berlusconinak kedvezhetett volna. A ny\u00edlt vokssal azonban a szen\u00e1tus Olaszorsz\u00e1g sz\u00edne el\u0151tt d\u00f6nt Berlusconi sors\u00e1r\u00f3l.<br \/>\nA volt n\u00e9gyszeres korm\u00e1nyf\u0151 parlamenti mand\u00e1tum\u00e1t visszavon\u00f3 szen\u00e1tusi szavaz\u00e1s id\u0151pontj\u00e1t egyel\u0151re nem t\u0171zt\u00e9k ki.<br \/>\nBerlusconi azonnali megbesz\u00e9l\u00e9st h\u00edvott \u00f6ssze p\u00e1rtja vezet\u0151s\u00e9g\u00e9vel. A PdL eln\u00f6ke lemondta az Angelino Alfano PdL-f\u0151titk\u00e1rral, bel\u00fcgyminiszterrel tervezett eb\u00e9det is. Munkat\u00e1rsai szerint Berlusconi kijelentette: &#8222;semmi k\u00f6z\u00f6m azokhoz, akik ezzel a korm\u00e1nnyal \u00f6ssze\u00e1llnak&#8221;. Alfano \u00e9s a PdL tov\u00e1bbi n\u00e9gy minisztere &#8211; Berlusconi korm\u00e1nybuktat\u00e1si utas\u00edt\u00e1sa ellen\u00e9re &#8211; okt\u00f3ber 2-\u00e1n bizalmat szavazott az Enrico Letta vezette korm\u00e1nynak. A PdL politikusok els\u0151 nyilatkozatai szerint a mentelmi bizotts\u00e1g hat\u00e1rozata ut\u00e1n fenn\u00e1ll az \u00fajabb korm\u00e1nybuktat\u00e1s vesz\u00e9lye.<br \/>\nBerlusconi m\u00e1r a Forza Italia (Hajr\u00e1 Olaszorsz\u00e1g) mozgalom p\u00e9nteki \u00fajj\u00e1ind\u00edt\u00e1sakor is \u00fagy fogalmazott, nem maradhat azokkal korm\u00e1nyon, akik kiz\u00e1rj\u00e1k a parlamentb\u0151l.<br \/>\nA mentelmi bizotts\u00e1g d\u00f6nt\u00e9s\u00e9t &#8222;az olasz demokr\u00e1cia s\u00f6t\u00e9t\u00a0\u00a0fejezet\u00e9nek&#8221; nevezte Renato Schifani a PdL, szen\u00e1tusi frakci\u00f3vezet\u0151je. Hozz\u00e1tette,\u00a0\u00a0a\u00a0\u00a0ny\u00edlt szavaz\u00e1s nem marad k\u00f6vetkezm\u00e9ny n\u00e9lk\u00fcl.<br \/>\nGianfranco Fini a PdL egykori sz\u00f6vets\u00e9gese, akit Berlusconi 2010-ben kiz\u00e1rt a p\u00e1rtb\u00f3l,\u00a0\u00a0a Corriere.it h\u00edrport\u00e1lon \u00fagy nyilatkozott, hogy h\u00fasz \u00e9v \u00f3ta el\u0151sz\u00f6r Berlusconi &#8222;nem fogja tudni meg\u00faszni&#8221;.<br \/>\nA semm\u00edt\u0151sz\u00e9k augusztus elsej\u00e9n ad\u00f3csal\u00e1s\u00e9rt egy \u00e9v let\u00f6ltend\u0151 b\u00f6rt\u00f6nb\u00fcntet\u00e9sre \u00edt\u00e9lte Berlusconit. A fels\u0151h\u00e1z mentelmi bizotts\u00e1ga okt\u00f3ber 4-\u00e9n\u00a0\u00a0d\u00f6nt\u00f6tt arr\u00f3l, hogy szen\u00e1tusi szavaz\u00e1sra bocs\u00e1tja a politikus mand\u00e1tum\u00e1nak visszavon\u00e1s\u00e1t. Az ad\u00f3csal\u00e1si \u00edt\u00e9let mell\u00e9kb\u00fcntet\u00e9sek\u00e9nt a mil\u00e1n\u00f3i m\u00e1sodfok\u00fa b\u00edr\u00f3s\u00e1g okt\u00f3ber 19-\u00e9n k\u00e9t \u00e9vre eltiltotta Silvio Berlusconit a k\u00f6z\u00fcgyekt\u0151l, ez azonban m\u00e9g nem joger\u0151s.(MTI)<\/p>\n","protected":false},"excerpt":{"rendered":"<p>Az olasz fels\u0151h\u00e1z mentelmi bizotts\u00e1ga szerd\u00e1n \u00fagy hat\u00e1rozott, hogy a szen\u00e1tus nem titkos, hanem ny\u00edlt szavaz\u00e1ssal fog d\u00f6nteni az ad\u00f3csal\u00e1s\u00e9rt el\u00edt\u00e9lt Silvio Berlusconi volt korm\u00e1nyf\u0151, a jobbk\u00f6z\u00e9p Szabads\u00e1g N\u00e9pe (PdL) eln\u00f6ke mand\u00e1tum\u00e1nak visszavon\u00e1s\u00e1r\u00f3l.<\/p>\n","protected":false},"author":1,"featured_media":18579,"comment_status":"open","ping_status":"closed","sticky":false,"template":"","format":"standard","meta":[],"categories":[12],"tags":[],"_links":{"self":[{"href":"https:\/\/gazdasagportal.hu\/index.php\/wp-json\/wp\/v2\/posts\/19964"}],"collection":[{"href":"https:\/\/gazdasagportal.hu\/index.php\/wp-json\/wp\/v2\/posts"}],"about":[{"href":"https:\/\/gazdasagportal.hu\/index.php\/wp-json\/wp\/v2\/types\/post"}],"author":[{"embeddable":true,"href":"https:\/\/gazdasagportal.hu\/index.php\/wp-json\/wp\/v2\/users\/1"}],"replies":[{"embeddable":true,"href":"https:\/\/gazdasagportal.hu\/index.php\/wp-json\/wp\/v2\/comments?post=19964"}],"version-history":[{"count":1,"href":"https:\/\/gazdasagportal.hu\/index.php\/wp-json\/wp\/v2\/posts\/19964\/revisions"}],"predecessor-version":[{"id":19965,"href":"https:\/\/gazdasagportal.hu\/index.php\/wp-json\/wp\/v2\/posts\/19964\/revisions\/19965"}],"wp:featuredmedia":[{"embeddable":true,"href":"https:\/\/gazdasagportal.hu\/index.php\/wp-json\/wp\/v2\/media\/18579"}],"wp:attachment":[{"href":"https:\/\/gazdasagportal.hu\/index.php\/wp-json\/wp\/v2\/media?parent=19964"}],"wp:term":[{"taxonomy":"category","embeddable":true,"href":"https:\/\/gazdasagportal.hu\/index.php\/wp-json\/wp\/v2\/categories?post=19964"},{"taxonomy":"post_tag","embeddable":true,"href":"https:\/\/gazdasagportal.hu\/index.php\/wp-json\/wp\/v2\/tags?post=19964"}],"curies":[{"name":"wp","href":"https:\/\/api.w.org\/{rel}","templated":true}]}}