{"id":19946,"date":"2013-10-30T13:57:10","date_gmt":"2013-10-30T12:57:10","guid":{"rendered":"http:\/\/stockportal.hu\/?p=19946"},"modified":"2013-10-30T13:57:10","modified_gmt":"2013-10-30T12:57:10","slug":"kinai-rendorseg-terrortamadas-tortent-a-tienanmen-teren","status":"publish","type":"post","link":"https:\/\/gazdasagportal.hu\/index.php\/kinai-rendorseg-terrortamadas-tortent-a-tienanmen-teren\/","title":{"rendered":"K\u00ednai rend\u0151rs\u00e9g: terrort\u00e1mad\u00e1s t\u00f6rt\u00e9nt a Tienanmen t\u00e9ren"},"content":{"rendered":"<p><strong>Terrort\u00e1mad\u00e1snak min\u0151s\u00edtette a k\u00ednai rend\u0151rs\u00e9g a hal\u00e1los \u00e1ldozatokkal j\u00e1r\u00f3 h\u00e9tf\u0151i Tienanmen t\u00e9ri aut\u00f3s incidenst. \u00d6t gyan\u00fas\u00edtottat azonos\u00edtottak \u00e9s \u0151rizetbe vettek &#8211; jelentette a f\u0151v\u00e1ros k\u00f6zbiztons\u00e1gi hivatal\u00e1nak t\u00e1j\u00e9koztat\u00e1sa nyom\u00e1n a k\u00ednai k\u00f6zponti \u00e1llami m\u00e9dia szerd\u00e1n.<!--more--><\/strong><\/p>\n<p>H\u00e9tf\u0151n egy hszincsiangi rendsz\u00e1m\u00fa terepj\u00e1r\u00f3 a j\u00e1rd\u00e1ra hajtott, s mintegy \u00f6tsz\u00e1z m\u00e9ter hosszan haladva, a gyalogosokat elsodorva k\u00f6zel\u00edtette meg a f\u0151v\u00e1ros k\u00f6zpontj\u00e1ban l\u00e9v\u0151 t\u00e9r \u00e9szaki oldal\u00e1n tal\u00e1lhat\u00f3 kapub\u00e1sty\u00e1t, amelyen Mao Ce-tung n\u00e9hai \u00e1llameln\u00f6k portr\u00e9ja is l\u00e1that\u00f3.<br \/>\nAz aut\u00f3 a Tiltott v\u00e1ros bej\u00e1rat\u00e1hoz k\u00f6zeli Csinshuj k\u0151h\u00edd korl\u00e1tj\u00e1nak \u00fctk\u00f6z\u00f6tt \u00e9s miut\u00e1n a benne \u00fcl\u0151k benzint gy\u00fajtottak meg, kigyulladt &#8211; k\u00f6z\u00f6lt\u00e9k a hat\u00f3s\u00e1gok. A sof\u0151r, egy ujgur f\u00e9rfi, Usmen Hasan, valamit k\u00e9t utasa, a feles\u00e9ge \u00e9s az anyja benn\u00e9gtek. K\u00e9t turista szint\u00e9n \u00e9let\u00e9t vesztette, csaknem negyven ember pedig megs\u00e9r\u00fclt.<br \/>\nA g\u00e9pkocsiban benzint, k\u00e9t k\u00e9st \u00e9s ac\u00e9lrudakat, valamint egy &#8222;vall\u00e1si sz\u00e9ls\u0151s\u00e9gesekre utal\u00f3 jeleket&#8221; \u00e1br\u00e1zol\u00f3 z\u00e1szl\u00f3t is tal\u00e1ltak.<br \/>\nA t\u00e1mad\u00e1s &#8222;sz\u00e1nd\u00e9kos volt, alaposan kitervelt \u00e9s szervezett&#8221; &#8211; \u00e1ll\u00edtotta a rend\u0151rs\u00e9g. Egy\u00fattal arr\u00f3l sz\u00e1molt be, hogy a Hszincsiang-Ujgur auton\u00f3m ter\u00fclet hat\u00f3s\u00e1gaival egy\u00fcttm\u0171k\u00f6dve t\u00edz \u00f3r\u00e1n bel\u00fcl m\u00e1r elfogt\u00e1k a t\u00f6rt\u00e9ntekkel kapcsolatba hozhat\u00f3 \u00f6t gyan\u00fas\u00edtottat. \u0150k beismert\u00e9k, hogy ismert\u00e9k a g\u00e9pkocsi vezet\u0151j\u00e9t \u00e9s el\u0151seg\u00edtett\u00e9k az \u00f6ngyilkos mer\u00e9nylet kivitelez\u00e9s\u00e9t &#8211; jelentette ki a f\u0151v\u00e1rosi k\u00f6zbiztons\u00e1gi hivatal sz\u00f3viv\u0151je.<br \/>\nA K\u00edna \u00e9szaknyugati t\u00e9rs\u00e9g\u00e9ben \u00e9l\u0151, muszlim vall\u00e1s\u00fa, t\u00f6r\u00f6kkel rokon nyelvet besz\u00e9l\u0151 ujgurok f\u00f6ldj\u00e9r\u0151l id\u00e9n is t\u00f6bb zavarg\u00e1st, s\u00falyos \u00e1ldozatokkal j\u00e1r\u00f3 fegyveres t\u00e1mad\u00e1st jelentettek. Az elfogottak k\u00f6z\u00fcl n\u00e9h\u00e1nyat m\u00e1r hal\u00e1lra \u00edt\u00e9ltek. A v\u00e1d ellen\u00fck t\u00f6bbnyire gyilkoss\u00e1g, terrorcselekm\u00e9nyekben val\u00f3 r\u00e9szv\u00e9tel, illeg\u00e1lis fegyvergy\u00e1rt\u00e1s \u00e9s -tart\u00e1s, sz\u00e9ls\u0151s\u00e9ges vall\u00e1si tanok terjeszt\u00e9se.<br \/>\nNur Bekri, az auton\u00f3m ter\u00fclet eln\u00f6ke id\u00e9n \u00e1prilisban egy k\u00f6zel k\u00e9ttucatnyi hal\u00e1los \u00e1ldozattal j\u00e1r\u00f3 \u00f6sszecsap\u00e1st k\u00f6vet\u0151en kijelentette, nem etnikai ellent\u00e9tekr\u0151l van sz\u00f3. &#8222;Ez politikai harc a szeparatizmus \u00e9s a szeparatizmust ellenz\u0151k, a haza egys\u00e9g\u00e9t t\u00e1mogat\u00f3k \u00e9s annak ellenz\u0151i k\u00f6z\u00f6tt&#8221;.<br \/>\nAz Afganiszt\u00e1nnal \u00e9s Pakiszt\u00e1nnal szomsz\u00e9dos, k\u00e9t T\u00f6r\u00f6korsz\u00e1g nagys\u00e1g\u00fa Hszincsiangban 9-10 milli\u00f3ra, a lakoss\u00e1g 45 sz\u00e1zal\u00e9k\u00e1ra teszik az ujgurok ar\u00e1ny\u00e1t. A han k\u00ednai n\u00e9pess\u00e9g 44 sz\u00e1zal\u00e9kot tesz ki. Egyes ter\u00fcleteken ugyanakkor jelent\u0151s az ujgur t\u00f6bbs\u00e9g. A t\u00e9rs\u00e9g legs\u00falyosabb etnikai zavarg\u00e1sa 2009-ben Urumcsiban t\u00f6rt\u00e9nt, akkor csaknem k\u00e9tsz\u00e1z, t\u00f6bbs\u00e9g\u00e9ben han k\u00ednai vesztette \u00e9let\u00e9t, \u00e9s csaknem 1700-an megsebes\u00fcltek. (MTI)<\/p>\n","protected":false},"excerpt":{"rendered":"<p>Terrort\u00e1mad\u00e1snak min\u0151s\u00edtette a k\u00ednai rend\u0151rs\u00e9g a hal\u00e1los \u00e1ldozatokkal j\u00e1r\u00f3 h\u00e9tf\u0151i Tienanmen t\u00e9ri aut\u00f3s incidenst. \u00d6t gyan\u00fas\u00edtottat azonos\u00edtottak \u00e9s \u0151rizetbe vettek &#8211; jelentette a f\u0151v\u00e1ros k\u00f6zbiztons\u00e1gi hivatal\u00e1nak t\u00e1j\u00e9koztat\u00e1sa nyom\u00e1n a k\u00ednai k\u00f6zponti \u00e1llami m\u00e9dia szerd\u00e1n.<\/p>\n","protected":false},"author":1,"featured_media":19947,"comment_status":"open","ping_status":"closed","sticky":false,"template":"","format":"standard","meta":[],"categories":[14],"tags":[],"_links":{"self":[{"href":"https:\/\/gazdasagportal.hu\/index.php\/wp-json\/wp\/v2\/posts\/19946"}],"collection":[{"href":"https:\/\/gazdasagportal.hu\/index.php\/wp-json\/wp\/v2\/posts"}],"about":[{"href":"https:\/\/gazdasagportal.hu\/index.php\/wp-json\/wp\/v2\/types\/post"}],"author":[{"embeddable":true,"href":"https:\/\/gazdasagportal.hu\/index.php\/wp-json\/wp\/v2\/users\/1"}],"replies":[{"embeddable":true,"href":"https:\/\/gazdasagportal.hu\/index.php\/wp-json\/wp\/v2\/comments?post=19946"}],"version-history":[{"count":1,"href":"https:\/\/gazdasagportal.hu\/index.php\/wp-json\/wp\/v2\/posts\/19946\/revisions"}],"predecessor-version":[{"id":19948,"href":"https:\/\/gazdasagportal.hu\/index.php\/wp-json\/wp\/v2\/posts\/19946\/revisions\/19948"}],"wp:featuredmedia":[{"embeddable":true,"href":"https:\/\/gazdasagportal.hu\/index.php\/wp-json\/wp\/v2\/media\/19947"}],"wp:attachment":[{"href":"https:\/\/gazdasagportal.hu\/index.php\/wp-json\/wp\/v2\/media?parent=19946"}],"wp:term":[{"taxonomy":"category","embeddable":true,"href":"https:\/\/gazdasagportal.hu\/index.php\/wp-json\/wp\/v2\/categories?post=19946"},{"taxonomy":"post_tag","embeddable":true,"href":"https:\/\/gazdasagportal.hu\/index.php\/wp-json\/wp\/v2\/tags?post=19946"}],"curies":[{"name":"wp","href":"https:\/\/api.w.org\/{rel}","templated":true}]}}