{"id":19870,"date":"2013-10-30T08:54:16","date_gmt":"2013-10-30T07:54:16","guid":{"rendered":"http:\/\/stockportal.hu\/?p=19870"},"modified":"2013-10-30T08:59:41","modified_gmt":"2013-10-30T07:59:41","slug":"tozsdenyitas-elott-a-nemzetkozi-hangulat-pozitiv-igy-pluszban-indulhat-a-mai-kereskedes","status":"publish","type":"post","link":"https:\/\/gazdasagportal.hu\/index.php\/tozsdenyitas-elott-a-nemzetkozi-hangulat-pozitiv-igy-pluszban-indulhat-a-mai-kereskedes\/","title":{"rendered":"T\u0151zsdenyit\u00e1s el\u0151tt &#8211; A nemzetk\u00f6zi hangulat pozit\u00edv, \u00edgy pluszban indulhat a mai keresked\u00e9s"},"content":{"rendered":"<p>A nemzetk\u00f6zi hangulat pozit\u00edv, \u00edgy pluszban indulhat a mai keresked\u00e9s. Pozit\u00edv vagy nulla k\u00f6r\u00fcli nyit\u00e1sra sz\u00e1m\u00edtanak a Budapesti \u00c9rt\u00e9kt\u0151zsd\u00e9n (B\u00c9T) szerd\u00e1n az MTI \u00e1ltal megk\u00e9rdezett szak\u00e9rt\u0151k.<\/p>\n<p>N\u00e9met S\u00e1ndor, a Buda-Cash Br\u00f3kerh\u00e1z Zrt. kereskedelmi igazgat\u00f3-helyettese az MTI-nek elmondta: a nemzetk\u00f6zi hangulat pozit\u00edv, a befektet\u0151k az amerikai sz\u00f6vets\u00e9gi jegybankrendszer (Federal Reserve System) szerdai d\u00f6nt\u00e9s\u00e9re v\u00e1rnak.<br \/>\nA szak\u00e9rt\u0151 szerint a magyar t\u0151zsd\u00e9n pozit\u00edv lehet a nyit\u00e1s, ezut\u00e1n pedig alacsony forgalomra \u00e9s kiv\u00e1r\u00e1sra sz\u00e1m\u00edt, a keresked\u00e9s ir\u00e1ny\u00e1t a nemzetk\u00f6zi folyamatok hat\u00e1rozhatj\u00e1k majd meg.<br \/>\nBal\u00e1sy Zsolt, az MKB Bank r\u00e9szv\u00e9nystrat\u00e9g\u00e1ja kiemelte: t\u00f6retlen a j\u00f3kedv a vil\u00e1gban, de ez tov\u00e1bbra sem l\u00e1tszik a magyar piacon. &#8222;A nap forgat\u00f3k\u00f6nyve \u00fagy alakulhat, hogy enyhe eur\u00f3pai emelked\u00e9s mellett lesz egy semerre sem halad\u00f3 magyar piac&#8221; &#8211; fogalmazott az MTI-hez eljuttatott komment\u00e1rj\u00e1ban a szak\u00e9rt\u0151.<br \/>\nA Budapesti \u00c9rt\u00e9kt\u0151zsde r\u00e9szv\u00e9nyindexe, a BUX 63,63 pontos, 0,34 sz\u00e1zal\u00e9kos emelked\u00e9ssel, 18 780,68 ponton z\u00e1rt kedden. A r\u00e9szv\u00e9nypiac forgalma 4,7 milli\u00e1rd forint volt. A Mol 50 forinttal, 0,33 sz\u00e1zal\u00e9kkal 14 900 forintra cs\u00f6kkent, 663,0 milli\u00f3 forintos forgalomban. Az OTP-r\u00e9szv\u00e9nyek \u00e1ra 69 forinttal, 1,58 sz\u00e1zal\u00e9kkal 4444 forintra er\u0151s\u00f6d\u00f6tt, forgalma 1,6 milli\u00e1rd forintot tett ki. A Magyar Telekom \u00e1rfolyama 2 forinttal, 0,66 sz\u00e1zal\u00e9kkal 303 forintra n\u0151tt, forgalma 381,1 milli\u00f3 forint volt. A Richter-pap\u00edrok \u00e1rfolyama 20 forinttal, 0,48 sz\u00e1zal\u00e9kkal 4160 forintra esett, a r\u00e9szv\u00e9nyek forgalma 691,0 milli\u00f3 forintot \u00e9rt el. A m\u00e1sik gy\u00f3gyszeripari r\u00e9szv\u00e9ny, az Egis \u00e1rfolyama nem v\u00e1ltozott, 27 775 forintot \u00e9rt, forgalma 1,2 milli\u00e1rd forint volt.(MTI)<\/p>\n<p>&nbsp;<\/p><div id=\"gazda-384809814\" class=\"gazda-tartalomban gazda-entity-placement\"><script async src=\"https:\/\/pagead2.googlesyndication.com\/pagead\/js\/adsbygoogle.js\"><\/script>\r\n<ins class=\"adsbygoogle\"\r\n     style=\"display:block\"\r\n     data-ad-format=\"fluid\"\r\n     data-ad-layout-key=\"-6t+ed+2i-1n-4w\"\r\n     data-ad-client=\"ca-pub-1959107119989764\"\r\n     data-ad-slot=\"4008251320\"><\/ins>\r\n<script>\r\n     (adsbygoogle = window.adsbygoogle || []).push({});\r\n<\/script><\/div>\n<p>&nbsp;<\/p>\n","protected":false},"excerpt":{"rendered":"<p>A nemzetk\u00f6zi hangulat pozit\u00edv, \u00edgy pluszban indulhat a mai keresked\u00e9s. Pozit\u00edv vagy nulla k\u00f6r\u00fcli nyit\u00e1sra sz\u00e1m\u00edtanak a Budapesti \u00c9rt\u00e9kt\u0151zsd\u00e9n (B\u00c9T) szerd\u00e1n az MTI \u00e1ltal megk\u00e9rdezett szak\u00e9rt\u0151k. N\u00e9met S\u00e1ndor, a Buda-Cash Br\u00f3kerh\u00e1z Zrt. kereskedelmi igazgat\u00f3-helyettese az MTI-nek elmondta: a nemzetk\u00f6zi hangulat pozit\u00edv, a befektet\u0151k az amerikai sz\u00f6vets\u00e9gi jegybankrendszer (Federal Reserve System) szerdai d\u00f6nt\u00e9s\u00e9re v\u00e1rnak. A szak\u00e9rt\u0151 &#8230;<\/p>\n","protected":false},"author":1,"featured_media":782,"comment_status":"open","ping_status":"closed","sticky":false,"template":"","format":"standard","meta":[],"categories":[7,122],"tags":[],"_links":{"self":[{"href":"https:\/\/gazdasagportal.hu\/index.php\/wp-json\/wp\/v2\/posts\/19870"}],"collection":[{"href":"https:\/\/gazdasagportal.hu\/index.php\/wp-json\/wp\/v2\/posts"}],"about":[{"href":"https:\/\/gazdasagportal.hu\/index.php\/wp-json\/wp\/v2\/types\/post"}],"author":[{"embeddable":true,"href":"https:\/\/gazdasagportal.hu\/index.php\/wp-json\/wp\/v2\/users\/1"}],"replies":[{"embeddable":true,"href":"https:\/\/gazdasagportal.hu\/index.php\/wp-json\/wp\/v2\/comments?post=19870"}],"version-history":[{"count":1,"href":"https:\/\/gazdasagportal.hu\/index.php\/wp-json\/wp\/v2\/posts\/19870\/revisions"}],"predecessor-version":[{"id":19871,"href":"https:\/\/gazdasagportal.hu\/index.php\/wp-json\/wp\/v2\/posts\/19870\/revisions\/19871"}],"wp:featuredmedia":[{"embeddable":true,"href":"https:\/\/gazdasagportal.hu\/index.php\/wp-json\/wp\/v2\/media\/782"}],"wp:attachment":[{"href":"https:\/\/gazdasagportal.hu\/index.php\/wp-json\/wp\/v2\/media?parent=19870"}],"wp:term":[{"taxonomy":"category","embeddable":true,"href":"https:\/\/gazdasagportal.hu\/index.php\/wp-json\/wp\/v2\/categories?post=19870"},{"taxonomy":"post_tag","embeddable":true,"href":"https:\/\/gazdasagportal.hu\/index.php\/wp-json\/wp\/v2\/tags?post=19870"}],"curies":[{"name":"wp","href":"https:\/\/api.w.org\/{rel}","templated":true}]}}