{"id":19746,"date":"2013-10-28T20:02:09","date_gmt":"2013-10-28T19:02:09","guid":{"rendered":"http:\/\/stockportal.hu\/?p=19746"},"modified":"2013-10-28T17:25:59","modified_gmt":"2013-10-28T16:25:59","slug":"gyori-eniko-a-duna-regiohoz-kapcsolodo-projekteket-foglaljak-bele-az-unios-koltsegvetesbe","status":"publish","type":"post","link":"https:\/\/gazdasagportal.hu\/index.php\/gyori-eniko-a-duna-regiohoz-kapcsolodo-projekteket-foglaljak-bele-az-unios-koltsegvetesbe\/","title":{"rendered":"Gy\u0151ri Enik\u0151: a Duna-r\u00e9gi\u00f3hoz kapcsol\u00f3d\u00f3 projekteket foglalj\u00e1k bele az uni\u00f3s k\u00f6lts\u00e9gvet\u00e9sbe"},"content":{"rendered":"<p><strong>Magyarorsz\u00e1g azt k\u00e9rte a Duna R\u00e9gi\u00f3 Strat\u00e9gi\u00e1ban (EUDRS) r\u00e9szt vev\u0151 orsz\u00e1gokt\u00f3l, hogy foglalj\u00e1k bele az Eur\u00f3pai Bizotts\u00e1g 2014-2020-as k\u00f6lts\u00e9gvet\u00e9s\u00e9be a Duna-r\u00e9gi\u00f3hoz kapcsol\u00f3d\u00f3 projekteket is &#8211; mondta h\u00e9tf\u0151n az MTI-nek Gy\u0151ri Enik\u0151, a k\u00fcl\u00fcgyminiszt\u00e9rium EU-\u00fcgyek\u00e9rt felel\u0151s \u00e1llamtitk\u00e1ra.<!--more--><\/strong><\/p>\n<p>Az \u00e1llamtitk\u00e1r h\u00e9tf\u0151n r\u00e9szt vett az EUDRS-ben tev\u00e9kenyked\u0151 orsz\u00e1gok k\u00fcl\u00fcgyminisztereinek bukaresti tan\u00e1cskoz\u00e1s\u00e1n, ahol ebb\u0151l az alkalomb\u00f3l az EU \u00e9rintett region\u00e1lis fejleszt\u00e9si miniszterei is \u00f6sszegy\u0171ltek. Gy\u0151ri Enik\u0151 elmondta, hogy Magyarorsz\u00e1g belefoglalta m\u00e1r az uni\u00f3s k\u00f6lts\u00e9gvet\u00e9sbe ezeket a Duna-projekteket, \u00e9s arra pr\u00f3b\u00e1lt \u00f6szt\u00f6n\u00f6zni minden r\u00e9sztvev\u0151t, hogy \u0151k is tegy\u00e9k meg.<br \/>\nAz \u00e1llamtitk\u00e1r eml\u00e9keztetett, hogy Magyarorsz\u00e1g 2011 els\u0151 fel\u00e9ben, a soros EU-eln\u00f6ks\u00e9g idej\u00e9n arra t\u00f6rekedett, legyen k\u00e9sz a Duna-r\u00e9gi\u00f3ra vonatkoz\u00f3 keret, amit k\u00e9s\u0151bb meg lehet t\u00f6lteni tartalommal. Ez zajlik az\u00f3ta is\u00a0\u00a0&#8211; mondta, \u00e9s felid\u00e9zte, hogy Magyarorsz\u00e1g az \u00e1rv\u00edzv\u00e9delem \u00e9s a v\u00edzmin\u0151s\u00e9g ter\u00fcleteit koordin\u00e1lja.<br \/>\nKifejtette: a j\u00faniusi \u00e1rv\u00edzben mindenki megtanulta, hogy fel kell k\u00e9sz\u00fclni, \u00e9s meg kell el\u0151zni az ilyen katasztr\u00f3f\u00e1kat. Hozz\u00e1tette: Magyarorsz\u00e1g sikeresen oldotta meg ezt a kih\u00edv\u00e1st, hiszen ember\u00e9letben nem esett k\u00e1r.<br \/>\nR\u00e1mutatott: az \u00e1rv\u00edz a legjobb p\u00e9lda arra, hogy a Duna R\u00e9gi\u00f3 Strat\u00e9gia orsz\u00e1gainak egy\u00fctt kell m\u0171k\u00f6dni\u00fck, \u00e9s figyel\u0151rendszert kell l\u00e9trehozniuk, ami seg\u00edti k\u00f6lcs\u00f6n\u00f6s t\u00e1j\u00e9koztat\u00e1sukat arr\u00f3l, hogy hol, milyen baj t\u00f6rt\u00e9nt, \u00e9s ez hogyan \u00e9rintheti a szomsz\u00e9dos orsz\u00e1gokat.<br \/>\nK\u00f6z\u00f6lte: m\u00e1r elk\u00e9sz\u00fclt egy magyar-ukr\u00e1n Fels\u0151 Tisza-vid\u00e9ki \u00e1rv\u00edzv\u00e9delmi projekt, ami n\u00e9gy orsz\u00e1g polg\u00e1rainak az \u00e9let\u00e9t fogja megk\u00f6nny\u00edteni. Hozz\u00e1tette: min\u00e9l t\u00f6bb ehhez hasonl\u00f3 konkr\u00e9t l\u00e9p\u00e9st kell tenni, hiszen csak \u00edgy van \u00e9rtelme a Duna-strat\u00e9gi\u00e1nak.<br \/>\nAz \u00e1llamtitk\u00e1r elmondta: a f\u00f3rumon kifejtette, hogy a term\u00e9szeti \u00e9s az ipari katasztr\u00f3f\u00e1k eset\u00e9ben az egyetlen megold\u00e1s az \u00f6sszefog\u00e1s. &#8222;Nem lehet egym\u00e1st vesz\u00e9lyeztetni, nem lehet vesz\u00e9lyes technol\u00f3gi\u00e1kat haszn\u00e1lni, a megel\u0151z\u00e9sre, a felk\u00e9sz\u00fclts\u00e9gre, nem pedig a k\u00e1rment\u00e9sre\u00a0\u00a0kell koncentr\u00e1lnunk&#8221; &#8211; mondta Gy\u0151ri Enik\u0151.(MTI)<\/p>\n","protected":false},"excerpt":{"rendered":"<p>Magyarorsz\u00e1g azt k\u00e9rte a Duna R\u00e9gi\u00f3 Strat\u00e9gi\u00e1ban (EUDRS) r\u00e9szt vev\u0151 orsz\u00e1gokt\u00f3l, hogy foglalj\u00e1k bele az Eur\u00f3pai Bizotts\u00e1g 2014-2020-as k\u00f6lts\u00e9gvet\u00e9s\u00e9be a Duna-r\u00e9gi\u00f3hoz kapcsol\u00f3d\u00f3 projekteket is &#8211; mondta h\u00e9tf\u0151n az MTI-nek Gy\u0151ri Enik\u0151, a k\u00fcl\u00fcgyminiszt\u00e9rium EU-\u00fcgyek\u00e9rt felel\u0151s \u00e1llamtitk\u00e1ra.<\/p>\n","protected":false},"author":1,"featured_media":0,"comment_status":"open","ping_status":"closed","sticky":false,"template":"","format":"standard","meta":[],"categories":[19],"tags":[],"_links":{"self":[{"href":"https:\/\/gazdasagportal.hu\/index.php\/wp-json\/wp\/v2\/posts\/19746"}],"collection":[{"href":"https:\/\/gazdasagportal.hu\/index.php\/wp-json\/wp\/v2\/posts"}],"about":[{"href":"https:\/\/gazdasagportal.hu\/index.php\/wp-json\/wp\/v2\/types\/post"}],"author":[{"embeddable":true,"href":"https:\/\/gazdasagportal.hu\/index.php\/wp-json\/wp\/v2\/users\/1"}],"replies":[{"embeddable":true,"href":"https:\/\/gazdasagportal.hu\/index.php\/wp-json\/wp\/v2\/comments?post=19746"}],"version-history":[{"count":1,"href":"https:\/\/gazdasagportal.hu\/index.php\/wp-json\/wp\/v2\/posts\/19746\/revisions"}],"predecessor-version":[{"id":19747,"href":"https:\/\/gazdasagportal.hu\/index.php\/wp-json\/wp\/v2\/posts\/19746\/revisions\/19747"}],"wp:attachment":[{"href":"https:\/\/gazdasagportal.hu\/index.php\/wp-json\/wp\/v2\/media?parent=19746"}],"wp:term":[{"taxonomy":"category","embeddable":true,"href":"https:\/\/gazdasagportal.hu\/index.php\/wp-json\/wp\/v2\/categories?post=19746"},{"taxonomy":"post_tag","embeddable":true,"href":"https:\/\/gazdasagportal.hu\/index.php\/wp-json\/wp\/v2\/tags?post=19746"}],"curies":[{"name":"wp","href":"https:\/\/api.w.org\/{rel}","templated":true}]}}