{"id":19743,"date":"2013-10-28T19:22:05","date_gmt":"2013-10-28T18:22:05","guid":{"rendered":"http:\/\/stockportal.hu\/?p=19743"},"modified":"2013-10-28T17:22:46","modified_gmt":"2013-10-28T16:22:46","slug":"cseh-valasztas-klaus-az-ods-valasztasi-eredmenyerol","status":"publish","type":"post","link":"https:\/\/gazdasagportal.hu\/index.php\/cseh-valasztas-klaus-az-ods-valasztasi-eredmenyerol\/","title":{"rendered":"Cseh v\u00e1laszt\u00e1s &#8211; Klaus az ODS v\u00e1laszt\u00e1si eredm\u00e9ny\u00e9r\u0151l"},"content":{"rendered":"<p><strong>A Polg\u00e1ri Demokratikus P\u00e1rt (ODS) s\u00falyos v\u00e1laszt\u00e1si veres\u00e9g\u00e9nek legf\u0151bb oka, hogy a cseh jobboldal egykoron meghat\u00e1roz\u00f3 t\u00f6m\u00f6r\u00fcl\u00e9s\u00e9b\u0151l m\u00e1ra kiveszett az autentikus liber\u00e1lis-konzervat\u00edv szellemis\u00e9g, s a leegyszer\u0171s\u00edtett antikommunizmuson alapul\u00f3 \u00faj strat\u00e9gia pedig teljes t\u00e9ved\u00e9s, amely t\u00e1vol \u00e1ll a val\u00f3s\u00e1gt\u00f3l &#8211; \u00e1ll\u00edtja V\u00e1clav Klaus volt cseh \u00e1llamf\u0151, aki a kilencvenes \u00e9vek elej\u00e9n megalap\u00edtotta az ODS-t \u00e9s egy \u00e9vtizeden \u00e1t eln\u00f6ke volt.<!--more--><\/strong><\/p>\n<p>Klaus, aki h\u00e9tf\u0151n honlapj\u00e1n komment\u00e1lta a polg\u00e1ri demokrat\u00e1k v\u00e1laszt\u00e1si eredm\u00e9ny\u00e9t, \u00fagy l\u00e1tja, hogy a kor\u00e1bbi korm\u00e1nyp\u00e1rt csak akkor lehet \u00fajra sikeres, ha visszat\u00e9r a liber\u00e1lis-konzervat\u00edv \u00e9rt\u00e9kekhez.<br \/>\nAz ODS a h\u00e9tv\u00e9gi k\u00e9pvisel\u0151h\u00e1zi v\u00e1laszt\u00e1son mind\u00f6ssze 7,7 sz\u00e1zal\u00e9kot kapott, ami a p\u00e1rt fenn\u00e1ll\u00e1sa \u00f3ta a legrosszabb v\u00e1laszt\u00e1si eredm\u00e9ny. A p\u00e1rt vezet\u0151i jelezt\u00e9k, hogy a janu\u00e1rra tervezett tiszt\u00faj\u00edt\u00f3 k\u00f6zgy\u0171l\u00e9sen mindny\u00e1jan lemondanak.<br \/>\n&#8222;Az ODS nagyon leegyszer\u0171s\u00edtette ideol\u00f3giai alapjait, s ezzel elvesz\u00edtette eredetis\u00e9g\u00e9t. A leegyszer\u0171s\u00edtett antikommunizmusra alapoz\u00f3 politika, amelynek legf\u0151bb k\u00e9pvisel\u0151i Miroslava Nemcov\u00e1, Premysl Sobotka \u00e9s Marek Benda (az ODS vezet\u0151i), teljes t\u00e9ved\u00e9s&#8221; &#8211; fogalmazott Klaus. Hozz\u00e1tette: ennek k\u00f6vetkezm\u00e9nye, hogy a p\u00e1rt nyilatkozatai ma m\u00e1r senkit sem sz\u00f3l\u00edtanak meg.<br \/>\nKlaus, aki a v\u00e1laszt\u00e1sok el\u0151tt arra sz\u00f3l\u00edtotta fel az embereket, hogy ne szavazzanak az ODS-re, \u00fagy v\u00e9li, hogy a szem\u00e9lycser\u00e9k nem oldj\u00e1k meg a probl\u00e9m\u00e1t, s a p\u00e1rtprogram \u00e1tdolgoz\u00e1s\u00e1ra van sz\u00fcks\u00e9g.<br \/>\nAz ODS eredeti c\u00e9lja az volt, hogy &#8222;szorgalmazza \u00e9s megv\u00e9dje a gazdas\u00e1gi liberalizmus \u00e9s az \u00e1ltal\u00e1nos konzervativizmus egyedi kombin\u00e1ci\u00f3j\u00e1t&#8221; Csehorsz\u00e1gban, m\u00e9gpedig &#8222;azon alap\u00e9rt\u00e9kek, hagyom\u00e1nyok \u00e9s int\u00e9zm\u00e9nyek t\u00e1mogat\u00e1s\u00e1val, amelyeken az eur\u00f3pai (vagy euroamerikai) civiliz\u00e1ci\u00f3 alapul&#8221; &#8211; \u00edrja a volt politikus, aki t\u00edz \u00e9v ut\u00e1n id\u00e9n m\u00e1rciusban t\u00e1vozott a cseh \u00e1llamf\u0151i posztr\u00f3l.(MTI)<\/p>\n","protected":false},"excerpt":{"rendered":"<p>A Polg\u00e1ri Demokratikus P\u00e1rt (ODS) s\u00falyos v\u00e1laszt\u00e1si veres\u00e9g\u00e9nek legf\u0151bb oka, hogy a cseh jobboldal egykoron meghat\u00e1roz\u00f3 t\u00f6m\u00f6r\u00fcl\u00e9s\u00e9b\u0151l m\u00e1ra kiveszett az autentikus liber\u00e1lis-konzervat\u00edv szellemis\u00e9g, s a leegyszer\u0171s\u00edtett antikommunizmuson alapul\u00f3 \u00faj strat\u00e9gia pedig teljes t\u00e9ved\u00e9s, amely t\u00e1vol \u00e1ll a val\u00f3s\u00e1gt\u00f3l &#8211; \u00e1ll\u00edtja V\u00e1clav Klaus volt cseh \u00e1llamf\u0151, aki a kilencvenes \u00e9vek elej\u00e9n megalap\u00edtotta az ODS-t \u00e9s egy &#8230;<\/p>\n","protected":false},"author":1,"featured_media":0,"comment_status":"open","ping_status":"closed","sticky":false,"template":"","format":"standard","meta":[],"categories":[12],"tags":[],"_links":{"self":[{"href":"https:\/\/gazdasagportal.hu\/index.php\/wp-json\/wp\/v2\/posts\/19743"}],"collection":[{"href":"https:\/\/gazdasagportal.hu\/index.php\/wp-json\/wp\/v2\/posts"}],"about":[{"href":"https:\/\/gazdasagportal.hu\/index.php\/wp-json\/wp\/v2\/types\/post"}],"author":[{"embeddable":true,"href":"https:\/\/gazdasagportal.hu\/index.php\/wp-json\/wp\/v2\/users\/1"}],"replies":[{"embeddable":true,"href":"https:\/\/gazdasagportal.hu\/index.php\/wp-json\/wp\/v2\/comments?post=19743"}],"version-history":[{"count":1,"href":"https:\/\/gazdasagportal.hu\/index.php\/wp-json\/wp\/v2\/posts\/19743\/revisions"}],"predecessor-version":[{"id":19744,"href":"https:\/\/gazdasagportal.hu\/index.php\/wp-json\/wp\/v2\/posts\/19743\/revisions\/19744"}],"wp:attachment":[{"href":"https:\/\/gazdasagportal.hu\/index.php\/wp-json\/wp\/v2\/media?parent=19743"}],"wp:term":[{"taxonomy":"category","embeddable":true,"href":"https:\/\/gazdasagportal.hu\/index.php\/wp-json\/wp\/v2\/categories?post=19743"},{"taxonomy":"post_tag","embeddable":true,"href":"https:\/\/gazdasagportal.hu\/index.php\/wp-json\/wp\/v2\/tags?post=19743"}],"curies":[{"name":"wp","href":"https:\/\/api.w.org\/{rel}","templated":true}]}}