{"id":19725,"date":"2013-10-28T16:22:33","date_gmt":"2013-10-28T15:22:33","guid":{"rendered":"http:\/\/stockportal.hu\/?p=19725"},"modified":"2013-10-28T16:22:33","modified_gmt":"2013-10-28T15:22:33","slug":"mol-ina-ugy-par-heten-belul-folytatodnak-a-targyalasok","status":"publish","type":"post","link":"https:\/\/gazdasagportal.hu\/index.php\/mol-ina-ugy-par-heten-belul-folytatodnak-a-targyalasok\/","title":{"rendered":"Mol-INA-\u00fcgy &#8211; P\u00e1r h\u00e9ten bel\u00fcl folytat\u00f3dnak a t\u00e1rgyal\u00e1sok"},"content":{"rendered":"<p><strong>A horv\u00e1t gazdas\u00e1gi miniszter szerint p\u00e1r h\u00e9ten bel\u00fcl lesznek \u00fajabb t\u00e1rgyal\u00e1sok. Ivan Vrdoljak horv\u00e1t gazdas\u00e1gi miniszter h\u00e9tf\u0151n kijelentette, hogy a z\u00e1gr\u00e1bi korm\u00e1ny \u00e9s a Mol Nyrt. k\u00f6z\u00f6tti t\u00e1rgyal\u00e1sok v\u00e1rhat\u00f3an n\u00e9h\u00e1ny h\u00e9ten bel\u00fcl folytat\u00f3dnak.<!--more--><\/strong><\/p>\n<p>A Hina horv\u00e1t h\u00edr\u00fcgyn\u00f6ks\u00e9g besz\u00e1mol\u00f3ja szerint Vrdoljak azt mondta, hogy egyel\u0151re semmilyen fontos fejlem\u00e9ny nincs az INA horv\u00e1t olajc\u00e9get \u00e9rint\u0151 t\u00e1rgyal\u00e1sokkal kapcsolatban.<br \/>\nA horv\u00e1t korm\u00e1ny \u00e9s a Mol k\u00f6z\u00f6tt szeptemberben megkezdett t\u00e1rgyal\u00e1soknak a m\u00falt p\u00e9nteken kellett volna folytat\u00f3dniuk, a horv\u00e1t f\u00e9l azonban a tal\u00e1lkoz\u00f3 elhalaszt\u00e1s\u00e1t k\u00e9rte, mert megv\u00e1ltozott a magyar t\u00e1rgyal\u00f3csoport \u00f6sszet\u00e9tele \u00e9s m\u00f3dos\u00edtott\u00e1k a t\u00e1rgyal\u00e1sok t\u00e9m\u00e1j\u00e1t is.<br \/>\nA Poslovni dnevnik c\u00edm\u0171 gazdas\u00e1gi lap kor\u00e1bban azt \u00edrta, hogy a horv\u00e1t korm\u00e1ny szerint az els\u0151 megbesz\u00e9lend\u0151 t\u00e9ma az INA ir\u00e1ny\u00edt\u00e1si modellje lenne, eg\u00e9szen pontosan az, hogy a vezet\u00e9si strukt\u00far\u00e1t \u00f6sszhangba hozz\u00e1k a gazdas\u00e1gi t\u00e1rsas\u00e1gokr\u00f3l sz\u00f3l\u00f3 horv\u00e1t t\u00f6rv\u00e9nnyel. A Mol viszont &#8211; a lap szerint &#8211; olyan t\u00e9m\u00e1kat javasolt, amelyekre csak a negyedik vagy \u00f6t\u00f6dik tal\u00e1lkoz\u00f3n kellene sort ker\u00edteni.<br \/>\nA horv\u00e1t \u00e1llam birtokolja az INA r\u00e9szv\u00e9nyeinek 44,84 sz\u00e1zal\u00e9k\u00e1t, a Mol tulajdon\u00e1ban van a r\u00e9szv\u00e9nyek 49,1 sz\u00e1zal\u00e9ka, valamint a magyar c\u00e9g rendelkezik az ir\u00e1ny\u00edt\u00f3i jogokkal.(MTI)<\/p>\n","protected":false},"excerpt":{"rendered":"<p>A horv\u00e1t gazdas\u00e1gi miniszter szerint p\u00e1r h\u00e9ten bel\u00fcl lesznek \u00fajabb t\u00e1rgyal\u00e1sok. Ivan Vrdoljak horv\u00e1t gazdas\u00e1gi miniszter h\u00e9tf\u0151n kijelentette, hogy a z\u00e1gr\u00e1bi korm\u00e1ny \u00e9s a Mol Nyrt. k\u00f6z\u00f6tti t\u00e1rgyal\u00e1sok v\u00e1rhat\u00f3an n\u00e9h\u00e1ny h\u00e9ten bel\u00fcl folytat\u00f3dnak.<\/p>\n","protected":false},"author":1,"featured_media":18063,"comment_status":"open","ping_status":"closed","sticky":false,"template":"","format":"standard","meta":[],"categories":[7,122],"tags":[],"_links":{"self":[{"href":"https:\/\/gazdasagportal.hu\/index.php\/wp-json\/wp\/v2\/posts\/19725"}],"collection":[{"href":"https:\/\/gazdasagportal.hu\/index.php\/wp-json\/wp\/v2\/posts"}],"about":[{"href":"https:\/\/gazdasagportal.hu\/index.php\/wp-json\/wp\/v2\/types\/post"}],"author":[{"embeddable":true,"href":"https:\/\/gazdasagportal.hu\/index.php\/wp-json\/wp\/v2\/users\/1"}],"replies":[{"embeddable":true,"href":"https:\/\/gazdasagportal.hu\/index.php\/wp-json\/wp\/v2\/comments?post=19725"}],"version-history":[{"count":1,"href":"https:\/\/gazdasagportal.hu\/index.php\/wp-json\/wp\/v2\/posts\/19725\/revisions"}],"predecessor-version":[{"id":19726,"href":"https:\/\/gazdasagportal.hu\/index.php\/wp-json\/wp\/v2\/posts\/19725\/revisions\/19726"}],"wp:featuredmedia":[{"embeddable":true,"href":"https:\/\/gazdasagportal.hu\/index.php\/wp-json\/wp\/v2\/media\/18063"}],"wp:attachment":[{"href":"https:\/\/gazdasagportal.hu\/index.php\/wp-json\/wp\/v2\/media?parent=19725"}],"wp:term":[{"taxonomy":"category","embeddable":true,"href":"https:\/\/gazdasagportal.hu\/index.php\/wp-json\/wp\/v2\/categories?post=19725"},{"taxonomy":"post_tag","embeddable":true,"href":"https:\/\/gazdasagportal.hu\/index.php\/wp-json\/wp\/v2\/tags?post=19725"}],"curies":[{"name":"wp","href":"https:\/\/api.w.org\/{rel}","templated":true}]}}