{"id":19723,"date":"2013-10-28T18:14:13","date_gmt":"2013-10-28T17:14:13","guid":{"rendered":"http:\/\/stockportal.hu\/?p=19723"},"modified":"2013-10-28T16:19:07","modified_gmt":"2013-10-28T15:19:07","slug":"neheznek-erzik-az-eletkezdest-a-fiatalok","status":"publish","type":"post","link":"https:\/\/gazdasagportal.hu\/index.php\/neheznek-erzik-az-eletkezdest-a-fiatalok\/","title":{"rendered":"Neh\u00e9znek \u00e9rzik az \u00e9letkezd\u00e9st a fiatalok"},"content":{"rendered":"<p><strong>Munka- \u00e9s \u00f6nmegval\u00f3s\u00edt\u00e1si lehet\u0151s\u00e9geikben bizakod\u00f3bbak voltak a 19-29 \u00e9ves v\u00e1rosi fiatalok az idei harmadik negyed\u00e9vben, de az \u00f6n\u00e1ll\u00f3 \u00e9let megteremt\u00e9s\u00e9hez a k\u00f6r\u00fclm\u00e9nyeket \u00e9s lehet\u0151s\u00e9geiket nem l\u00e1tj\u00e1k kedvez\u0151nek a p\u00e1lyakezd\u0151k &#8211; der\u00fcl ki a K&amp;H-nak a fiatalok el\u00e9gedetts\u00e9g\u00e9t \u00e9s j\u00f3l\u00e9t\u00e9t vizsg\u00e1l\u00f3 p\u00e1lyakezd\u0151k index felm\u00e9r\u00e9s\u00e9b\u0151l, amelyet 2013. harmadik negyed\u00e9v\u00e9ben k\u00e9sz\u00edtettek.<!--more--><\/strong><\/p>\n<p>A K&amp;H az MTI-hez h\u00e9tf\u0151n eljuttatott k\u00f6zlem\u00e9ny\u00e9ben kiemeli: a fiatalok az \u00f6nmegval\u00f3s\u00edt\u00e1si lehet\u0151s\u00e9gek tekintet\u00e9ben \u00e9s a munkak\u00f6r\u00fclm\u00e9nyekben kism\u00e9rt\u00e9k\u0171 pozit\u00edv el\u0151remozdul\u00e1st \u00e9reztek az el\u0151z\u0151 negyed\u00e9vhez k\u00e9pest, \u00edgy a K&amp;H p\u00e1lyakezd\u0151k index +7 ponton \u00e1llt 2013. harmadik negyed\u00e9v\u00e9ben.<br \/>\nAz \u00f6n\u00e1ll\u00f3 \u00e9let megteremt\u00e9s\u00e9hez a k\u00f6r\u00fclm\u00e9nyeket \u00e9s lehet\u0151s\u00e9geiket nem l\u00e1tj\u00e1k kedvez\u0151nek a p\u00e1lyakezd\u0151k, ez a r\u00e9szindex hosszabb t\u00e1von is cs\u00f6kken\u0151 tendenci\u00e1t mutat.<br \/>\nA 19-29 \u00e9ves v\u00e1rosi fiatalok kevesebb mint fele k\u00f6lt\u00f6z\u00f6tt el sz\u00fcleit\u0151l, saj\u00e1t lak\u00e1ssal csak 19 sz\u00e1zal\u00e9kuk rendelkezik. B\u00e1r lak\u00e1sk\u00f6r\u00fclm\u00e9nyeivel alig t\u00f6bb mint egyharmaduk el\u00e9gedett, lak\u00e1sv\u00e1s\u00e1rl\u00e1st csup\u00e1n 13 sz\u00e1zal\u00e9k tervez a k\u00f6vetkez\u0151 h\u00e1rom \u00e9vben, tov\u00e1bbi 24 sz\u00e1zal\u00e9k nyilatkozott \u00fagy, hogy tal\u00e1n belev\u00e1g az ingatlanv\u00e9telbe.<br \/>\nA lak\u00e1shoz jut\u00e1si lehet\u0151s\u00e9geikkel kapcsolatban a fiatalok majd fele gondolja, hogy ez nem fog v\u00e1ltozni a k\u00f6vetkez\u0151 egy \u00e9vben.<br \/>\nA fiatalok ink\u00e1bb magukban hisznek, nagyon kis r\u00e9sz\u00fck &#8211; 4 sz\u00e1zal\u00e9kuk &#8211; gondolja azt, hogy az \u00e1llam mindent megtesz az\u00e9rt, hogy seg\u00edtse a fiatalokat az \u00f6n\u00e1ll\u00f3 \u00e9let megkezd\u00e9s\u00e9ben. A munkan\u00e9lk\u00fclieknek pedig csak 8 sz\u00e1zal\u00e9ka gondolja, hogy az \u00e1llam minden t\u0151le elv\u00e1rhat\u00f3t megtesz, hogy a munkan\u00e9lk\u00fcliek \u00fajra munk\u00e1ba \u00e1llhassanak.<br \/>\nNem hozott jobb \u00e9rt\u00e9keket a felm\u00e9r\u00e9s az anyagi biztons\u00e1ggal kapcsolatban sem: a K&amp;H p\u00e1lyakezd\u0151k j\u00f3l\u00e9ti index\u00e9t meghat\u00e1roz\u00f3 r\u00e9szindexek k\u00f6z\u00fcl tart\u00f3san ez \u00e1ll a legalacsonyabb szinten. Az anyagi helyzet\u00e9vel mind\u00f6ssze a megk\u00e9rdezettek 10 sz\u00e1zal\u00e9ka ink\u00e1bb vagy teljesen el\u00e9gedett, el\u0151rel\u00e9p\u00e9sre ezen a t\u00e9ren 63 sz\u00e1zal\u00e9kuk v\u00e1r az elk\u00f6vetkez\u0151 \u00e9vekben.<br \/>\nA h\u00e1ztart\u00e1sa j\u00f6vedelm\u00e9vel kapcsolatban cs\u00f6kken\u00e9sre sz\u00e1m\u00edt 16 sz\u00e1zal\u00e9k, 17 sz\u00e1zal\u00e9k legfeljebb az infl\u00e1ci\u00f3 m\u00e9rt\u00e9k\u00e9vel megegyez\u0151 n\u00f6veked\u00e9st, 31 sz\u00e1zal\u00e9k pedig ezt meghalad\u00f3t v\u00e1r. Ezen a t\u00e9ren a nyugat-magyarorsz\u00e1gi fiatalok voltak a legink\u00e1bb bizakod\u00f3ak, az infl\u00e1ci\u00f3 feletti j\u00f6vedelememelked\u00e9st 38 sz\u00e1zal\u00e9kuk eml\u00edtette, szemben a keleti orsz\u00e1gr\u00e9sz 25 sz\u00e1zal\u00e9kos \u00e9rt\u00e9k\u00e9vel.(MTI)<\/p>\n","protected":false},"excerpt":{"rendered":"<p>Munka- \u00e9s \u00f6nmegval\u00f3s\u00edt\u00e1si lehet\u0151s\u00e9geikben bizakod\u00f3bbak voltak a 19-29 \u00e9ves v\u00e1rosi fiatalok az idei harmadik negyed\u00e9vben, de az \u00f6n\u00e1ll\u00f3 \u00e9let megteremt\u00e9s\u00e9hez a k\u00f6r\u00fclm\u00e9nyeket \u00e9s lehet\u0151s\u00e9geiket nem l\u00e1tj\u00e1k kedvez\u0151nek a p\u00e1lyakezd\u0151k &#8211; der\u00fcl ki a K&amp;H-nak a fiatalok el\u00e9gedetts\u00e9g\u00e9t \u00e9s j\u00f3l\u00e9t\u00e9t vizsg\u00e1l\u00f3 p\u00e1lyakezd\u0151k index felm\u00e9r\u00e9s\u00e9b\u0151l, amelyet 2013. harmadik negyed\u00e9v\u00e9ben k\u00e9sz\u00edtettek.<\/p>\n","protected":false},"author":1,"featured_media":0,"comment_status":"open","ping_status":"closed","sticky":false,"template":"","format":"standard","meta":[],"categories":[48],"tags":[],"_links":{"self":[{"href":"https:\/\/gazdasagportal.hu\/index.php\/wp-json\/wp\/v2\/posts\/19723"}],"collection":[{"href":"https:\/\/gazdasagportal.hu\/index.php\/wp-json\/wp\/v2\/posts"}],"about":[{"href":"https:\/\/gazdasagportal.hu\/index.php\/wp-json\/wp\/v2\/types\/post"}],"author":[{"embeddable":true,"href":"https:\/\/gazdasagportal.hu\/index.php\/wp-json\/wp\/v2\/users\/1"}],"replies":[{"embeddable":true,"href":"https:\/\/gazdasagportal.hu\/index.php\/wp-json\/wp\/v2\/comments?post=19723"}],"version-history":[{"count":1,"href":"https:\/\/gazdasagportal.hu\/index.php\/wp-json\/wp\/v2\/posts\/19723\/revisions"}],"predecessor-version":[{"id":19724,"href":"https:\/\/gazdasagportal.hu\/index.php\/wp-json\/wp\/v2\/posts\/19723\/revisions\/19724"}],"wp:attachment":[{"href":"https:\/\/gazdasagportal.hu\/index.php\/wp-json\/wp\/v2\/media?parent=19723"}],"wp:term":[{"taxonomy":"category","embeddable":true,"href":"https:\/\/gazdasagportal.hu\/index.php\/wp-json\/wp\/v2\/categories?post=19723"},{"taxonomy":"post_tag","embeddable":true,"href":"https:\/\/gazdasagportal.hu\/index.php\/wp-json\/wp\/v2\/tags?post=19723"}],"curies":[{"name":"wp","href":"https:\/\/api.w.org\/{rel}","templated":true}]}}