{"id":19721,"date":"2013-10-28T16:04:47","date_gmt":"2013-10-28T15:04:47","guid":{"rendered":"http:\/\/stockportal.hu\/?p=19721"},"modified":"2013-10-28T16:04:47","modified_gmt":"2013-10-28T15:04:47","slug":"titkos-adatgyujtes-berlin-szerint-folytatni-kell-a-transzatlanti-szabadkereskedelmi-targyalasokat-az-ellenzek-snowden-meghallgatasat-surgeti","status":"publish","type":"post","link":"https:\/\/gazdasagportal.hu\/index.php\/titkos-adatgyujtes-berlin-szerint-folytatni-kell-a-transzatlanti-szabadkereskedelmi-targyalasokat-az-ellenzek-snowden-meghallgatasat-surgeti\/","title":{"rendered":"Titkos adatgy\u0171jt\u00e9s &#8211; Berlin szerint folytatni kell a transzatlanti szabadkereskedelmi t\u00e1rgyal\u00e1sokat, az ellenz\u00e9k Snowden meghallgat\u00e1s\u00e1t s\u00fcrgeti"},"content":{"rendered":"<p><strong>A n\u00e9met korm\u00e1ny szerint az amerikai Nemzetbiztons\u00e1gi \u00dcgyn\u00f6ks\u00e9g (NSA) k\u00f6r\u00fcl kialakult megfigyel\u00e9si botr\u00e1ny ellen\u00e9re folytatni kell a t\u00e1rgyal\u00e1sokat az Eur\u00f3pai Uni\u00f3 \u00e9s az Egyes\u00fclt \u00c1llamok k\u00f6z\u00f6tti szabadkereskedelmi meg\u00e1llapod\u00e1sr\u00f3l. A Bundestag rendk\u00edv\u00fcli \u00fcl\u00e9sen t\u00e1rgyal Angela Merkel kancell\u00e1r mobilj\u00e1nak felt\u00e9telezett megfigyel\u00e9s\u00e9r\u0151l, \u00e9s v\u00e1rhat\u00f3an vizsg\u00e1l\u00f3bizotts\u00e1got is alak\u00edtanak az \u00fcgy felt\u00e1r\u00e1s\u00e1ra. Az ellenz\u00e9ki p\u00e1rtok szerint a bizotts\u00e1gnak Edward Snowdent is meg kell hallgatnia.<!--more--><\/strong><\/p>\n<p>A transzatlanti szabadkereskedelmi \u00f6vezet kialak\u00edt\u00e1sa tov\u00e1bbra is n\u00e9met \u00e9rdek &#8211; mondta Steffen Seibert korm\u00e1nysz\u00f3viv\u0151 h\u00e9tf\u0151i t\u00e1j\u00e9koztat\u00f3j\u00e1n, reag\u00e1lva konzervat\u00edv \u00e9s szoci\u00e1ldemokrata politikusok k\u00f6vetel\u00e9s\u00e9re, hogy f\u00fcggessz\u00e9k fel a t\u00e1rgyal\u00e1sokat a kancell\u00e1r mobiltelefonj\u00e1nak felt\u00e9telezett megfigyel\u00e9se miatt.<br \/>\nAngela Merkel kancell\u00e1r ezt nem t\u00e1mogatja, a banki adatok cser\u00e9j\u00e9r\u0151l sz\u00f3l\u00f3 Swift-egyezm\u00e9ny felf\u00fcggeszt\u00e9s\u00e9vel kapcsolatban viszont nyitottabb &#8211; mondta a korm\u00e1nysz\u00f3viv\u0151. Hangs\u00falyozta: s\u00falyos t\u00f6r\u00e9st okozna a n\u00e9met-amerikai viszonyban, ha beigazol\u00f3dn\u00e1nak a kancell\u00e1r mobilj\u00e1nak megfigyel\u00e9s\u00e9re vonatkoz\u00f3 felt\u00e9telez\u00e9sek, de a n\u00e9met korm\u00e1ny der\u0171l\u00e1t\u00f3, \u00fagy v\u00e9li, hogy az elveszett bizalmat vissza lehet szerezni, \u00e9s a megfigyel\u00e9si \u00fcgy nem rontja tart\u00f3san a k\u00e9t orsz\u00e1g bar\u00e1ts\u00e1g\u00e1t.<br \/>\nN\u00e9met sajt\u00f3\u00e9rtes\u00fcl\u00e9sek szerint az NSA \u00e9s a K\u00f6zponti H\u00edrszerz\u0151 \u00dcgyn\u00f6ks\u00e9g (CIA) lehallgat\u00e1sra szakosodott k\u00f6z\u00f6s egys\u00e9ge a berlini kancell\u00e1ri hivatalt\u00f3l alig n\u00e9h\u00e1ny sz\u00e1z m\u00e9terre \u00e1ll\u00f3 amerikai nagyk\u00f6vets\u00e9g tet\u0151ter\u00e9ben \u00fczemeltetett megfigyel\u0151 k\u00f6zpontot. Steffen Seibert ezzel kapcsolatban csak annyit mondott, hogy a n\u00e9met hat\u00f3s\u00e1gok &#8222;teljes er\u0151vel&#8221; vizsg\u00e1lj\u00e1k az \u00fcgyet, \u00e9s hamarosan Washingtonba utazik egy magas rang\u00fa k\u00fcld\u00f6tts\u00e9g, amelynek tagjai k\u00f6z\u00f6tt lesz a sz\u00f6vets\u00e9gi alkotm\u00e1nyv\u00e9delmi hivatal (BfV) \u00e9s a sz\u00f6vets\u00e9gi h\u00edrszerz\u0151 szolg\u00e1lat (BND) &#8211; a bels\u0151 elh\u00e1r\u00edt\u00e1s \u00e9s a k\u00fclf\u00f6ldi h\u00edrszerz\u0151 szervezet &#8211; eln\u00f6ke. A deleg\u00e1ci\u00f3 a Feh\u00e9r H\u00e1z \u00e9s az NSA k\u00e9pvisel\u0151ivel is t\u00e1rgyal.<br \/>\nA megfigyel\u00e9si \u00fcgyr\u0151l a Bundestag is t\u00e1rgyal majd. A n\u00e9met t\u00f6rv\u00e9nyhoz\u00e1s als\u00f3h\u00e1za november 18-\u00e1n rendk\u00edv\u00fcli \u00fcl\u00e9sen foglalkozik az \u00fcggyel &#8211; k\u00f6z\u00f6lte h\u00e9tf\u0151n a konzervat\u00edv CDU\/CSU p\u00e1rtsz\u00f6vets\u00e9g k\u00e9pvisel\u0151csoportj\u00e1nak sz\u00f3viv\u0151je. A rendk\u00edv\u00fcli \u00fcl\u00e9s \u00f6sszeh\u00edv\u00e1s\u00e1t a konzervat\u00edvok a rem\u00e9nybeli koal\u00edci\u00f3s partnerrel, a szoci\u00e1ldemokrat\u00e1kkal egy\u00fctt kezdem\u00e9nyezik, de a d\u00f6nt\u00e9sbe bevont\u00e1k a t\u00f6bb parlamenti p\u00e1rtot is.<br \/>\nAz \u00fcl\u00e9sen v\u00e1rhat\u00f3an vizsg\u00e1l\u00f3bizotts\u00e1got alak\u00edtanak a n\u00e9met sajt\u00f3ban MerkelPhone-aff\u00e9rnek is nevezett \u00fcgy felt\u00e1r\u00e1s\u00e1ra.<br \/>\nAz ellenz\u00e9ki p\u00e1rtok, a Z\u00f6ldek \u00e9s a Baloldal szerint a bizotts\u00e1gnak meg kell hallgatnia Edward Snowdent is, ez\u00e9rt N\u00e9metorsz\u00e1gnak mened\u00e9ket kell biztos\u00edtania az NSA Ororszorsz\u00e1gban tart\u00f3zkod\u00f3 volt munkat\u00e1rs\u00e1nak, aki kisziv\u00e1rogtatta az \u00fcgyn\u00f6ks\u00e9g titkos megfigyel\u00e9si programjair\u00f3l sz\u00f3l\u00f3 dokumentumokat.<br \/>\nA n\u00e9met korm\u00e1ny nem keresi a kapcsolatot Edward Snowdennel. &#8222;Ez a k\u00e9rd\u00e9s egyel\u0151re nem mer\u00fclt fel&#8221; &#8211; reag\u00e1lt a korm\u00e1nysz\u00f3viv\u0151 az ellenz\u00e9ki javaslatra.(MTI)<\/p>\n","protected":false},"excerpt":{"rendered":"<p>A n\u00e9met korm\u00e1ny szerint az amerikai Nemzetbiztons\u00e1gi \u00dcgyn\u00f6ks\u00e9g (NSA) k\u00f6r\u00fcl kialakult megfigyel\u00e9si botr\u00e1ny ellen\u00e9re folytatni kell a t\u00e1rgyal\u00e1sokat az Eur\u00f3pai Uni\u00f3 \u00e9s az Egyes\u00fclt \u00c1llamok k\u00f6z\u00f6tti szabadkereskedelmi meg\u00e1llapod\u00e1sr\u00f3l. A Bundestag rendk\u00edv\u00fcli \u00fcl\u00e9sen t\u00e1rgyal Angela Merkel kancell\u00e1r mobilj\u00e1nak felt\u00e9telezett megfigyel\u00e9s\u00e9r\u0151l, \u00e9s v\u00e1rhat\u00f3an vizsg\u00e1l\u00f3bizotts\u00e1got is alak\u00edtanak az \u00fcgy felt\u00e1r\u00e1s\u00e1ra. Az ellenz\u00e9ki p\u00e1rtok szerint a bizotts\u00e1gnak Edward Snowdent &#8230;<\/p>\n","protected":false},"author":1,"featured_media":0,"comment_status":"open","ping_status":"closed","sticky":false,"template":"","format":"standard","meta":[],"categories":[13,12],"tags":[],"_links":{"self":[{"href":"https:\/\/gazdasagportal.hu\/index.php\/wp-json\/wp\/v2\/posts\/19721"}],"collection":[{"href":"https:\/\/gazdasagportal.hu\/index.php\/wp-json\/wp\/v2\/posts"}],"about":[{"href":"https:\/\/gazdasagportal.hu\/index.php\/wp-json\/wp\/v2\/types\/post"}],"author":[{"embeddable":true,"href":"https:\/\/gazdasagportal.hu\/index.php\/wp-json\/wp\/v2\/users\/1"}],"replies":[{"embeddable":true,"href":"https:\/\/gazdasagportal.hu\/index.php\/wp-json\/wp\/v2\/comments?post=19721"}],"version-history":[{"count":1,"href":"https:\/\/gazdasagportal.hu\/index.php\/wp-json\/wp\/v2\/posts\/19721\/revisions"}],"predecessor-version":[{"id":19722,"href":"https:\/\/gazdasagportal.hu\/index.php\/wp-json\/wp\/v2\/posts\/19721\/revisions\/19722"}],"wp:attachment":[{"href":"https:\/\/gazdasagportal.hu\/index.php\/wp-json\/wp\/v2\/media?parent=19721"}],"wp:term":[{"taxonomy":"category","embeddable":true,"href":"https:\/\/gazdasagportal.hu\/index.php\/wp-json\/wp\/v2\/categories?post=19721"},{"taxonomy":"post_tag","embeddable":true,"href":"https:\/\/gazdasagportal.hu\/index.php\/wp-json\/wp\/v2\/tags?post=19721"}],"curies":[{"name":"wp","href":"https:\/\/api.w.org\/{rel}","templated":true}]}}