{"id":19642,"date":"2013-10-27T18:52:40","date_gmt":"2013-10-27T17:52:40","guid":{"rendered":"http:\/\/stockportal.hu\/?p=19642"},"modified":"2013-10-27T18:52:40","modified_gmt":"2013-10-27T17:52:40","slug":"ellenzi-az-allamadossag-noveleset-a-nemet-penzugyminiszter","status":"publish","type":"post","link":"https:\/\/gazdasagportal.hu\/index.php\/ellenzi-az-allamadossag-noveleset-a-nemet-penzugyminiszter\/","title":{"rendered":"Ellenzi az \u00e1llamad\u00f3ss\u00e1g n\u00f6vel\u00e9s\u00e9t a n\u00e9met p\u00e9nz\u00fcgyminiszter"},"content":{"rendered":"<p><strong>Wolfgang Sch\u00e4uble n\u00e9met p\u00e9nz\u00fcgyminiszter elveti az \u00e1llamad\u00f3ss\u00e1g \u00e9s az ad\u00f3terhek n\u00f6vel\u00e9s\u00e9nek m\u00e9g a gondolat\u00e1t is, \u00e9s ezt az \u00e1ll\u00e1spontot k\u00e9pviseli a koal\u00edci\u00f3s t\u00e1rgyal\u00e1sokon &#8211; der\u00fcl ki a n\u00e9met Focus h\u00edrport\u00e1lnak adott interj\u00faj\u00e1b\u00f3l.<!--more--><\/strong><\/p>\n<p>&#8222;J\u00f6v\u0151re el\u00e9rj\u00fck a struktur\u00e1lis null\u00e1t, 2015-t\u0151l pedig m\u00e1r egy\u00e1ltal\u00e1n nem k\u00e9pez\u00fcnk \u00faj ad\u00f3ss\u00e1got \u00e9s k\u00e9s\u0151bb is ehhez fogjuk tartani magunkat&#8221; &#8211; mondta. A k\u00f6z\u00e9pt\u00e1v\u00fa k\u00f6lts\u00e9gvet\u00e9si tervekben ennek ellen\u00e9re is lehet majd sz\u00e1molni n\u00e9mi t\u00f6bbletkiad\u00e1ssal 2017-ig, felt\u00e9ve hogy a korm\u00e1ny tartja mag\u00e1t a n\u00f6veked\u00e9sbar\u00e1t kurzushoz &#8211; Wolfgang Sch\u00e4uble a Focus h\u00edrport\u00e1lnak adott interj\u00faban.<br \/>\nA n\u00e9met \u00e1llamad\u00f3ss\u00e1g jelenlegi m\u00e9rt\u00e9ke a hazai \u00f6sszterm\u00e9k mintegy 82 sz\u00e1zal\u00e9ka.<br \/>\n&#8222;A deficitcs\u00f6kkent\u00e9st \u00e9s az ad\u00f3bev\u00e9telek n\u00f6vel\u00e9s\u00e9t nem ad\u00f3emel\u00e9ssel, hanem gazdas\u00e1gi n\u00f6veked\u00e9ssel \u00e9s a foglalkoztat\u00e1s javul\u00e1s\u00e1val tudtuk el\u00e9rni&#8221; &#8211; hangs\u00falyozta Wolfgang Sch\u00e4uble. &#8222;Aki ezt vesz\u00e9lyezteti egy\u00fattal azt is kock\u00e1ztatja, hogy a v\u00e9g\u00e9n kevesebb\u0151l kell majd kij\u00f6nnie&#8221; &#8211; fogalmazott. Az elad\u00f3sodotts\u00e1g ar\u00e1nya a p\u00e9nz\u00fcgyminiszter szerint automatikusan cs\u00f6kkenni fog, ha a koal\u00edci\u00f3 a folytat\u00f3d\u00f3 gazdas\u00e1gi n\u00f6veked\u00e9s k\u00f6zepette nem bocs\u00e1t ki \u00faj ad\u00f3ss\u00e1got.<br \/>\n&#8222;Amikor a fiatalok azt k\u00e9rdezik t\u0151lem mikor lehet m\u00e1r v\u00e9gre teljesen megszabadulni az ad\u00f3ss\u00e1gokt\u00f3l, azt szoktam v\u00e1laszolni, hogy rem\u00e9lhet\u0151leg soha, mivel ad\u00f3ss\u00e1got elt\u00fcntetni csak devizareformmal lehet&#8221; &#8211; v\u00e1laszolta arra a k\u00e9rd\u00e9sre, hogy a korm\u00e1ny mi\u00e9rt nem fog bele t\u00f6rleszt\u00e9ssel ad\u00f3ss\u00e1g\u00e1llom\u00e1ny cs\u00f6kkent\u00e9s\u00e9be.<br \/>\n&#8222;Egy m\u0171k\u00f6d\u0151k\u00e9pes nemzetgazdas\u00e1g sz\u00e1m\u00e1ra az igaz\u00e1n fontos k\u00e9rd\u00e9s az, hogy mekkora az ad\u00f3ss\u00e1g ar\u00e1nya a gazdas\u00e1g teljes\u00edt\u0151k\u00e9pess\u00e9g\u00e9hez k\u00e9pest. A n\u00e9met korm\u00e1ny az elk\u00f6vetkez\u0151 t\u00edz \u00e9ven bel\u00fcl ism\u00e9t az eur\u00f3pai stabilit\u00e1si \u00e9s n\u00f6veked\u00e9si paktumban lefektetett 60 sz\u00e1zal\u00e9kos hat\u00e1r alatti \u00e9rt\u00e9khez k\u00edv\u00e1n visszat\u00e9rni&#8221; &#8211; jelentette ki a p\u00e9nz\u00fcgyminiszter.<br \/>\nWolfgang Sch\u00e4uble az interj\u00faban kontraprodukt\u00edv eszk\u00f6znek nevezte az ad\u00f3emel\u00e9st. Arra a k\u00e9rd\u00e9sre adott v\u00e1lasz\u00e1ban, hogy ez az \u00e1ll\u00e1spont a fogyaszt\u00e1si ad\u00f3kra, illetve az ad\u00f3kedvezm\u00e9nyek elenged\u00e9s\u00e9re is vonatkozik-e, a miniszter lesz\u00f6gezte, hogy &#8222;az ad\u00f3k meg nem emel\u00e9se azt jelenti, hogy nem emel\u00fcnk meg semmif\u00e9le ad\u00f3t. Az ad\u00f3k meg nem emel\u00e9sre tett \u00edg\u00e9ret\u00fcnk minden esetre vonatkozik&#8221;.<br \/>\nA p\u00e9nz\u00fcgyminiszter m\u00e9rs\u00e9kelni k\u00edv\u00e1nja a szem\u00e9lyi j\u00f6vedelemad\u00f3nak a szem\u00e9lyi j\u00f6vedelmek magasabb ad\u00f3z\u00e1si s\u00e1vba cs\u00fasz\u00e1sa (kalte Progression, bracket creep) miatt bek\u00f6vetkez\u0151 n\u00f6veked\u00e9s\u00e9t is. &#8222;A m\u00faltban is erre t\u00f6rekedtem \u00e9s ezt most is fontosnak tartom&#8221; &#8211; hangs\u00falyozta.(MTI)<\/p>\n","protected":false},"excerpt":{"rendered":"<p>Wolfgang Sch\u00e4uble n\u00e9met p\u00e9nz\u00fcgyminiszter elveti az \u00e1llamad\u00f3ss\u00e1g \u00e9s az ad\u00f3terhek n\u00f6vel\u00e9s\u00e9nek m\u00e9g a gondolat\u00e1t is, \u00e9s ezt az \u00e1ll\u00e1spontot k\u00e9pviseli a koal\u00edci\u00f3s t\u00e1rgyal\u00e1sokon &#8211; der\u00fcl ki a n\u00e9met Focus h\u00edrport\u00e1lnak adott interj\u00faj\u00e1b\u00f3l.<\/p>\n","protected":false},"author":1,"featured_media":19643,"comment_status":"open","ping_status":"closed","sticky":false,"template":"","format":"standard","meta":[],"categories":[12],"tags":[],"_links":{"self":[{"href":"https:\/\/gazdasagportal.hu\/index.php\/wp-json\/wp\/v2\/posts\/19642"}],"collection":[{"href":"https:\/\/gazdasagportal.hu\/index.php\/wp-json\/wp\/v2\/posts"}],"about":[{"href":"https:\/\/gazdasagportal.hu\/index.php\/wp-json\/wp\/v2\/types\/post"}],"author":[{"embeddable":true,"href":"https:\/\/gazdasagportal.hu\/index.php\/wp-json\/wp\/v2\/users\/1"}],"replies":[{"embeddable":true,"href":"https:\/\/gazdasagportal.hu\/index.php\/wp-json\/wp\/v2\/comments?post=19642"}],"version-history":[{"count":2,"href":"https:\/\/gazdasagportal.hu\/index.php\/wp-json\/wp\/v2\/posts\/19642\/revisions"}],"predecessor-version":[{"id":19646,"href":"https:\/\/gazdasagportal.hu\/index.php\/wp-json\/wp\/v2\/posts\/19642\/revisions\/19646"}],"wp:featuredmedia":[{"embeddable":true,"href":"https:\/\/gazdasagportal.hu\/index.php\/wp-json\/wp\/v2\/media\/19643"}],"wp:attachment":[{"href":"https:\/\/gazdasagportal.hu\/index.php\/wp-json\/wp\/v2\/media?parent=19642"}],"wp:term":[{"taxonomy":"category","embeddable":true,"href":"https:\/\/gazdasagportal.hu\/index.php\/wp-json\/wp\/v2\/categories?post=19642"},{"taxonomy":"post_tag","embeddable":true,"href":"https:\/\/gazdasagportal.hu\/index.php\/wp-json\/wp\/v2\/tags?post=19642"}],"curies":[{"name":"wp","href":"https:\/\/api.w.org\/{rel}","templated":true}]}}