{"id":19638,"date":"2013-10-27T18:15:02","date_gmt":"2013-10-27T17:15:02","guid":{"rendered":"http:\/\/stockportal.hu\/?p=19638"},"modified":"2013-10-27T19:20:46","modified_gmt":"2013-10-27T18:20:46","slug":"szekelyek-menete-szolidaritasi-megmozdulasokat-tartottak-europaban-es-eszak-amerikaban-is","status":"publish","type":"post","link":"https:\/\/gazdasagportal.hu\/index.php\/szekelyek-menete-szolidaritasi-megmozdulasokat-tartottak-europaban-es-eszak-amerikaban-is\/","title":{"rendered":"Sz\u00e9kelyek menete &#8211; Szolidarit\u00e1si megmozdul\u00e1sokat tartottak Eur\u00f3p\u00e1ban \u00e9s \u00c9szak-Amerik\u00e1ban is"},"content":{"rendered":"<p><strong>A Sz\u00e9kely Nemzeti Tan\u00e1cs (SZNT) h\u00e1romsz\u00e9ki demonstr\u00e1ci\u00f3j\u00e1val p\u00e1rhuzamosan Eur\u00f3pa \u00e9s \u00c9szak-Amerika t\u00f6bb nagyv\u00e1ros\u00e1ban is szolidarit\u00e1si megmozdul\u00e1sokat tartottak vas\u00e1rnap.<!--more--><\/strong><\/p>\n<p>Az egyes\u00fclt \u00e1llamokbeli Clevelandben a helyi magyarok egyik r\u00e1di\u00f3ja, a Bocskai R\u00e1di\u00f3 szervezett szolidarit\u00e1si t\u00fcntet\u00e9st. Csibi L\u00f3r\u00e1nd, a r\u00e1di\u00f3 f\u0151szerkeszt\u0151je az MTI-nek elmondta, hogy a demonstr\u00e1ci\u00f3t a Szent Imre-templom el\u0151tti parkol\u00f3ban tartott\u00e1k meg 100-150 ember r\u00e9szv\u00e9tel\u00e9vel. A megmozdul\u00e1st az\u00e9rt rendezt\u00e9k a Szent Imre-templom el\u0151tt, mert Clevelandben nincs rom\u00e1n k\u00fclk\u00e9pviselet. A t\u00fcntet\u0151k a transzparenseikre \u00edrt jelmondatokkal is tiltakoztak az ellen, hogy a rom\u00e1n korm\u00e1ny &#8222;fel akarja darabolni Sz\u00e9kelyf\u00f6ldet&#8221;.<br \/>\nA f\u0151szerkeszt\u0151 a rendezv\u00e9nyen felolvasta azt a ki\u00e1ltv\u00e1nyt, amelyben a Sz\u00e9kelyek nagy menetel\u00e9s\u00e9nek r\u00e9sztvev\u0151i meger\u0151s\u00edtett\u00e9k a Sz\u00e9kelyf\u00f6ld auton\u00f3mi\u00e1ja ir\u00e1nt kor\u00e1bban is kinyilv\u00e1n\u00edtott ig\u00e9ny\u00fcket. A demonstr\u00e1ci\u00f3t a magyar Himnusz \u00e9s a sz\u00e9kely himnusz el\u00e9nekl\u00e9s\u00e9vel z\u00e1rt\u00e1k &#8211; k\u00f6z\u00f6lte Csibi L\u00f3r\u00e1nd, aki \u00fagy tudja, hogy m\u00e1sutt \u00c9szak-Amerik\u00e1ban is voltak hasonl\u00f3 demonstr\u00e1ci\u00f3k, p\u00e9ld\u00e1ul New Yorkban \u00e9s Toront\u00f3ban.<br \/>\nA Sv\u00e9dorsz\u00e1gi Magyarok Orsz\u00e1gos Sz\u00f6vets\u00e9ge Stockholmban szervezett megmozdul\u00e1st, amelyen ott voltak a Sv\u00e9dorsz\u00e1gi Magyar Protest\u00e1ns Egyh\u00e1zi K\u00f6z\u00f6ss\u00e9g vas\u00e1rnapi \u00f6kumenikus istentisztelet\u00e9nek r\u00e9sztvev\u0151i is. A Sz\u00e9kelyek nagy menetel\u00e9s\u00e9t t\u00e1mogat\u00f3 mintegy kilencven felvonul\u00f3 a rom\u00e1n nagyk\u00f6vets\u00e9g el\u0151tt fejezte ki tiltakoz\u00e1s\u00e1t a tervezett k\u00f6zigazgat\u00e1si \u00e1tszervez\u00e9s miatt, \u00e9s pet\u00edci\u00f3t adtak \u00e1t a rom\u00e1n nagyk\u00f6vets\u00e9gnek. A Sv\u00e9dorsz\u00e1gban \u00e9l\u0151 magyarok mindig k\u00fczdeni fognak az \u00f6sszetartoz\u00e1s\u00e9rt \u00e9s az erd\u00e9lyi auton\u00f3mi\u00e1\u00e9rt. Erd\u00e9ly &#8222;nem feloszthat\u00f3&#8221; \u00e9s nem &#8222;beolvaszthat\u00f3&#8221; &#8211; hangzott el a rendezv\u00e9nyen.<br \/>\nMoln\u00e1r Veress P\u00e1l lelk\u00e9sz Sz\u00e9kelyf\u00f6ldnek c\u00edmzett \u00fczenet\u00e9ben P\u00e1l apostol Tim\u00f3teushoz \u00edrott level\u00e9b\u0151l id\u00e9zett. &#8222;Ama nemes harcomat megharcoltam, a fut\u00e1somat elv\u00e9geztem, a hitemet megtartottam&#8221;. Azt k\u00edv\u00e1njuk Sz\u00e9kelyf\u00f6ldnek, hogy mindenki a maga hely\u00e9n, a maga idej\u00e9ben a nemes harcot harcolja meg, fut\u00e1s\u00e1t becs\u00fclettel v\u00e9gezze el \u00e9s tartsa meg hit\u00e9t mindenkor &#8211; mondta.<br \/>\nStuttgart belv\u00e1ros\u00e1ban egy n\u00e9metorsz\u00e1gi magyar civil szervezet, a Hunnia Bar\u00e1ti K\u00f6r szervez\u00e9s\u00e9ben tartottak szolidarit\u00e1si t\u00fcntet\u00e9st. A megmozdul\u00e1son 300-an vettek r\u00e9szt a szervez\u0151k \u00e9s a t\u00fcntet\u00e9st biztos\u00edt\u00f3 rend\u0151r\u00f6k egybehangz\u00f3 becsl\u00e9se szerint &#8211; mondta el az MTI-nek telefonon Hahn-Seidl Alida szervez\u0151. A demonstr\u00e1ci\u00f3 k\u00f6z\u00f6s im\u00e1val kezd\u0151d\u00f6tt, majd a t\u00fcntet\u0151k Eszterg\u00e1m Mikl\u00f3s t\u00e1rogat\u00f3m\u0171v\u00e9sz k\u00eds\u00e9rete mellett sz\u00e9kely dalokat \u00e9nekelve vonultak v\u00e9gig a v\u00e1ros k\u00f6zpontj\u00e1ban. A t\u00fcntet\u00e9sen sz\u00e9kely \u00e9s magyar z\u00e1szl\u00f3kat emeltek a magasba, \u00e9s \u00f6sszesen 1500 sz\u00f3r\u00f3lapot osztottak ki a j\u00e1r\u00f3kel\u0151knek. A n\u00e9met nyelv\u0171 sz\u00f6vegben a sz\u00e9kelyek helyzet\u00e9r\u0151l \u00e9s t\u00f6rekv\u00e9seir\u0151l t\u00e1j\u00e9koztattak.<br \/>\nA Felvid\u00e9ken legal\u00e1bb hat helysz\u00ednen tartottak \u00e9s tartanak szimp\u00e1tiarendezv\u00e9nyeket.<br \/>\nA Magyar K\u00f6z\u00f6ss\u00e9g P\u00e1rtja (MKP) &#8211; a sz\u00e9kelyek auton\u00f3miat\u00f6rekv\u00e9seivel val\u00f3 szolidarit\u00e1sukat kifejezend\u0151 &#8211; Dunaszerdahelyen, P\u00e1rk\u00e1nyban, Rimaszombatban \u00e9s Szomotoron jelk\u00e9pes al\u00e1\u00edr\u00e1sgy\u0171jt\u00e9si akci\u00f3kat szervezett vas\u00e1rnap d\u00e9lut\u00e1n h\u00e1rom \u00f3r\u00e1t\u00f3l. A t\u00f6bb naposra tervezett akci\u00f3 annak els\u0151 \u00f3r\u00e1iban a szervez\u0151k szerint a &#8222;v\u00e1rakoz\u00e1soknak megfelel\u0151en haladt&#8221;, az \u00edveket t\u00f6bb sz\u00e1zan \u00edrt\u00e1k al\u00e1 helysz\u00ednenk\u00e9nt. &#8222;Ezzel is szeretn\u00e9nk jelezni, hogy erd\u00e9lyi bar\u00e1taink nincsenek egyed\u00fcl az \u00f6nrendelkez\u00e9s\u00e9rt folytatott k\u00fczdelemben, valamint azt is, hogy az auton\u00f3mia jogos ig\u00e9ny a felvid\u00e9ki magyars\u00e1g sz\u00e1m\u00e1ra is&#8221; &#8211; hangoztatta Ber\u00e9nyi J\u00f3zsef, az MKP eln\u00f6ke a dunaszerdahelyi rendezv\u00e9nyen mondott besz\u00e9d\u00e9ben. R\u00e1mutatott: az auton\u00f3mia sz\u00fcks\u00e9gess\u00e9g\u00e9r\u0151l Szlov\u00e1ki\u00e1ban nem csup\u00e1n a t\u00f6bbs\u00e9gi nemzetet kell meggy\u0151zni, hanem a felvid\u00e9ki magyars\u00e1gnak egy jelent\u0151s r\u00e9sz\u00e9t is.<br \/>\nGub\u00edk L\u00e1szl\u00f3, a Via Nova ICS eln\u00f6ke a szervezet \u00e1ltal az Eur\u00f3pai Uni\u00f3 pozsonyi k\u00e9pviselete el\u0151tt vas\u00e1rnap d\u00e9lel\u0151tt tartott t\u00fcntet\u00e9sen a sorsk\u00f6z\u00f6ss\u00e9g v\u00e1llal\u00e1s\u00e1nak fontoss\u00e1g\u00e1t emelte ki. &#8222;Csak az ilyen ki\u00e1ll\u00e1s hozhatja meg nemzeti k\u00f6z\u00f6ss\u00e9g\u00fcnk sz\u00e1m\u00e1ra az \u00f6nrendelkez\u00e9si t\u00f6rekv\u00e9sek siker\u00e9t. Ma mi vagyunk itt a sz\u00e9kelyek mellett, holnap tal\u00e1n m\u00e1r \u0151k lesznek ott mellett\u00fcnk&#8221; &#8211; hangs\u00falyozta. A besz\u00e9det k\u00f6vet\u0151en a t\u00fcntet\u00e9s n\u00e9h\u00e1ny tucat r\u00e9sztvev\u0151je, kez\u00fckben sz\u00e9kely z\u00e1szl\u00f3kkal \u00e9s a &#8222;Felvid\u00e9k Sz\u00e9kelyf\u00f6lddel van&#8221; felirat\u00fa transzparensekkel \u00e1tvonult Rom\u00e1nia pozsonyi nagyk\u00f6vets\u00e9ge el\u00e9, ahol felolvast\u00e1k a sz\u00e9kelyek \u00f6nrendelkez\u00e9sr\u0151l sz\u00f3l\u00f3 ki\u00e1ltv\u00e1ny\u00e1t, el\u00e9nekelt\u00e9k a sz\u00e9kely himnuszt, majd bedobt\u00e1k a dokumentumot a k\u00fclk\u00e9pviselet postal\u00e1d\u00e1j\u00e1ba.<br \/>\nA felvid\u00e9ki Di\u00e1kh\u00e1l\u00f3zat n\u00e9h\u00e1ny aktivist\u00e1ja vas\u00e1rnap m\u00e9g a kora reggeli \u00f3r\u00e1kban egy sz\u00e9kelyz\u00e1szl\u00f3t form\u00e1l\u00f3, \u00e9g\u0151 m\u00e9csesekb\u0151l \u00f6sszerakott alakzatot helyezett el Rom\u00e1nia pozsonyi nagyk\u00f6vets\u00e9ge el\u0151tt.<br \/>\nA vajdas\u00e1gi Topoly\u00e1n is nagygy\u0171l\u00e9st tartottak a Sz\u00e9kelyek nagy menetel\u00e9se szimp\u00e1tiarendezv\u00e9nyek\u00e9nt. A d\u00e9lvid\u00e9ki szolidarit\u00e1si rendezv\u00e9nyen \u00f6t vajdas\u00e1gi magyar p\u00e1rt &#8211; a Vajdas\u00e1gi Magyarok Demokratikus K\u00f6z\u00f6ss\u00e9ge, a Vajdas\u00e1gi Magyar Demokrata P\u00e1rt, a Magyar Rem\u00e9ny Mozgalom, a Magyar Polg\u00e1ri Sz\u00f6vets\u00e9g \u00e9s a Magyar Egys\u00e9g P\u00e1rt &#8211; vett r\u00e9szt. A megmozdul\u00e1son k\u00f6r\u00fclbel\u00fcl \u00f6tvenen voltak. Elhangzott, hogy a megjelentek t\u00e1mogatj\u00e1k a sz\u00e9kely \u00f6sszefog\u00e1st, \u00e9s a mintegy 250 ezer f\u0151s vajdas\u00e1gi magyars\u00e1gnak is ezt a p\u00e9ld\u00e1t kellene k\u00f6vetnie.<br \/>\nP\u00e1sztor Istv\u00e1n, a Vajdas\u00e1gi Magyar Sz\u00f6vets\u00e9g (VMSZ) eln\u00f6ke szombaton k\u00f6zlem\u00e9nyben fejtette ki, hogy a VMSZ t\u00e1mogatja a sz\u00e9kelyek nagy menetel\u00e9s\u00e9t. Szerinte ennek a menetoszlopnak kett\u0151s \u00fczenete van: &#8222;egyr\u00e9szt felh\u00edvja a figyelmet a magyar \u00f6sszefog\u00e1sra, m\u00e1sr\u00e9szt vil\u00e1goss\u00e1 teszi, hogy minden politikai csat\u00e1t, a k\u00e1rp\u00e1t-medencei magyars\u00e1g megmarad\u00e1sa szempontj\u00e1b\u00f3l fontos \u00fcgyet ott kell gy\u0151zelemre vinni, abban az orsz\u00e1gban, ahol a magyarok \u00e9lnek: a sz\u00e9kely auton\u00f3mi\u00e1t Rom\u00e1ni\u00e1ban kell el\u00e9rni&#8221;, ez\u00e9rt van sz\u00fcks\u00e9g egy er\u0151s magyar p\u00e1rt jelenl\u00e9t\u00e9re \u00e9s ki\u00e1ll\u00e1s\u00e1ra.<\/p>\n<p>A londoni magyar k\u00f6z\u00f6ss\u00e9g \u00e1ltal szervezett rendezv\u00e9nyen, amelyre hozz\u00e1vet\u0151leg 120-an gy\u0171ltek \u00f6ssze, megeml\u00e9keztek 1956 \u00e9vfordul\u00f3j\u00e1r\u00f3l is. A magyar \u00e9s sz\u00e9kely lobog\u00f3kat magasba tart\u00f3 t\u00fcntet\u0151k el\u0151tt Szarvas J\u00f3zsef, a Magyar Szabads\u00e1gharcosok Nagy-Britanniai Sz\u00f6vets\u00e9g\u00e9nek f\u0151titk\u00e1ra eml\u00e9kezett vissza a harcokra, a szovjet hadsereg bevonul\u00e1s\u00e1t k\u00f6vet\u0151 menek\u00fcl\u00e9sre.<br \/>\nEzut\u00e1n a demonstr\u00e1ci\u00f3 f\u0151sz\u00f3noka, Feh\u00e9r Tam\u00e1s, a Londoni Magyar Magvet\u0151 nev\u0171 csoport egyik vezet\u0151je k\u00f6vetelte Sz\u00e9kelyf\u00f6ld auton\u00f3mi\u00e1j\u00e1nak megteremt\u00e9s\u00e9t. Besz\u00e9d\u00e9ben r\u00e1mutatott: az id\u0151 rohamosan fogy, hiszen az ut\u00f3bbi h\u00fasz \u00e9vben f\u00e9lmilli\u00f3val cs\u00f6kkent az erd\u00e9lyi magyars\u00e1g l\u00e9leksz\u00e1ma asszimil\u00e1ci\u00f3 vagy elv\u00e1ndorl\u00e1s miatt. Elhangzott az is, hogy az Erd\u00e9ly feletti rom\u00e1n fennhat\u00f3s\u00e1g &#8222;ak\u00e1r katonai megsz\u00e1ll\u00e1snak is tekinthet\u0151, hiszen az erd\u00e9lyi magyarokat senki nem k\u00e9rdezte arr\u00f3l, hogy rom\u00e1n fennhat\u00f3s\u00e1g alatt k\u00edv\u00e1nnak-e \u00e9lni&#8221;.<br \/>\nA demonstr\u00e1ci\u00f3n el\u0151adt\u00e1k Wass Albert t\u00f6bb k\u00f6ltem\u00e9ny\u00e9t, \u00e9s a rendezv\u00e9ny v\u00e9g\u00e9n felolvast\u00e1k a Sz\u00e9kelyek nagy menetel\u00e9s\u00e9nek ki\u00e1ltv\u00e1ny\u00e1t. Az \u00f6sszegy\u0171ltek a t\u00fcntet\u00e9sen t\u00f6bbsz\u00f6r is az &#8222;Auton\u00f3mi\u00e1t Sz\u00e9kelyf\u00f6ldnek&#8221;, a &#8222;Vesszen Trianon&#8221;, illetve a &#8222;Sz\u00e9kelyf\u00f6ld nem Rom\u00e1nia&#8221; jelszavakat skand\u00e1lt\u00e1k.<br \/>\nA m\u00e1sf\u00e9l \u00f3r\u00e1s rendezv\u00e9ny a magyar \u00e9s a sz\u00e9kely himnusz el\u00e9nekl\u00e9s\u00e9vel \u00e9rt v\u00e9get.(MTI)<\/p><div id=\"gazda-1517150941\" class=\"gazda-tartalomban gazda-entity-placement\"><script async src=\"https:\/\/pagead2.googlesyndication.com\/pagead\/js\/adsbygoogle.js\"><\/script>\r\n<ins class=\"adsbygoogle\"\r\n     style=\"display:block\"\r\n     data-ad-format=\"fluid\"\r\n     data-ad-layout-key=\"-6t+ed+2i-1n-4w\"\r\n     data-ad-client=\"ca-pub-1959107119989764\"\r\n     data-ad-slot=\"4008251320\"><\/ins>\r\n<script>\r\n     (adsbygoogle = window.adsbygoogle || []).push({});\r\n<\/script><\/div>\n","protected":false},"excerpt":{"rendered":"<p>A Sz\u00e9kely Nemzeti Tan\u00e1cs (SZNT) h\u00e1romsz\u00e9ki demonstr\u00e1ci\u00f3j\u00e1val p\u00e1rhuzamosan Eur\u00f3pa \u00e9s \u00c9szak-Amerika t\u00f6bb nagyv\u00e1ros\u00e1ban is szolidarit\u00e1si megmozdul\u00e1sokat tartottak vas\u00e1rnap.<\/p>\n","protected":false},"author":1,"featured_media":19640,"comment_status":"open","ping_status":"closed","sticky":false,"template":"","format":"standard","meta":[],"categories":[48,18],"tags":[],"_links":{"self":[{"href":"https:\/\/gazdasagportal.hu\/index.php\/wp-json\/wp\/v2\/posts\/19638"}],"collection":[{"href":"https:\/\/gazdasagportal.hu\/index.php\/wp-json\/wp\/v2\/posts"}],"about":[{"href":"https:\/\/gazdasagportal.hu\/index.php\/wp-json\/wp\/v2\/types\/post"}],"author":[{"embeddable":true,"href":"https:\/\/gazdasagportal.hu\/index.php\/wp-json\/wp\/v2\/users\/1"}],"replies":[{"embeddable":true,"href":"https:\/\/gazdasagportal.hu\/index.php\/wp-json\/wp\/v2\/comments?post=19638"}],"version-history":[{"count":3,"href":"https:\/\/gazdasagportal.hu\/index.php\/wp-json\/wp\/v2\/posts\/19638\/revisions"}],"predecessor-version":[{"id":19647,"href":"https:\/\/gazdasagportal.hu\/index.php\/wp-json\/wp\/v2\/posts\/19638\/revisions\/19647"}],"wp:featuredmedia":[{"embeddable":true,"href":"https:\/\/gazdasagportal.hu\/index.php\/wp-json\/wp\/v2\/media\/19640"}],"wp:attachment":[{"href":"https:\/\/gazdasagportal.hu\/index.php\/wp-json\/wp\/v2\/media?parent=19638"}],"wp:term":[{"taxonomy":"category","embeddable":true,"href":"https:\/\/gazdasagportal.hu\/index.php\/wp-json\/wp\/v2\/categories?post=19638"},{"taxonomy":"post_tag","embeddable":true,"href":"https:\/\/gazdasagportal.hu\/index.php\/wp-json\/wp\/v2\/tags?post=19638"}],"curies":[{"name":"wp","href":"https:\/\/api.w.org\/{rel}","templated":true}]}}