{"id":19625,"date":"2013-10-27T17:29:34","date_gmt":"2013-10-27T16:29:34","guid":{"rendered":"http:\/\/stockportal.hu\/?p=19625"},"modified":"2013-10-27T14:32:29","modified_gmt":"2013-10-27T13:32:29","slug":"koltsegvetes-fidesz-az-orszag-az-ellenkezo-iranyba-tart-mint-az-mszp-idejen","status":"publish","type":"post","link":"https:\/\/gazdasagportal.hu\/index.php\/koltsegvetes-fidesz-az-orszag-az-ellenkezo-iranyba-tart-mint-az-mszp-idejen\/","title":{"rendered":"K\u00f6lts\u00e9gvet\u00e9s &#8211; Fidesz: az orsz\u00e1g az ellenkez\u0151 ir\u00e1nyba tart, mint az MSZP idej\u00e9n"},"content":{"rendered":"<p><strong>A Fidesz szerint Magyarorsz\u00e1g \u00e9ppen az ellenkez\u0151 ir\u00e1nyba tart, mint a szocialist\u00e1k korm\u00e1nyz\u00e1sa idej\u00e9n, amikor az elszeg\u00e9nyed\u00e9s k\u00f6lts\u00e9gvet\u00e9sei sz\u00fclettek.<!--more--><\/strong><\/p>\n<p>A nagyobbik korm\u00e1nyp\u00e1rt \u00edgy komment\u00e1lta az MSZP frakci\u00f3vezet\u0151-helyettes\u00e9nek vas\u00e1rnapi szavait. J\u00f3zsa Istv\u00e1n sajt\u00f3t\u00e1j\u00e9koztat\u00f3j\u00e1n azt mondta, a 2014-es b\u00fcdzs\u00e9 az elszeg\u00e9nyed\u00e9s \u00e9s a leszakad\u00e1s k\u00f6lts\u00e9gvet\u00e9se, amelyb\u0151l hi\u00e1nyzik a szoci\u00e1lis \u00e9rz\u00e9kenys\u00e9g.<br \/>\nA Fidesz sajt\u00f3irod\u00e1ja az MTI-hez eljuttatott k\u00f6zlem\u00e9ny\u00e9ben erre v\u00e1laszul azt \u00edrta, hogy 2014-ben t\u00f6bb p\u00e9nz marad a csal\u00e1dokn\u00e1l, t\u00f6bben dolgozhatnak, \u00e9s az orsz\u00e1g m\u00e9g er\u0151sebb lesz.<br \/>\nJanu\u00e1rt\u00f3l tov\u00e1bb cs\u00f6kken a kiskereset\u0171 csal\u00e1dok ad\u00f3ja, eg\u00e9sz \u00e9vben \u00e9rezhet\u0151 lesz a rezsics\u00f6kkent\u00e9s hat\u00e1sa, \u00e9s folytat\u00f3dik a pedag\u00f3gusb\u00e9r-emel\u00e9s &#8211; sorolt\u00e1k, jelezve, hogy csak ez a h\u00e1rom int\u00e9zked\u00e9s 700 milli\u00e1rd forintot hagy a csal\u00e1dok \u00e9s a munkav\u00e1llal\u00f3k zseb\u00e9ben.<br \/>\n&#8222;\u00c9ppen az ellenkez\u0151 ir\u00e1nyba tartunk, mint a szocialist\u00e1k korm\u00e1nyz\u00e1sa idej\u00e9n, amikor a Gyurcs\u00e1ny-Bajnai-korm\u00e1ny \u00e9vr\u0151l \u00e9vre val\u00f3ban az elszeg\u00e9nyed\u00e9s \u00e9s a leszakad\u00e1s k\u00f6lts\u00e9gvet\u00e9s\u00e9t alkotta meg&#8221;, hiszen sorozatos megszor\u00edt\u00e1sok s\u00fajtott\u00e1k a lakoss\u00e1got, megdupl\u00e1z\u00f3dott a munkan\u00e9lk\u00fcliek sz\u00e1ma \u00e9s az \u00e1llamad\u00f3ss\u00e1g, s csaknem G\u00f6r\u00f6gorsz\u00e1g sors\u00e1ra jutott az orsz\u00e1g &#8211; \u00edrt\u00e1k.<br \/>\nA Fidesz szerint ezzel szemben a j\u00f6v\u0151 \u00e9vi k\u00f6lts\u00e9gvet\u00e9s garancia arra, hogy Magyarorsz\u00e1g tartja a 2010 \u00f3ta megl\u00e9v\u0151 menetir\u00e1nyt: megszabadult a Nemzetk\u00f6zi Valutaalapt\u00f3l, saj\u00e1t l\u00e1b\u00e1ra \u00e1llt, kil\u00e9pett a gazdas\u00e1gi recesszi\u00f3b\u00f3l, tart\u00f3s gazdas\u00e1gi n\u00f6veked\u00e9si p\u00e1ly\u00e1ra \u00e1llt, 21 \u00e9ves t\u00f6rt\u00e9nelmi cs\u00facson van a foglalkoztat\u00e1s, a csal\u00e1dok meg\u00e9lhet\u00e9s\u00e9t pedig \u00e9rdemi int\u00e9zked\u00e9sek seg\u00edtik.(MTI)<\/p>\n","protected":false},"excerpt":{"rendered":"<p>A Fidesz szerint Magyarorsz\u00e1g \u00e9ppen az ellenkez\u0151 ir\u00e1nyba tart, mint a szocialist\u00e1k korm\u00e1nyz\u00e1sa idej\u00e9n, amikor az elszeg\u00e9nyed\u00e9s k\u00f6lts\u00e9gvet\u00e9sei sz\u00fclettek.<\/p>\n","protected":false},"author":1,"featured_media":0,"comment_status":"open","ping_status":"closed","sticky":false,"template":"","format":"standard","meta":[],"categories":[18],"tags":[],"_links":{"self":[{"href":"https:\/\/gazdasagportal.hu\/index.php\/wp-json\/wp\/v2\/posts\/19625"}],"collection":[{"href":"https:\/\/gazdasagportal.hu\/index.php\/wp-json\/wp\/v2\/posts"}],"about":[{"href":"https:\/\/gazdasagportal.hu\/index.php\/wp-json\/wp\/v2\/types\/post"}],"author":[{"embeddable":true,"href":"https:\/\/gazdasagportal.hu\/index.php\/wp-json\/wp\/v2\/users\/1"}],"replies":[{"embeddable":true,"href":"https:\/\/gazdasagportal.hu\/index.php\/wp-json\/wp\/v2\/comments?post=19625"}],"version-history":[{"count":1,"href":"https:\/\/gazdasagportal.hu\/index.php\/wp-json\/wp\/v2\/posts\/19625\/revisions"}],"predecessor-version":[{"id":19626,"href":"https:\/\/gazdasagportal.hu\/index.php\/wp-json\/wp\/v2\/posts\/19625\/revisions\/19626"}],"wp:attachment":[{"href":"https:\/\/gazdasagportal.hu\/index.php\/wp-json\/wp\/v2\/media?parent=19625"}],"wp:term":[{"taxonomy":"category","embeddable":true,"href":"https:\/\/gazdasagportal.hu\/index.php\/wp-json\/wp\/v2\/categories?post=19625"},{"taxonomy":"post_tag","embeddable":true,"href":"https:\/\/gazdasagportal.hu\/index.php\/wp-json\/wp\/v2\/tags?post=19625"}],"curies":[{"name":"wp","href":"https:\/\/api.w.org\/{rel}","templated":true}]}}