{"id":19552,"date":"2013-10-25T14:52:03","date_gmt":"2013-10-25T12:52:03","guid":{"rendered":"http:\/\/stockportal.hu\/?p=19552"},"modified":"2013-10-25T16:28:06","modified_gmt":"2013-10-25T14:28:06","slug":"titkos-adatgyujtes-romano-prodi-szerint-ot-mar-tiz-evvel-ezelott-is-lehallgattak","status":"publish","type":"post","link":"https:\/\/gazdasagportal.hu\/index.php\/titkos-adatgyujtes-romano-prodi-szerint-ot-mar-tiz-evvel-ezelott-is-lehallgattak\/","title":{"rendered":"Titkos adatgy\u0171jt\u00e9s &#8211; Romano Prodi szerint \u0151t m\u00e1r t\u00edz \u00e9vvel ezel\u0151tt is lehallgatt\u00e1k"},"content":{"rendered":"<p><strong>A titkos adatgy\u0171jt\u00e9st r\u00e9g bev\u00e1lt gyakorlatnak nevezte az err\u0151l az olasz sajt\u00f3nak nyilatkoz\u00f3 Romano Prodi volt olasz korm\u00e1nyf\u0151, aki szerint Eur\u00f3p\u00e1ban mindenkit lehallgatnak.<!--more--><\/strong><\/p>\n<p>Nem sz\u00e1m\u00edt \u00fajdons\u00e1gnak, hogy az eur\u00f3pai politikai vezet\u0151ket az Egyes\u00fclt \u00c1llamok lehallgatja &#8211; id\u00e9zte Romano Prodit a Corriere della Sera napilap. \u00a0\u00a0\u00a0\u00a0\u00a0\u00a0\u00a0\u00a0Az olasz politikus hozz\u00e1tette, biztosan tudja, hogy t\u00edz \u00e9vvel ezel\u0151tt, amikor 1999 \u00e9s 2004 k\u00f6z\u00f6tt az Eur\u00f3pai Bizotts\u00e1g eln\u00f6ke volt, lehallgatt\u00e1k\u00a0\u00a0az Eni olasz k\u0151olajv\u00e1llalat akkori eln\u00f6k\u00e9vel folytatott telefonbesz\u00e9lget\u00e9seit. Ezeket nem sokkal k\u00e9s\u0151bb a nemzetk\u00f6zi sajt\u00f3ban l\u00e1tta vissza amerikai forr\u00e1sb\u00f3l id\u00e9zve.\u00a0\u00a0\u00a0\u00a0 \u00a0\u00a0\u00a0\u00a0\u00a0\u00a0 &#8222;A hangom beker\u00fclt az Echelon programba, \u00e9s att\u00f3l kezdve, minden h\u00edv\u00e1somat r\u00f6gz\u00edtett\u00e9k, ak\u00e1rmilyen k\u00e9sz\u00fcl\u00e9kr\u0151l is besz\u00e9ltem&#8221; &#8211; nyilatkozta Prodi. Hangs\u00falyozta, hogy a mostani lehallgat\u00e1si botr\u00e1nyban szerepl\u0151 Prism h\u00e1l\u00f3ja nem m\u00e1s, mint az Echelon ut\u00f3dja.\u00a0\u00a0\u00a0\u00a0 \u00a0\u00a0\u00a0\u00a0\u00a0\u00a0\u00a0\u00a0&#8222;Eur\u00f3p\u00e1ban minden telefont, faxot \u00e9s elektronikus kapcsolatot rendszeresen ellen\u0151riznek. Az inform\u00e1ci\u00f3k Menwith Hill brit katonai b\u00e1zis\u00e1ra futnak be, innen pedig az amerikai Nemzetbiztons\u00e1gi \u00dcgyn\u00f6ks\u00e9gnek (NSA) tov\u00e1bb\u00edtj\u00e1k \u0151ket&#8221; &#8211; tette hozz\u00e1 Prodi.\u00a0\u00a0 \u00a0\u00a0\u00a0\u00a0A L&#8217;Espresso olasz hetilap p\u00e9nteki sz\u00e1m\u00e1ban Glenn Greenwald, a The Guardian brit napilapnak a Datagate botr\u00e1nyt kirobbant\u00f3 \u00fajs\u00e1g\u00edr\u00f3ja elmondta, hogy az Egyes\u00fclt Kir\u00e1lys\u00e1g az \u00fagynevezett Tempora adatgy\u0171jt\u0151 programmal hallgatta le az olaszorsz\u00e1gi h\u00edv\u00e1sokat az olasz titkosszolg\u00e1lattal egy\u00fcttm\u0171k\u00f6dve. \u00a0\u00a0\u00a0\u00a0\u00a0\u00a0Enrico Letta olasz minisztereln\u00f6k\u00f6t a br\u00fcsszeli EU-cs\u00facson az olasz \u00fajs\u00e1g\u00edr\u00f3k arr\u00f3l k\u00e9rdezt\u00e9k, tudom\u00e1sa szerint a lehallgatott eur\u00f3pai politikusok k\u00f6z\u00f6tt van-e. Letta elh\u00e1r\u00edtotta a v\u00e1laszt.(MTI)<\/p>\n","protected":false},"excerpt":{"rendered":"<p>A titkos adatgy\u0171jt\u00e9st r\u00e9g bev\u00e1lt gyakorlatnak nevezte az err\u0151l az olasz sajt\u00f3nak nyilatkoz\u00f3 Romano Prodi volt olasz korm\u00e1nyf\u0151, aki szerint Eur\u00f3p\u00e1ban mindenkit lehallgatnak.<\/p>\n","protected":false},"author":1,"featured_media":0,"comment_status":"open","ping_status":"closed","sticky":false,"template":"","format":"standard","meta":[],"categories":[12],"tags":[],"_links":{"self":[{"href":"https:\/\/gazdasagportal.hu\/index.php\/wp-json\/wp\/v2\/posts\/19552"}],"collection":[{"href":"https:\/\/gazdasagportal.hu\/index.php\/wp-json\/wp\/v2\/posts"}],"about":[{"href":"https:\/\/gazdasagportal.hu\/index.php\/wp-json\/wp\/v2\/types\/post"}],"author":[{"embeddable":true,"href":"https:\/\/gazdasagportal.hu\/index.php\/wp-json\/wp\/v2\/users\/1"}],"replies":[{"embeddable":true,"href":"https:\/\/gazdasagportal.hu\/index.php\/wp-json\/wp\/v2\/comments?post=19552"}],"version-history":[{"count":1,"href":"https:\/\/gazdasagportal.hu\/index.php\/wp-json\/wp\/v2\/posts\/19552\/revisions"}],"predecessor-version":[{"id":19553,"href":"https:\/\/gazdasagportal.hu\/index.php\/wp-json\/wp\/v2\/posts\/19552\/revisions\/19553"}],"wp:attachment":[{"href":"https:\/\/gazdasagportal.hu\/index.php\/wp-json\/wp\/v2\/media?parent=19552"}],"wp:term":[{"taxonomy":"category","embeddable":true,"href":"https:\/\/gazdasagportal.hu\/index.php\/wp-json\/wp\/v2\/categories?post=19552"},{"taxonomy":"post_tag","embeddable":true,"href":"https:\/\/gazdasagportal.hu\/index.php\/wp-json\/wp\/v2\/tags?post=19552"}],"curies":[{"name":"wp","href":"https:\/\/api.w.org\/{rel}","templated":true}]}}