{"id":19541,"date":"2013-10-25T12:56:13","date_gmt":"2013-10-25T10:56:13","guid":{"rendered":"http:\/\/stockportal.hu\/?p=19541"},"modified":"2013-10-25T12:27:04","modified_gmt":"2013-10-25T10:27:04","slug":"eu-csucs-litvan-elnok-lesz-eu-ukran-megallapodas","status":"publish","type":"post","link":"https:\/\/gazdasagportal.hu\/index.php\/eu-csucs-litvan-elnok-lesz-eu-ukran-megallapodas\/","title":{"rendered":"EU-cs\u00facs &#8211; Litv\u00e1n eln\u00f6k: lesz EU-ukr\u00e1n meg\u00e1llapod\u00e1s"},"content":{"rendered":"<p><strong>Dalia Grybauskaite litv\u00e1n \u00e1llamf\u0151 szerint az EU \u00e9s Ukrajna al\u00e1\u00edrja majd a november 28-29-i vilniusi keleti partners\u00e9gi cs\u00facstal\u00e1lkoz\u00f3n az \u00e1tfog\u00f3 szabadkereskedelmi egyezm\u00e9nyt is tartalmaz\u00f3 t\u00e1rsul\u00e1si meg\u00e1llapod\u00e1st.<!--more--><\/strong><\/p>\n<p>Az uni\u00f3s orsz\u00e1gok \u00e1llam-, illetve korm\u00e1nyf\u0151i p\u00e9nteken Br\u00fcsszelben folytatt\u00e1k az el\u0151z\u0151 nap megkezdett tan\u00e1cskoz\u00e1sukat. Cs\u00fct\u00f6rt\u00f6k este gazdas\u00e1gpolitikai k\u00e9rd\u00e9sekr\u0151l, illetve az Eur\u00f3pa \u00e9s az Egyes\u00fclt \u00c1llamok k\u00f6z\u00f6tt a lehallgat\u00e1si botr\u00e1ny miatt kialakult bizalmi v\u00e1ls\u00e1gr\u00f3l esett sz\u00f3. P\u00e9ntek d\u00e9lel\u0151tt a vilniusi cs\u00facs el\u0151k\u00e9sz\u00edt\u00e9se, illetve a menek\u00fcltk\u00e9rd\u00e9s ker\u00fclt napirendre.<br \/>\n&#8222;Meg\u00e1llapod\u00e1sra sz\u00e1m\u00edtunk a keleti partners\u00e9g \u00fcgy\u00e9ben&#8221; &#8211; mondta \u00fajs\u00e1g\u00edr\u00f3knak az EU soros eln\u00f6ks\u00e9g\u00e9t ell\u00e1t\u00f3 Litv\u00e1nia eln\u00f6ke. Szerinte &#8222;Ukrajna k\u00e9sz arra, hogy d\u00f6nts\u00f6n a sz\u00fcks\u00e9ges t\u00f6rv\u00e9nyi v\u00e1ltoztat\u00e1sokr\u00f3l&#8221;.<br \/>\nAz EU-orsz\u00e1gok &#8211; mik\u00f6zben elismerik az Ukrajna \u00e1ltal el\u00e9rt jelent\u0151s halad\u00e1st &#8211; azt v\u00e1rj\u00e1k Kijevt\u0151l, hogy a jog\u00e1llamis\u00e1g ter\u00e9n m\u00e9g tov\u00e1bbi l\u00e9p\u00e9seket tegyen, \u00edgy hagyjon fel a &#8222;szelekt\u00edv igazs\u00e1gszolg\u00e1ltat\u00e1ssal&#8221;.<br \/>\nA br\u00fcsszeli elv\u00e1r\u00e1sok k\u00f6z\u00fcl a konkr\u00e9tumok szintj\u00e9n legink\u00e1bb reflektorf\u00e9nybe ker\u00fclt k\u00e9rd\u00e9s Julija Timosenko beb\u00f6rt\u00f6nz\u00f6tt volt ukr\u00e1n minisztereln\u00f6k \u00fcgye. Uni\u00f3s k\u00f6r\u00f6kben arra sz\u00e1m\u00edtanak, hogy Viktor Janukovics ukr\u00e1n eln\u00f6k olyan t\u00f6rv\u00e9nyt fog al\u00e1\u00edrni, amely lehet\u0151v\u00e9 teszi a hatalommal val\u00f3 vissza\u00e9l\u00e9s miatt h\u00e9t \u00e9vre \u00edt\u00e9lt Timosenko sz\u00e1m\u00e1ra, hogy N\u00e9metorsz\u00e1gba t\u00e1vozzon gy\u00f3gykezel\u00e9sre.<br \/>\nDalia Grybauskaite nem fejtette ki az \u00fajs\u00e1g\u00edr\u00f3knak, hogy pontosan milyen jogi formul\u00e1ra sz\u00e1m\u00edt a Timosenko-\u00fcgy rendez\u00e9s\u00e9n\u00e9l. Az eddigi vit\u00e1k sor\u00e1n elvi lehet\u0151s\u00e9gk\u00e9nt felmer\u00fclt a r\u00e9szleges eln\u00f6ki kegyelem, illetve a b\u00fcntet\u00e9s v\u00e9grehajt\u00e1s\u00e1nak felf\u00fcggeszt\u00e9se. Megoldatlan dilemma azonban egyel\u0151re az, hogy Timosenko r\u00e9szes\u00fcl-e \u00e1tfog\u00f3 rehabilit\u00e1ci\u00f3ban &#8211; \u00e9s egyben visszakapja-e politikai jogait is -, vagy pedig csak \u00fagy mentes\u00fclhet a tov\u00e1bbi b\u00f6rt\u00f6nb\u00fcntet\u00e9s al\u00f3l, hogy nem vehet r\u00e9szt t\u00f6bb\u00e9 az ukr\u00e1n politikai \u00e9letben.(MTI)<\/p>\n","protected":false},"excerpt":{"rendered":"<p>Dalia Grybauskaite litv\u00e1n \u00e1llamf\u0151 szerint az EU \u00e9s Ukrajna al\u00e1\u00edrja majd a november 28-29-i vilniusi keleti partners\u00e9gi cs\u00facstal\u00e1lkoz\u00f3n az \u00e1tfog\u00f3 szabadkereskedelmi egyezm\u00e9nyt is tartalmaz\u00f3 t\u00e1rsul\u00e1si meg\u00e1llapod\u00e1st.<\/p>\n","protected":false},"author":1,"featured_media":0,"comment_status":"open","ping_status":"closed","sticky":false,"template":"","format":"standard","meta":[],"categories":[12],"tags":[],"_links":{"self":[{"href":"https:\/\/gazdasagportal.hu\/index.php\/wp-json\/wp\/v2\/posts\/19541"}],"collection":[{"href":"https:\/\/gazdasagportal.hu\/index.php\/wp-json\/wp\/v2\/posts"}],"about":[{"href":"https:\/\/gazdasagportal.hu\/index.php\/wp-json\/wp\/v2\/types\/post"}],"author":[{"embeddable":true,"href":"https:\/\/gazdasagportal.hu\/index.php\/wp-json\/wp\/v2\/users\/1"}],"replies":[{"embeddable":true,"href":"https:\/\/gazdasagportal.hu\/index.php\/wp-json\/wp\/v2\/comments?post=19541"}],"version-history":[{"count":1,"href":"https:\/\/gazdasagportal.hu\/index.php\/wp-json\/wp\/v2\/posts\/19541\/revisions"}],"predecessor-version":[{"id":19542,"href":"https:\/\/gazdasagportal.hu\/index.php\/wp-json\/wp\/v2\/posts\/19541\/revisions\/19542"}],"wp:attachment":[{"href":"https:\/\/gazdasagportal.hu\/index.php\/wp-json\/wp\/v2\/media?parent=19541"}],"wp:term":[{"taxonomy":"category","embeddable":true,"href":"https:\/\/gazdasagportal.hu\/index.php\/wp-json\/wp\/v2\/categories?post=19541"},{"taxonomy":"post_tag","embeddable":true,"href":"https:\/\/gazdasagportal.hu\/index.php\/wp-json\/wp\/v2\/tags?post=19541"}],"curies":[{"name":"wp","href":"https:\/\/api.w.org\/{rel}","templated":true}]}}