{"id":19350,"date":"2013-10-23T08:18:48","date_gmt":"2013-10-23T06:18:48","guid":{"rendered":"http:\/\/stockportal.hu\/?p=19350"},"modified":"2013-10-23T05:42:05","modified_gmt":"2013-10-23T03:42:05","slug":"bajai-valasztas-hirado-harangozo-tamas-jelen-volt-a-video-atadasanal","status":"publish","type":"post","link":"https:\/\/gazdasagportal.hu\/index.php\/bajai-valasztas-hirado-harangozo-tamas-jelen-volt-a-video-atadasanal\/","title":{"rendered":"Bajai v\u00e1laszt\u00e1s &#8211; H\u00edrad\u00f3: Harangoz\u00f3 Tam\u00e1s jelen volt a vide\u00f3 \u00e1tad\u00e1s\u00e1n\u00e1l"},"content":{"rendered":"<p><strong>Az MTI H\u00edrcentrum \u00e9rtes\u00fcl\u00e9se szerint Papp K\u00e1roly orsz\u00e1gos rend\u0151rf\u0151kapit\u00e1ny az Orsz\u00e1ggy\u0171l\u00e9s nemzetbiztons\u00e1gi bizotts\u00e1ga keddi z\u00e1rt \u00fcl\u00e9s\u00e9n meger\u0151s\u00edtette, hogy Harangoz\u00f3 Tam\u00e1s, az MSZP frakci\u00f3vezet\u0151-helyettese jelen volt a bajai v\u00e1laszt\u00e1ssal kapcsolatos hamis videofelv\u00e9tel \u00e1tad\u00e1s\u00e1n\u00e1l a J\u00f3kai utcai p\u00e1rtsz\u00e9kh\u00e1zban.<!--more--><\/strong><\/p>\n<p>Mint az M1 kedd esti H\u00edrad\u00f3j\u00e1ban elhangzott, a nemzetbiztons\u00e1gi bizotts\u00e1g keddi z\u00e1rt \u00fcl\u00e9sen t\u00e1j\u00e9koztat\u00e1st kapott az orsz\u00e1gos rend\u0151rf\u0151kapit\u00e1nyt\u00f3l a hamis\u00edt\u00e1si \u00fcggyel kapcsolatban. &#8222;Kisziv\u00e1rgott inform\u00e1ci\u00f3kra&#8221; hivatkozva a h\u00edrm\u0171sorban azt k\u00f6z\u00f6lt\u00e9k: Papp K\u00e1roly az \u00fcl\u00e9sen meger\u0151s\u00edtette azt a kor\u00e1bbi sajt\u00f3inform\u00e1ci\u00f3t, mely szerint a nyomozati anyagok egyik bizony\u00edt\u00e9k\u00e1b\u00f3l kider\u00fcl, hogy Harangoz\u00f3 Tam\u00e1s jelen volt a hamis videofelv\u00e9tel \u00e1tad\u00e1s\u00e1n\u00e1l az MSZP sz\u00e9kh\u00e1zban.<br \/>\nAz \u00fcl\u00e9sen \u00e1ll\u00edt\u00f3lag elhangzott az is, hogy a rend\u0151rs\u00e9g a nyomoz\u00e1s sor\u00e1n lefoglalta \u00e9s vizsg\u00e1lja a szocialista p\u00e1rt sz\u00e9kh\u00e1z\u00e1n\u00e1l tal\u00e1lhat\u00f3 kamer\u00e1k felv\u00e9teleit &#8211; tett\u00e9k hozz\u00e1. Megeml\u00edtett\u00e9k, hogy Harangoz\u00f3 Tam\u00e1s, b\u00e1r tagja a bizotts\u00e1gnak, a keddi \u00fcl\u00e9sen nem vett r\u00e9szt.<br \/>\nA hvg.hu-ra p\u00e9nteken felker\u00fclt videofelv\u00e9telen egy k\u00f6zvet\u00edt\u0151 200 ezer forintot ad \u00e1t n\u00e9h\u00e1ny helyi f\u00e9rfinak, \u00e9s tov\u00e1bbi p\u00e9nzt \u00e9s t\u0171zif\u00e1t \u00edg\u00e9r nekik, ha \u0151k \u00e9s csal\u00e1dtagjaik is elmennek szavazni a bajai id\u0151k\u00f6zi v\u00e1laszt\u00e1sra. A m\u00e9ltatlankod\u00f3 f\u00e9rfiak t\u00f6bbsz\u00f6r is r\u00e1k\u00e9rdeznek, \u00e9s a k\u00f6zvet\u00edt\u0151 meger\u0151s\u00edti, hogy a p\u00e9nzt Kov\u00e1cs Csaba, a Fidesz jel\u00f6ltje, illetve Zsig\u00f3 R\u00f3bert, Baja polg\u00e1rmestere, a Fidesz sz\u00f3viv\u0151je k\u00fcldte.<br \/>\nA B\u00e1cs-Kiskun Megyei Rend\u0151r-f\u0151kapit\u00e1nys\u00e1g h\u00e9tf\u0151n azt k\u00f6z\u00f6lte, megrendezett a hamis\u00edtv\u00e1nyk\u00e9nt leleplezett bajai videofelv\u00e9tel.<br \/>\nAz M1 h\u00e9tf\u0151 esti H\u00edrad\u00f3j\u00e1ban az hangzott el, hogy Kir\u00e1ly Gy\u00f6rgy, az MSZP sporttagozat\u00e1nak aleln\u00f6ke rendelte meg a vide\u00f3t.<br \/>\nKir\u00e1ly Gy\u00f6rgy kedden visszautas\u00edtotta a vele szemben megfogalmazott v\u00e1dakat.<br \/>\nA TV2 h\u00e9tf\u0151 esti T\u00e9nyek c\u00edm\u0171 m\u0171sora \u00fagy \u00e9rtes\u00fclt, hogy a bajai id\u0151k\u00f6zi v\u00e1laszt\u00e1ssal kapcsolatban k\u00e9sz\u00fclt vide\u00f3t az MSZP-nek \u00e1tad\u00f3 f\u00e9rfi azt vallotta a rend\u0151rs\u00e9gen: Harangoz\u00f3 Tam\u00e1s szocialista orsz\u00e1ggy\u0171l\u00e9si k\u00e9pvisel\u0151 is jelen volt a felv\u00e9tel \u00e1tad\u00e1s\u00e1n. Az MSZP-sz\u00f3viv\u0151 az MTI megkeres\u00e9s\u00e9re azt mondta: a felv\u00e9telt Kir\u00e1ly Gy\u00f6rgy, az MSZP sporttagozat\u00e1nak aleln\u00f6ke adta \u00e1t Szak\u00e1cs L\u00e1szl\u00f3nak, Mesterh\u00e1zy Attila p\u00e1rteln\u00f6k kabinetf\u0151n\u00f6k\u00e9nek, aki azt Harangoz\u00f3 Tam\u00e1s frakci\u00f3vezet\u0151-helyettessel egy\u00fctt n\u00e9zte meg.<br \/>\nHarangoz\u00f3 Tam\u00e1s ezut\u00e1n az MSZP nev\u00e9ben feljelent\u00e9st tett &#8211; tette hozz\u00e1 T\u00f6r\u00f6k Zsolt.<br \/>\nMesterh\u00e1zy Attila, az MSZP eln\u00f6ke keddi sajt\u00f3t\u00e1j\u00e9koztat\u00f3j\u00e1n megism\u00e9telte: sem az MSZP-nek, sem egyetlen politikus\u00e1nak nincs k\u00f6ze a vide\u00f3 elk\u00e9sz\u00fclt\u00e9hez. A p\u00e1rteln\u00f6k azt mondta, egyre ink\u00e1bb a Fidesz provok\u00e1ci\u00f3j\u00e1nak tartja a videofelv\u00e9telt, mivel az egyed\u00fcl a korm\u00e1nyp\u00e1rt \u00e9rdekeit szolg\u00e1lja, a Fidesznek k\u00ednos \u00fcgyekr\u0151l tereli el a figyelmet.<br \/>\nRog\u00e1n Antal, a Fidesz parlamenti frakci\u00f3vezet\u0151je h\u00e9tf\u0151i budapesti sajt\u00f3t\u00e1j\u00e9koztat\u00f3j\u00e1n azt mondta, p\u00e1rtja azt v\u00e1rja el az MSZP-t\u0151l, tiszt\u00e1zza mag\u00e1t a bajai bizony\u00edt\u00e9khamis\u00edt\u00e1si \u00fcgyben.<br \/>\nGuly\u00e1s Gergely, a Fidesz orsz\u00e1ggy\u0171l\u00e9si k\u00e9pvisel\u0151je keddi budapesti sajt\u00f3t\u00e1j\u00e9koztat\u00f3j\u00e1n azt mondta: a video\u00fcgyben bizony\u00edt\u00e9khamis\u00edt\u00e1s t\u00f6rt\u00e9nt, aminek a b\u00fcntet\u0151jogi megfelel\u0151je a hamis v\u00e1d. Ez\u00e9rt a Fidesz bejelent\u00e9st tesz a rend\u0151rs\u00e9gn\u00e9l, mivel a jogszab\u00e1lyok szerint a hamis v\u00e1d b\u0171ntett\u00e9nek gyan\u00faja miatt jelenleg csak az alapelj\u00e1r\u00e1st folytat\u00f3 hat\u00f3s\u00e1gnak, a B\u00e1cs-Kiskun Megyei Rend\u0151r-f\u0151kapit\u00e1nys\u00e1gnak van joga feljelent\u00e9st tenni. Szerinte egy\u00e9bk\u00e9nt nem k\u00e9ts\u00e9ges, hogy ebben az \u00fcgyben meg kell indulnia a nyomoz\u00e1snak.<br \/>\nGuly\u00e1s Gergely k\u00f6z\u00f6lte azt is, hogy a vide\u00f3t bemutat\u00f3 \u00e9s komment\u00e1l\u00f3 hvg.hu-nak is v\u00e1llalnia kell a felel\u0151ss\u00e9get, mert amit a h\u00edrport\u00e1l \u00edrt, &#8222;az a r\u00e1galmaz\u00e1s min\u0151s\u00edtett eset\u00e9nek az iskolap\u00e9ld\u00e1ja&#8221;, hiszen nagy nyilv\u00e1noss\u00e1g el\u0151tt, jelent\u0151s \u00e9rdeks\u00e9relmet okozva k\u00f6vett\u00e9k el. A Fidesz ez\u00e9rt r\u00e1galmaz\u00e1s miatt perel, \u00e9s k\u00e1rt\u00e9r\u00edt\u00e9si pert is ind\u00edt, az \u00edgy befoly\u00f3 anyagi k\u00e1rt\u00e9r\u00edt\u00e9s \u00f6sszeg\u00e9t pedig j\u00f3t\u00e9kony c\u00e9lra ford\u00edtja majd &#8211; mondta.<br \/>\nA t\u00e1j\u00e9koztat\u00f3n r\u00e9szt vev\u0151 K\u00f3sa Lajos, a Fidesz aleln\u00f6ke \u00fagy fogalmazott, az MSZP-r\u0151l, amely &#8222;nyakig benne van&#8221; a hamisvide\u00f3-\u00fcgyben, lehullott a lepel, &#8222;g\u00e1tl\u00e1s n\u00e9lk\u00fcl, t\u00f6rv\u00e9nyre, jogra fittyet h\u00e1nyva pr\u00f3b\u00e1lnak hatalomra t\u00f6rni&#8221;. A k\u00e9rd\u00e9s csak az, hogy milyen magasra vezetnek a sz\u00e1lak a p\u00e1rtban a bajai vide\u00f3 \u00fcgy\u00e9ben &#8211; f\u0171zte hozz\u00e1 a korm\u00e1nyp\u00e1rti politikus, aki szerint ez a felv\u00e9tel volt az MSZP B-terve, vagyis a bajai id\u0151k\u00f6zi \u00f6nkorm\u00e1nyzati v\u00e1laszt\u00e1s lej\u00e1rat\u00e1sa, miut\u00e1n az A-terv\u00fck, a szavaz\u00e1s megnyer\u00e9se nem siker\u00fclt nekik.<br \/>\nK\u00f3sa Lajos azt mondta, Mesterh\u00e1zy Attila a v\u00e9gletekig &#8222;hazudik \u00e9s tagad&#8221;, mert az a kijelent\u00e9se, hogy egyre ink\u00e1bb a Fidesz provok\u00e1ci\u00f3j\u00e1nak tartja a videofelv\u00e9telt, &#8222;t\u00falmegy minden k\u00e9pzeleten&#8221;. A Fidesz aleln\u00f6ke szemenszedett hazugs\u00e1gnak nevezte, hogy a korm\u00e1nyp\u00e1rtnak k\u00f6ze lenne az \u00fcgyh\u00f6z.<br \/>\nA bajai 32-es szavaz\u00f3k\u00f6rben m\u00falt vas\u00e1rnap megism\u00e9telt szavaz\u00e1st tartottak, mert a Kecskem\u00e9ti T\u00f6rv\u00e9nysz\u00e9k meg\u00e1llap\u00edt\u00e1sa szerint kamp\u00e1nycsends\u00e9rt\u00e9s t\u00f6rt\u00e9nt a szeptember 22-\u00e9n megtartott id\u0151k\u00f6zi \u00f6nkorm\u00e1nyzati v\u00e1laszt\u00e1son. A voksol\u00e1st a Fidesz jel\u00f6ltje nyerte.(MTI)<\/p>\n","protected":false},"excerpt":{"rendered":"<p>Az MTI H\u00edrcentrum \u00e9rtes\u00fcl\u00e9se szerint Papp K\u00e1roly orsz\u00e1gos rend\u0151rf\u0151kapit\u00e1ny az Orsz\u00e1ggy\u0171l\u00e9s nemzetbiztons\u00e1gi bizotts\u00e1ga keddi z\u00e1rt \u00fcl\u00e9s\u00e9n meger\u0151s\u00edtette, hogy Harangoz\u00f3 Tam\u00e1s, az MSZP frakci\u00f3vezet\u0151-helyettese jelen volt a bajai v\u00e1laszt\u00e1ssal kapcsolatos hamis videofelv\u00e9tel \u00e1tad\u00e1s\u00e1n\u00e1l a J\u00f3kai utcai p\u00e1rtsz\u00e9kh\u00e1zban.<\/p>\n","protected":false},"author":1,"featured_media":0,"comment_status":"open","ping_status":"closed","sticky":false,"template":"","format":"standard","meta":[],"categories":[18],"tags":[],"_links":{"self":[{"href":"https:\/\/gazdasagportal.hu\/index.php\/wp-json\/wp\/v2\/posts\/19350"}],"collection":[{"href":"https:\/\/gazdasagportal.hu\/index.php\/wp-json\/wp\/v2\/posts"}],"about":[{"href":"https:\/\/gazdasagportal.hu\/index.php\/wp-json\/wp\/v2\/types\/post"}],"author":[{"embeddable":true,"href":"https:\/\/gazdasagportal.hu\/index.php\/wp-json\/wp\/v2\/users\/1"}],"replies":[{"embeddable":true,"href":"https:\/\/gazdasagportal.hu\/index.php\/wp-json\/wp\/v2\/comments?post=19350"}],"version-history":[{"count":1,"href":"https:\/\/gazdasagportal.hu\/index.php\/wp-json\/wp\/v2\/posts\/19350\/revisions"}],"predecessor-version":[{"id":19351,"href":"https:\/\/gazdasagportal.hu\/index.php\/wp-json\/wp\/v2\/posts\/19350\/revisions\/19351"}],"wp:attachment":[{"href":"https:\/\/gazdasagportal.hu\/index.php\/wp-json\/wp\/v2\/media?parent=19350"}],"wp:term":[{"taxonomy":"category","embeddable":true,"href":"https:\/\/gazdasagportal.hu\/index.php\/wp-json\/wp\/v2\/categories?post=19350"},{"taxonomy":"post_tag","embeddable":true,"href":"https:\/\/gazdasagportal.hu\/index.php\/wp-json\/wp\/v2\/tags?post=19350"}],"curies":[{"name":"wp","href":"https:\/\/api.w.org\/{rel}","templated":true}]}}