{"id":19332,"date":"2013-10-22T17:57:18","date_gmt":"2013-10-22T15:57:18","guid":{"rendered":"http:\/\/stockportal.hu\/?p=19332"},"modified":"2013-10-22T17:57:18","modified_gmt":"2013-10-22T15:57:18","slug":"kulonadot-kell-kironi-az-aremelo-energiaszolgaltatokra","status":"publish","type":"post","link":"https:\/\/gazdasagportal.hu\/index.php\/kulonadot-kell-kironi-az-aremelo-energiaszolgaltatokra\/","title":{"rendered":"K\u00fcl\u00f6nad\u00f3t kell kir\u00f3ni az \u00e1remel\u0151 energiaszolg\u00e1ltat\u00f3kra"},"content":{"rendered":"<p><strong>Egyszeri k\u00fcl\u00f6nad\u00f3t kellene kir\u00f3ni az energiaszolg\u00e1ltat\u00f3 mag\u00e1nc\u00e9gekre, ha a legut\u00f3bb bejelentett meredek \u00e1remel\u00e9sek k\u00f6vetkezt\u00e9ben az eddigin\u00e9l is t\u00f6bb lakoss\u00e1gi fogyaszt\u00f3 szorulna \u00e1llami seg\u00e9lyre a magas t\u00e9li f\u0171t\u00e9ssz\u00e1ml\u00e1k miatt &#8211; mondta Sir John Major volt brit minisztereln\u00f6k kedden.<!--more--><\/strong><\/p>\n<p>A brit korm\u00e1ny nem sokkal k\u00e9s\u0151bb udvarias nyilatkozatban elvetette az \u00f6tletet, ugyanakkor a londoni parlament energia\u00fcgyi bizotts\u00e1ga meghallgat\u00e1sra id\u00e9zte be azoknak a szolg\u00e1ltat\u00f3 c\u00e9geknek a vezet\u0151it, amelyek az ut\u00f3bbi napokban \u00e1remel\u00e9seket jelentettek be.<br \/>\nSir John, aki 1990-t\u0151l h\u00e9t \u00e9vig volt minisztereln\u00f6k, \u00e9s ma is a korm\u00e1nyz\u00f3 brit Konzervat\u00edv P\u00e1rt egyik legtekint\u00e9lyesebb politikusa, a BBC telev\u00edzi\u00f3nak kedden kijelentette: elfogadhatatlannak tartja a szolg\u00e1ltat\u00f3k \u00e1ltal bejelentett \u00e1remel\u00e9seket, amelyek nyom\u00e1n kem\u00e9ny t\u00e9l eset\u00e9n &#8222;sokaknak v\u00e1lasztaniuk kell majd, hogy esznek-e vagy f\u0171tenek&#8221;.<br \/>\nMajor szerint ebben a helyzetben komoly es\u00e9lye van annak, hogy n\u00f6velni kell a neh\u00e9z helyzetbe ker\u00fclt fogyaszt\u00f3k \u00e1llami seg\u00e9lyez\u00e9s\u00e9t. A politikus szerint ezt a t\u00e1mogat\u00e1st a brit korm\u00e1nynak az energiaszolg\u00e1ltat\u00f3kt\u00f3l kellene visszaszereznie egyszeri nyeres\u00e9gad\u00f3 kivet\u00e9s\u00e9vel.(MTI)<\/p>\n","protected":false},"excerpt":{"rendered":"<p>Egyszeri k\u00fcl\u00f6nad\u00f3t kellene kir\u00f3ni az energiaszolg\u00e1ltat\u00f3 mag\u00e1nc\u00e9gekre, ha a legut\u00f3bb bejelentett meredek \u00e1remel\u00e9sek k\u00f6vetkezt\u00e9ben az eddigin\u00e9l is t\u00f6bb lakoss\u00e1gi fogyaszt\u00f3 szorulna \u00e1llami seg\u00e9lyre a magas t\u00e9li f\u0171t\u00e9ssz\u00e1ml\u00e1k miatt &#8211; mondta Sir John Major volt brit minisztereln\u00f6k kedden.<\/p>\n","protected":false},"author":1,"featured_media":0,"comment_status":"open","ping_status":"closed","sticky":false,"template":"","format":"standard","meta":[],"categories":[12],"tags":[],"_links":{"self":[{"href":"https:\/\/gazdasagportal.hu\/index.php\/wp-json\/wp\/v2\/posts\/19332"}],"collection":[{"href":"https:\/\/gazdasagportal.hu\/index.php\/wp-json\/wp\/v2\/posts"}],"about":[{"href":"https:\/\/gazdasagportal.hu\/index.php\/wp-json\/wp\/v2\/types\/post"}],"author":[{"embeddable":true,"href":"https:\/\/gazdasagportal.hu\/index.php\/wp-json\/wp\/v2\/users\/1"}],"replies":[{"embeddable":true,"href":"https:\/\/gazdasagportal.hu\/index.php\/wp-json\/wp\/v2\/comments?post=19332"}],"version-history":[{"count":1,"href":"https:\/\/gazdasagportal.hu\/index.php\/wp-json\/wp\/v2\/posts\/19332\/revisions"}],"predecessor-version":[{"id":19333,"href":"https:\/\/gazdasagportal.hu\/index.php\/wp-json\/wp\/v2\/posts\/19332\/revisions\/19333"}],"wp:attachment":[{"href":"https:\/\/gazdasagportal.hu\/index.php\/wp-json\/wp\/v2\/media?parent=19332"}],"wp:term":[{"taxonomy":"category","embeddable":true,"href":"https:\/\/gazdasagportal.hu\/index.php\/wp-json\/wp\/v2\/categories?post=19332"},{"taxonomy":"post_tag","embeddable":true,"href":"https:\/\/gazdasagportal.hu\/index.php\/wp-json\/wp\/v2\/tags?post=19332"}],"curies":[{"name":"wp","href":"https:\/\/api.w.org\/{rel}","templated":true}]}}