{"id":19330,"date":"2013-10-22T17:15:09","date_gmt":"2013-10-22T15:15:09","guid":{"rendered":"http:\/\/stockportal.hu\/?p=19330"},"modified":"2013-10-22T17:15:09","modified_gmt":"2013-10-22T15:15:09","slug":"sziria-aszadnak-nincs-szerepe-szira-jovojeben","status":"publish","type":"post","link":"https:\/\/gazdasagportal.hu\/index.php\/sziria-aszadnak-nincs-szerepe-szira-jovojeben\/","title":{"rendered":"Sz\u00edria &#8211; Aszadnak nincs szerepe Sz\u00edra j\u00f6v\u0151j\u00e9ben"},"content":{"rendered":"<p><strong>Bass\u00e1r el-Aszad eln\u00f6k semmif\u00e9le szerepet nem t\u00f6lthet be a j\u00f6v\u0151beni demokratikus \u00e9s b\u00e9k\u00e9s Sz\u00edri\u00e1ban &#8211; mondta a keddi londoni Sz\u00edria-\u00e9rtekezlet ut\u00e1n a brit k\u00fcl\u00fcgyminiszter.<!--more--><\/strong><\/p>\n<p>William Hague, aki a Sz\u00edria bar\u00e1tai elnevez\u00e9s\u0171 orsz\u00e1gcsoport 11 k\u00fcl\u00fcgyminiszter\u00e9t &#8211; k\u00f6zt\u00fck John Kerry amerikai k\u00fcl\u00fcgyminisztert &#8211; l\u00e1tta vend\u00e9g\u00fcl a tan\u00e1cskoz\u00e1son, a tal\u00e1lkoz\u00f3 ut\u00e1n tartott sajt\u00f3\u00e9rtekezlet\u00e9n kijelentette, hogy Nagy-Britannia m\u00e9g a j\u00f6v\u0151 h\u00f3napra tervezett m\u00e1sodik genfi Sz\u00edria-\u00e9rtekezlet el\u0151tt jelent\u0151s &#8222;nem katonai jelleg\u0171&#8221; seg\u00e9lycsomagot \u00e1ll\u00edt \u00f6ssze a Sz\u00edriai Nemzeti Koal\u00edci\u00f3t alkot\u00f3 m\u00e9rs\u00e9kelt ellenz\u00e9ki er\u0151knek.<br \/>\nKerry azonban &#8211; Hague ut\u00e1n tartott sajt\u00f3t\u00e1j\u00e9koztat\u00f3j\u00e1n &#8211; katonai seg\u00e9lyr\u0151l is besz\u00e9lt. Kerry szavai szerint a londoni \u00e9rtekezlet r\u00e9szvev\u0151i egyet\u00e9rtettek abban, hogy az ilyen jelleg\u0171 seg\u00edts\u00e9get ny\u00fajt\u00f3 orsz\u00e1gok e t\u00e1mogat\u00e1st kiz\u00e1r\u00f3lag az ellenz\u00e9ki koal\u00edci\u00f3 katonai sz\u00e1rny\u00e1n, a Legfels\u0151bb Katonai Tan\u00e1cson kereszt\u00fcl juttatj\u00e1k el.(MTI)<\/p>\n","protected":false},"excerpt":{"rendered":"<p>Bass\u00e1r el-Aszad eln\u00f6k semmif\u00e9le szerepet nem t\u00f6lthet be a j\u00f6v\u0151beni demokratikus \u00e9s b\u00e9k\u00e9s Sz\u00edri\u00e1ban &#8211; mondta a keddi londoni Sz\u00edria-\u00e9rtekezlet ut\u00e1n a brit k\u00fcl\u00fcgyminiszter.<\/p>\n","protected":false},"author":1,"featured_media":0,"comment_status":"open","ping_status":"closed","sticky":false,"template":"","format":"standard","meta":[],"categories":[16,116],"tags":[],"_links":{"self":[{"href":"https:\/\/gazdasagportal.hu\/index.php\/wp-json\/wp\/v2\/posts\/19330"}],"collection":[{"href":"https:\/\/gazdasagportal.hu\/index.php\/wp-json\/wp\/v2\/posts"}],"about":[{"href":"https:\/\/gazdasagportal.hu\/index.php\/wp-json\/wp\/v2\/types\/post"}],"author":[{"embeddable":true,"href":"https:\/\/gazdasagportal.hu\/index.php\/wp-json\/wp\/v2\/users\/1"}],"replies":[{"embeddable":true,"href":"https:\/\/gazdasagportal.hu\/index.php\/wp-json\/wp\/v2\/comments?post=19330"}],"version-history":[{"count":1,"href":"https:\/\/gazdasagportal.hu\/index.php\/wp-json\/wp\/v2\/posts\/19330\/revisions"}],"predecessor-version":[{"id":19331,"href":"https:\/\/gazdasagportal.hu\/index.php\/wp-json\/wp\/v2\/posts\/19330\/revisions\/19331"}],"wp:attachment":[{"href":"https:\/\/gazdasagportal.hu\/index.php\/wp-json\/wp\/v2\/media?parent=19330"}],"wp:term":[{"taxonomy":"category","embeddable":true,"href":"https:\/\/gazdasagportal.hu\/index.php\/wp-json\/wp\/v2\/categories?post=19330"},{"taxonomy":"post_tag","embeddable":true,"href":"https:\/\/gazdasagportal.hu\/index.php\/wp-json\/wp\/v2\/tags?post=19330"}],"curies":[{"name":"wp","href":"https:\/\/api.w.org\/{rel}","templated":true}]}}