{"id":1931,"date":"2013-02-04T11:45:46","date_gmt":"2013-02-04T10:45:46","guid":{"rendered":"http:\/\/stockportal.hu\/?p=1931"},"modified":"2013-02-04T12:32:07","modified_gmt":"2013-02-04T11:32:07","slug":"elemzok-szerint-nem-feltetlenul-gyogyir-japannak-a-gyenge-jen","status":"publish","type":"post","link":"https:\/\/gazdasagportal.hu\/index.php\/elemzok-szerint-nem-feltetlenul-gyogyir-japannak-a-gyenge-jen\/","title":{"rendered":"Elemz\u0151k szerint nem felt\u00e9tlen\u00fcl gy\u00f3gy\u00edr Jap\u00e1nnak a gyenge jen"},"content":{"rendered":"<p><strong>Nem felt\u00e9tlen\u00fcl jelent gy\u00f3gy\u00edrt a jap\u00e1n gazdas\u00e1g gondjaira a korm\u00e1ny monet\u00e1ris laz\u00edt\u00f3 politik\u00e1ja &#8211; \u00edrja a Business Insider \u00fczleti h\u00edrport\u00e1l.<\/strong><\/p>\n<p>&nbsp;<\/p>\n<p><strong><!--more--><\/strong><\/p>\n<p>Az \u00faj jap\u00e1n p\u00e9nz\u00fcgyminiszter, Abe Sindz\u00f3 nagy rem\u00e9nyeket \u00e9bresztett gazdas\u00e1gi \u00e9s p\u00e9nz\u00fcgyi k\u00f6r\u00f6kben, hogy fisk\u00e1lis int\u00e9zked\u00e9sekkel \u00e9s monet\u00e1ris enyh\u00edt\u00e9ssel ki tudja vezetni Jap\u00e1nt a gazdas\u00e1gi stagn\u00e1l\u00e1sb\u00f3l.<br \/>\nA Nikkei index rohamosan er\u0151s\u00f6dik, \u00e9s az infl\u00e1ci\u00f3s v\u00e1rakoz\u00e1sok is emelkednek. Mik\u00f6zben a befektet\u0151i bizalom ezzel p\u00e1rhuzamosan szinte \u00f6szt\u00f6n\u00f6sen javul, piaci k\u00f6r\u00f6kben ott lappang az a k\u00e9ts\u00e9g is, hogy nem felt\u00e9tlen\u00fcl fog \u00edgy siker\u00fclni.<br \/>\nSteven Englander, a Citibank devizapiaci elemz\u0151je arr\u00f3l sz\u00e1molt be, hogy \u00fcgyfelei k\u00f6r\u00e9ben megjelent az a v\u00e9lem\u00e9ny is, hogy a jen gyeng\u00fcl\u00e9se nem felt\u00e9tlen\u00fcl fogja kivezetni Jap\u00e1nt a v\u00e1ls\u00e1gb\u00f3l. T\u00f6bbs\u00e9g\u00fck elismeri, hogy a jap\u00e1n korm\u00e1ny int\u00e9zked\u00e9sei jav\u00edtj\u00e1k a jap\u00e1n v\u00e1llalatok versenyk\u00e9pess\u00e9g\u00e9t \u00e1zsiai szomsz\u00e9djaival szemben. \u00dagy l\u00e1tj\u00e1k, hogy a jen doll\u00e1rral szembeni tov\u00e1bbi 10 sz\u00e1zal\u00e9kos gyeng\u00fcl\u00e9se 3-4 sz\u00e1zal\u00e9kkal ronthatja Jap\u00e1n \u00e1zsiai versenyt\u00e1rsainak piaci poz\u00edci\u00f3j\u00e1t.<br \/>\nM\u00e1s oldalr\u00f3l viszont er\u0151s\u00f6dik az a n\u00e9zet, hogy a jap\u00e1n gazdas\u00e1got els\u0151sorban struktur\u00e1lis probl\u00e9m\u00e1k terhelik \u00e9s a versenyh\u00e1tr\u00e1nyt f\u0151k\u00e9nt a dinamizmus \u00e9s az innov\u00e1ci\u00f3 hi\u00e1nya okozza. Eszerint a jap\u00e1n term\u00e9kek elvesz\u00edtett\u00e9k vonzerej\u00fcket, \u00e9s a v\u00e1s\u00e1rl\u00f3k nem fognak csak az\u00e9rt ism\u00e9t jap\u00e1n term\u00e9keket v\u00e1s\u00e1rolni, mert azok olcs\u00f3bb\u00e1 v\u00e1ltak, hiszen m\u00e1r nem tekintik azokat sem innovat\u00edvnak, sem \u00e9lvonalbelinek. Az elektronikai cikkekn\u00e9l p\u00e9ld\u00e1ul sokkal nagyobb s\u00fallyal esik latba a v\u00e1s\u00e1rl\u00f3i d\u00f6nt\u00e9sekben a m\u00e1rka neve, mint az aut\u00f3kn\u00e1l, ahol a t\u00f6bbs\u00e9g sz\u00e1m\u00e1ra az \u00e1r a d\u00f6nt\u0151 t\u00e9nyez\u0151.<br \/>\nHasonl\u00f3an v\u00e9lekedett Henny Sender is a Financial Times lapban megjelent cikk\u00e9ben, mondv\u00e1n, nem tud a jen oly m\u00e9rt\u00e9kben gyeng\u00fclni, hogy az a Samsung telefonjair\u00f3l a Sony k\u00e9sz\u00fcl\u00e9keire terelje \u00e1t a v\u00e1s\u00e1rl\u00f3k \u00e9rdekl\u0151d\u00e9s\u00e9t. (MTI)<\/p><div id=\"gazda-231250457\" class=\"gazda-tartalomban gazda-entity-placement\"><script async src=\"https:\/\/pagead2.googlesyndication.com\/pagead\/js\/adsbygoogle.js\"><\/script>\r\n<ins class=\"adsbygoogle\"\r\n     style=\"display:block\"\r\n     data-ad-format=\"fluid\"\r\n     data-ad-layout-key=\"-6t+ed+2i-1n-4w\"\r\n     data-ad-client=\"ca-pub-1959107119989764\"\r\n     data-ad-slot=\"4008251320\"><\/ins>\r\n<script>\r\n     (adsbygoogle = window.adsbygoogle || []).push({});\r\n<\/script><\/div>\n","protected":false},"excerpt":{"rendered":"<p>Nem felt\u00e9tlen\u00fcl jelent gy\u00f3gy\u00edrt a jap\u00e1n gazdas\u00e1g gondjaira a korm\u00e1ny monet\u00e1ris laz\u00edt\u00f3 politik\u00e1ja &#8211; \u00edrja a Business Insider \u00fczleti h\u00edrport\u00e1l. &nbsp;<\/p>\n","protected":false},"author":1,"featured_media":1934,"comment_status":"closed","ping_status":"closed","sticky":false,"template":"","format":"standard","meta":[],"categories":[14,8],"tags":[],"_links":{"self":[{"href":"https:\/\/gazdasagportal.hu\/index.php\/wp-json\/wp\/v2\/posts\/1931"}],"collection":[{"href":"https:\/\/gazdasagportal.hu\/index.php\/wp-json\/wp\/v2\/posts"}],"about":[{"href":"https:\/\/gazdasagportal.hu\/index.php\/wp-json\/wp\/v2\/types\/post"}],"author":[{"embeddable":true,"href":"https:\/\/gazdasagportal.hu\/index.php\/wp-json\/wp\/v2\/users\/1"}],"replies":[{"embeddable":true,"href":"https:\/\/gazdasagportal.hu\/index.php\/wp-json\/wp\/v2\/comments?post=1931"}],"version-history":[{"count":4,"href":"https:\/\/gazdasagportal.hu\/index.php\/wp-json\/wp\/v2\/posts\/1931\/revisions"}],"predecessor-version":[{"id":1933,"href":"https:\/\/gazdasagportal.hu\/index.php\/wp-json\/wp\/v2\/posts\/1931\/revisions\/1933"}],"wp:featuredmedia":[{"embeddable":true,"href":"https:\/\/gazdasagportal.hu\/index.php\/wp-json\/wp\/v2\/media\/1934"}],"wp:attachment":[{"href":"https:\/\/gazdasagportal.hu\/index.php\/wp-json\/wp\/v2\/media?parent=1931"}],"wp:term":[{"taxonomy":"category","embeddable":true,"href":"https:\/\/gazdasagportal.hu\/index.php\/wp-json\/wp\/v2\/categories?post=1931"},{"taxonomy":"post_tag","embeddable":true,"href":"https:\/\/gazdasagportal.hu\/index.php\/wp-json\/wp\/v2\/tags?post=1931"}],"curies":[{"name":"wp","href":"https:\/\/api.w.org\/{rel}","templated":true}]}}