{"id":19294,"date":"2013-10-22T10:20:11","date_gmt":"2013-10-22T08:20:11","guid":{"rendered":"http:\/\/stockportal.hu\/?p=19294"},"modified":"2013-10-22T10:20:11","modified_gmt":"2013-10-22T08:20:11","slug":"ksh-folyamatosan-lassul-a-nepessegfogyas-uteme","status":"publish","type":"post","link":"https:\/\/gazdasagportal.hu\/index.php\/ksh-folyamatosan-lassul-a-nepessegfogyas-uteme\/","title":{"rendered":"KSH: folyamatosan lassul a n\u00e9pess\u00e9gfogy\u00e1s \u00fcteme"},"content":{"rendered":"<p><strong>Tov\u00e1bb lassult a n\u00e9pess\u00e9gfogy\u00e1s \u00fcteme az \u00e9v els\u0151 nyolc h\u00f3napj\u00e1ban Magyarorsz\u00e1gon &#8211; der\u00fclt ki a K\u00f6zponti Statisztikai Hivatal (KSH) legfrissebb gyorsjelent\u00e9s\u00e9b\u0151l, amelyet kedden juttattak el az MTI-hez.<!--more--><\/strong><\/p>\n<p>Az el\u0151zetes adatok szerint 2013 els\u0151 nyolc h\u00f3napj\u00e1ban 57 895 gyermek sz\u00fcletett, ez 3,5 sz\u00e1zal\u00e9kkal kevesebb, mint egy \u00e9vvel kor\u00e1bban. A 84 441 hal\u00e1loz\u00e1s 4,1 sz\u00e1zal\u00e9kos cs\u00f6kken\u00e9st jelent a 2012. janu\u00e1r-augusztusi id\u0151szakhoz k\u00e9pest. A term\u00e9szetes fogy\u00e1s 26 546 volt, ami 1478-cal kevesebb az egy \u00e9vvel kor\u00e1bbin\u00e1l.<br \/>\nA sz\u00fclet\u00e9ssz\u00e1m az \u00e9v els\u0151 \u00f6t h\u00f3napj\u00e1ban folyamatosan elmaradt az el\u0151z\u0151 \u00e9vit\u0151l, ezt j\u00faniusban \u00e9s j\u00faliusban \u00e1tlagosan 2 sz\u00e1zal\u00e9kos emelked\u00e9s k\u00f6vette. Augusztusban ism\u00e9telten m\u00e9rs\u00e9kl\u0151d\u00f6tt a sz\u00fclet\u00e9sek sz\u00e1ma, 5,3 sz\u00e1zal\u00e9kkal kevesebb \u00fajsz\u00fcl\u00f6tt j\u00f6tt vil\u00e1gra, mint egy \u00e9vvel kor\u00e1bban.<br \/>\nA hal\u00e1loz\u00e1sok sz\u00e1ma az \u00e9v els\u0151 nyolc h\u00f3napj\u00e1ban &#8211; j\u00faniust kiv\u00e9ve &#8211; cs\u00f6kkent. K\u00fcl\u00f6n\u00f6sen a febru\u00e1r-m\u00e1rciusi \u00e9s a j\u00faliusi visszaes\u00e9s volt sz\u00e1mottev\u0151, az el\u0151bbi \u00e1tlagosan 7,2, az ut\u00f3bbi is k\u00f6zel 7 sz\u00e1zal\u00e9kkal volt kevesebb, mint egy \u00e9vvel kor\u00e1bban. J\u00faniusban viszont 2,8 sz\u00e1zal\u00e9kkal emelkedett az el\u0151z\u0151 \u00e9v azonos h\u00f3napj\u00e1hoz k\u00e9pest.<br \/>\nA KSH el\u0151zetes adatai szerint a h\u00e1zass\u00e1gk\u00f6t\u00e9sek havonk\u00e9nti sz\u00e1ma v\u00e1ltoz\u00f3an alakult; n\u00e9gy h\u00f3napban t\u00f6bb, n\u00e9gy h\u00f3napban viszont kevesebb frigyet regisztr\u00e1ltak, mint egy \u00e9vvel kor\u00e1bban. A legjelent\u0151sebb cs\u00f6kken\u00e9s janu\u00e1r-febru\u00e1rban t\u00f6rt\u00e9nt, amikor \u00e1tlagosan 11,5 sz\u00e1zal\u00e9kkal kevesebb h\u00e1zass\u00e1got k\u00f6t\u00f6ttek, m\u00edg augusztusban t\u00f6bb mint 9 sz\u00e1zal\u00e9kos emelked\u00e9s volt tapasztalhat\u00f3 az el\u0151z\u0151 \u00e9v azonos id\u0151szak\u00e1hoz k\u00e9pest. 2013 augusztus\u00e1nak v\u00e9g\u00e9ig \u00f6sszess\u00e9g\u00e9ben 26 064 h\u00e1zass\u00e1got anyak\u00f6nyveztek, 569-cel, vagyis 2,2 sz\u00e1zal\u00e9kkal t\u00f6bbet az egy \u00e9vvel kor\u00e1bbin\u00e1l.<br \/>\nEzer lakosra 8,8 \u00e9lvesz\u00fclet\u00e9s \u00e9s 12,8 hal\u00e1loz\u00e1s jutott, el\u0151bbi 0,3, ut\u00f3bbi 0,5 ezrel\u00e9kponttal volt alacsonyabb, mint 2012 hasonl\u00f3 id\u0151szak\u00e1ban. Az \u00e9v els\u0151 nyolc h\u00f3napj\u00e1ban ezer \u00e9lvesz\u00fclet\u00e9sre 5,2 csecsem\u0151hal\u00e1loz\u00e1s jutott, 0,3 ezrel\u00e9kponttal t\u00f6bb az egy \u00e9vvel kor\u00e1bbin\u00e1l.<br \/>\nA hal\u00e1loz\u00e1sok sz\u00e1ma nagyobb m\u00e9rt\u00e9kben cs\u00f6kkent, mint a sz\u00fclet\u00e9sek\u00e9, ennek k\u00f6vetkezt\u00e9ben a term\u00e9szetes fogy\u00e1s \u00fcteme 4,2 ezrel\u00e9kr\u0151l 4 ezrel\u00e9kre m\u00e9rs\u00e9kl\u0151d\u00f6tt egy \u00e9v alatt.(MTI)<\/p>\n","protected":false},"excerpt":{"rendered":"<p>Tov\u00e1bb lassult a n\u00e9pess\u00e9gfogy\u00e1s \u00fcteme az \u00e9v els\u0151 nyolc h\u00f3napj\u00e1ban Magyarorsz\u00e1gon &#8211; der\u00fclt ki a K\u00f6zponti Statisztikai Hivatal (KSH) legfrissebb gyorsjelent\u00e9s\u00e9b\u0151l, amelyet kedden juttattak el az MTI-hez.<\/p>\n","protected":false},"author":1,"featured_media":0,"comment_status":"open","ping_status":"closed","sticky":false,"template":"","format":"standard","meta":[],"categories":[19],"tags":[],"_links":{"self":[{"href":"https:\/\/gazdasagportal.hu\/index.php\/wp-json\/wp\/v2\/posts\/19294"}],"collection":[{"href":"https:\/\/gazdasagportal.hu\/index.php\/wp-json\/wp\/v2\/posts"}],"about":[{"href":"https:\/\/gazdasagportal.hu\/index.php\/wp-json\/wp\/v2\/types\/post"}],"author":[{"embeddable":true,"href":"https:\/\/gazdasagportal.hu\/index.php\/wp-json\/wp\/v2\/users\/1"}],"replies":[{"embeddable":true,"href":"https:\/\/gazdasagportal.hu\/index.php\/wp-json\/wp\/v2\/comments?post=19294"}],"version-history":[{"count":1,"href":"https:\/\/gazdasagportal.hu\/index.php\/wp-json\/wp\/v2\/posts\/19294\/revisions"}],"predecessor-version":[{"id":19295,"href":"https:\/\/gazdasagportal.hu\/index.php\/wp-json\/wp\/v2\/posts\/19294\/revisions\/19295"}],"wp:attachment":[{"href":"https:\/\/gazdasagportal.hu\/index.php\/wp-json\/wp\/v2\/media?parent=19294"}],"wp:term":[{"taxonomy":"category","embeddable":true,"href":"https:\/\/gazdasagportal.hu\/index.php\/wp-json\/wp\/v2\/categories?post=19294"},{"taxonomy":"post_tag","embeddable":true,"href":"https:\/\/gazdasagportal.hu\/index.php\/wp-json\/wp\/v2\/tags?post=19294"}],"curies":[{"name":"wp","href":"https:\/\/api.w.org\/{rel}","templated":true}]}}