{"id":19286,"date":"2013-10-22T10:07:36","date_gmt":"2013-10-22T08:07:36","guid":{"rendered":"http:\/\/stockportal.hu\/?p=19286"},"modified":"2013-10-22T09:32:58","modified_gmt":"2013-10-22T07:32:58","slug":"cseh-valasztas-a-kommunistak-novekvo-befolyasanak-veszelyere-figyelmeztet-egy-civil-szervezet","status":"publish","type":"post","link":"https:\/\/gazdasagportal.hu\/index.php\/cseh-valasztas-a-kommunistak-novekvo-befolyasanak-veszelyere-figyelmeztet-egy-civil-szervezet\/","title":{"rendered":"Cseh v\u00e1laszt\u00e1s &#8211; A kommunist\u00e1k n\u00f6vekv\u0151 befoly\u00e1s\u00e1nak vesz\u00e9ly\u00e9re figyelmeztet egy civil szervezet"},"content":{"rendered":"<p><strong>A kommunista p\u00e1rt n\u00f6vekv\u0151 befoly\u00e1s\u00e1nak vesz\u00e9ly\u00e9re k\u00edv\u00e1nja felh\u00edvni a cseh k\u00f6zv\u00e9lem\u00e9ny figyelm\u00e9t egy civil szervezet, amely felakasztott szem\u00e9lyeket \u00e1br\u00e1zol\u00f3 figur\u00e1kat helyezett el kedden kora reggel t\u00f6bb l\u00e1mpaoszlopon a cseh korm\u00e1ny sz\u00e9khelye melletti Kl\u00e1rov t\u00e9ren Pr\u00e1g\u00e1ban.<!--more--><\/strong><\/p>\n<p>A pap\u00edrfigur\u00e1k nyak\u00e1ban k\u00f6t\u00e9l l\u00f3g, mell\u00fck\u00f6n \u00e9s h\u00e1tukon pedig Fell\u00e9pett a kommunist\u00e1k ellen felirat olvashat\u00f3.<br \/>\n&#8222;Akci\u00f3nk c\u00e9lja, hogy eml\u00e9keztess\u00fck a k\u00f6zv\u00e9lem\u00e9nyt arra a t\u00f6bb mint 250 szem\u00e9lyre, akiket politikai okok miatt gyilkolt meg a kommunista rendszer, illetve felh\u00edvjuk a figyelmet arra, hogy a h\u00e9t v\u00e9gi k\u00e9pvisel\u0151h\u00e1zi v\u00e1laszt\u00e1s ut\u00e1n a kommunista befoly\u00e1s meger\u0151s\u00f6d\u00e9se fenyeget&#8221; &#8211; indokolta Jir\u00ed Nov\u00e1k, a kamp\u00e1nyakci\u00f3t szervez\u0151 Dekomunizace polg\u00e1ri t\u00e1rsas\u00e1g k\u00e9pvisel\u0151je.<br \/>\nA Dekomunizace m\u00e1r h\u00e9tf\u0151n este \u00f6t hasonl\u00f3 figur\u00e1t helyezett el Jihlava \u00e9s Hradec Kr\u00e1lov\u00e9 k\u00f6zpontj\u00e1ban is, de a cseh m\u00e9dia jelent\u00e9se szerint nem keltettek k\u00fcl\u00f6n\u00f6sebb \u00e9rdekl\u0151d\u00e9st. Kedden m\u00e9g tov\u00e1bbi cseh v\u00e1rosokban helyeznek el a kommunista vesz\u00e9lyre figyelmeztet\u0151 pap\u00edrfigur\u00e1kat &#8211; k\u00f6z\u00f6lte Nov\u00e1k.<br \/>\nA rend\u0151rs\u00e9g minden\u00fctt figyelemmel k\u00eds\u00e9rte az akci\u00f3t, de sehol sem l\u00e9pett k\u00f6zbe.<br \/>\nA Dekomunizace c\u00e9lja, hogy k\u00fcl\u00f6nf\u00e9le akci\u00f3kkal gyeng\u00edtse \u00e9s b\u00edr\u00e1lja Cseh- \u00e9s Morvaorsz\u00e1g Kommunista P\u00e1rtj\u00e1t (KSCM) a volt totalit\u00e1rius rendszer t\u00f6rv\u00e9nytelens\u00e9geinek \u00e9s b\u0171neinek folyamatos felemleget\u00e9s\u00e9vel. A polg\u00e1ri t\u00e1rsul\u00e1s szerint a KSCM az egykori \u00e1llamp\u00e1rt ut\u00f3da, s a mai napig nem hat\u00e1rol\u00f3dott el kell\u0151k\u00e9ppen a volt rendszer b\u0171neit\u0151l.<br \/>\nA polg\u00e1ri t\u00e1rsul\u00e1st jobboldalik\u00e9nt sz\u00e1mon tartott cseh m\u0171v\u00e9szek \u00e9s k\u00f6z\u00e9leti szem\u00e9lyis\u00e9gek hozt\u00e1k l\u00e9tre, p\u00e9ld\u00e1ul Ivan Medek \u00fajs\u00e1g\u00edr\u00f3, V\u00e1clav Havel r\u00e9gebbi \u00e1llamf\u0151 eln\u00f6ki hivatal\u00e1nak vezet\u0151je vagy Ladislav Smoljak neves film- \u00e9s sz\u00ednh\u00e1zi rendez\u0151.<br \/>\nCseh- \u00e9s Morvaorsz\u00e1g Kommunista P\u00e1rtja ma az egyik leger\u0151sebb cseh politikai p\u00e1rt, amely v\u00e1rhat\u00f3an mintegy 15-20 sz\u00e1zal\u00e9kos t\u00e1mogatotts\u00e1gra sz\u00e1m\u00edthat a p\u00e9nteken \u00e9s szombaton sorra ker\u00fcl\u0151 el\u0151re hozott k\u00e9pvisel\u0151h\u00e1zi v\u00e1laszt\u00e1son.(MTI)<\/p>\n","protected":false},"excerpt":{"rendered":"<p>A kommunista p\u00e1rt n\u00f6vekv\u0151 befoly\u00e1s\u00e1nak vesz\u00e9ly\u00e9re k\u00edv\u00e1nja felh\u00edvni a cseh k\u00f6zv\u00e9lem\u00e9ny figyelm\u00e9t egy civil szervezet, amely felakasztott szem\u00e9lyeket \u00e1br\u00e1zol\u00f3 figur\u00e1kat helyezett el kedden kora reggel t\u00f6bb l\u00e1mpaoszlopon a cseh korm\u00e1ny sz\u00e9khelye melletti Kl\u00e1rov t\u00e9ren Pr\u00e1g\u00e1ban.<\/p>\n","protected":false},"author":1,"featured_media":0,"comment_status":"open","ping_status":"closed","sticky":false,"template":"","format":"standard","meta":[],"categories":[12],"tags":[],"_links":{"self":[{"href":"https:\/\/gazdasagportal.hu\/index.php\/wp-json\/wp\/v2\/posts\/19286"}],"collection":[{"href":"https:\/\/gazdasagportal.hu\/index.php\/wp-json\/wp\/v2\/posts"}],"about":[{"href":"https:\/\/gazdasagportal.hu\/index.php\/wp-json\/wp\/v2\/types\/post"}],"author":[{"embeddable":true,"href":"https:\/\/gazdasagportal.hu\/index.php\/wp-json\/wp\/v2\/users\/1"}],"replies":[{"embeddable":true,"href":"https:\/\/gazdasagportal.hu\/index.php\/wp-json\/wp\/v2\/comments?post=19286"}],"version-history":[{"count":1,"href":"https:\/\/gazdasagportal.hu\/index.php\/wp-json\/wp\/v2\/posts\/19286\/revisions"}],"predecessor-version":[{"id":19287,"href":"https:\/\/gazdasagportal.hu\/index.php\/wp-json\/wp\/v2\/posts\/19286\/revisions\/19287"}],"wp:attachment":[{"href":"https:\/\/gazdasagportal.hu\/index.php\/wp-json\/wp\/v2\/media?parent=19286"}],"wp:term":[{"taxonomy":"category","embeddable":true,"href":"https:\/\/gazdasagportal.hu\/index.php\/wp-json\/wp\/v2\/categories?post=19286"},{"taxonomy":"post_tag","embeddable":true,"href":"https:\/\/gazdasagportal.hu\/index.php\/wp-json\/wp\/v2\/tags?post=19286"}],"curies":[{"name":"wp","href":"https:\/\/api.w.org\/{rel}","templated":true}]}}