{"id":19258,"date":"2013-10-22T07:04:14","date_gmt":"2013-10-22T05:04:14","guid":{"rendered":"http:\/\/stockportal.hu\/?p=19258"},"modified":"2013-10-22T08:20:26","modified_gmt":"2013-10-22T06:20:26","slug":"bajai-valasztas-m1-hirado-az-mszp-s-kiraly-gyorgy-rendelte-meg-a-videot","status":"publish","type":"post","link":"https:\/\/gazdasagportal.hu\/index.php\/bajai-valasztas-m1-hirado-az-mszp-s-kiraly-gyorgy-rendelte-meg-a-videot\/","title":{"rendered":"Bajai v\u00e1laszt\u00e1s &#8211; M1 H\u00edrad\u00f3: az MSZP-s Kir\u00e1ly Gy\u00f6rgy rendelte meg a vide\u00f3t"},"content":{"rendered":"<p><strong>Az M1 H\u00edrad\u00f3ja h\u00e9tf\u0151 este arr\u00f3l sz\u00e1molt be, hogy inform\u00e1ci\u00f3i szerint a bajai id\u0151k\u00f6zi v\u00e1laszt\u00e1ssal kapcsolatban k\u00e9sz\u00fclt videofelv\u00e9telt Kir\u00e1ly Gy\u00f6rgy, az MSZP sporttagozat\u00e1nak aleln\u00f6ke rendelte meg.<!--more--><\/strong><\/p>\n<p>A H\u00edrad\u00f3 \u00fagy tudja, hogy Kir\u00e1ly Gy\u00f6rgyn\u00e9l folyamatosan lobbizott egy f\u00e9rfi, aki l\u00e9tre akarta hozni az MSZP sporttagozat\u00e1t Baj\u00e1n. \u0150 azt rem\u00e9lhette, hogy ha sz\u00edvess\u00e9get tesz Kir\u00e1ly Gy\u00f6rgynek, akkor megszerezheti a t\u00e1mogat\u00e1s\u00e1t. A H\u00edrad\u00f3 inform\u00e1ci\u00f3i szerint ezt haszn\u00e1lhatta fel Kir\u00e1ly Gy\u00f6rgy, aki megk\u00e9rte f\u00e9rfit, k\u00e9sz\u00edtsen egy &#8211; \u00fagymond &#8211; oktat\u00f3filmet arr\u00f3l, hogy a Fidesz mik\u00e9nt v\u00e1s\u00e1rol szavazatokat Baj\u00e1n. A mobiltelefonon r\u00f6gz\u00edtett felv\u00e9telt egy dunaharaszti sz\u00e1m\u00edt\u00e1stechnikai \u00fczletben \u00edratt\u00e1k ki CD-re. A lemezt Kir\u00e1ly Gy\u00f6rgy &#8211; egy p\u00e1rtbeli k\u00f6z\u00e9pvezet\u0151 t\u00e1rs\u00e1val egy\u00fctt &#8211; vitte el az MSZP sz\u00e9kh\u00e1z\u00e1ba.<br \/>\nKir\u00e1ly Gy\u00f6rgy\u00f6t tan\u00fak\u00e9nt hallgatt\u00e1k ki a B\u00e1cs-Kiskun Megyei Rend\u0151r-f\u0151kapit\u00e1nys\u00e1gon. A H\u00edrad\u00f3 \u00fagy \u00e9rtes\u00fclt, a nyomoz\u00f3k els\u0151sorban a vide\u00f3 k\u00e9sz\u00edt\u00e9s\u00e9nek k\u00f6r\u00fclm\u00e9nyeir\u0151l k\u00e9rdezt\u00e9k. A rend\u0151r\u00f6k kor\u00e1bban m\u00e1r hat tan\u00fat kihallgattak az \u00fcgyben, Kir\u00e1ly Gy\u00f6rgy\u00f6t most ezekkel a vallom\u00e1sokkal szembes\u00edtett\u00e9k &#8211; hangzott el a H\u00edrad\u00f3ban.<br \/>\nA nyomoz\u00f3k f\u0151leg arra voltak k\u00edv\u00e1ncsiak, hogy kinek \u00e9s mi\u00e9rt volt sz\u00fcks\u00e9ge egy ilyen filmre, de igyekeztek tiszt\u00e1zni azt is, hogy a CD milyen m\u00f3don ker\u00fclt az MSZP sz\u00e9kh\u00e1z\u00e1ba. A H\u00edrad\u00f3 \u00fagy tudja, a jog\u00e1sz v\u00e9gzetts\u00e9g\u0171 Kir\u00e1ly Gy\u00f6rgy minden k\u00e9rd\u00e9sre v\u00e1laszolt.<br \/>\nAz MSZP sz\u00f3viv\u0151je az MTI megkeres\u00e9s\u00e9re kor\u00e1bban azt mondta: a felv\u00e9telt Kir\u00e1ly Gy\u00f6rgy, az MSZP sporttagozat\u00e1nak aleln\u00f6ke \u00e1tadta Szak\u00e1cs L\u00e1szl\u00f3nak, Mesterh\u00e1zy Attila p\u00e1rteln\u00f6k kabinetf\u0151n\u00f6k\u00e9nek, aki azt Harangoz\u00f3 Tam\u00e1s frakci\u00f3vezet\u0151-helyettessel egy\u00fctt n\u00e9zte meg. Harangoz\u00f3 Tam\u00e1s ezut\u00e1n az MSZP nev\u00e9ben feljelent\u00e9st tett &#8211; tette hozz\u00e1 T\u00f6r\u00f6k Zsolt.<br \/>\nT\u00f6r\u00f6k Zsolt kor\u00e1bban azt mondta, hogy nem a szocialist\u00e1k rendelt\u00e9k meg a felv\u00e9telt, \u00e9s nem vettek r\u00e9szt a k\u00e9sz\u00edt\u00e9s\u00e9ben sem. A sz\u00f3viv\u0151 akkor nem nevezte meg, hogy ki vette \u00e1t a videofelv\u00e9telt a p\u00e1rt sz\u00e9kh\u00e1z\u00e1ban, csak annyit mondott, hogy az illet\u0151 nem politikus.<br \/>\nA hvg.hu-ra p\u00e9nteken felker\u00fclt videofelv\u00e9telen egy k\u00f6zvet\u00edt\u0151 200 ezer forintot ad \u00e1t n\u00e9h\u00e1ny helyi f\u00e9rfinak, \u00e9s tov\u00e1bbi p\u00e9nzt \u00e9s t\u0171zif\u00e1t \u00edg\u00e9r nekik, ha \u0151k \u00e9s csal\u00e1dtagjaik is elmennek szavazni a bajai id\u0151k\u00f6zi v\u00e1laszt\u00e1sra. A m\u00e9ltatlankod\u00f3 f\u00e9rfiak t\u00f6bbsz\u00f6r is r\u00e1k\u00e9rdeznek, \u00e9s a k\u00f6zvet\u00edt\u0151 meger\u0151s\u00edti, hogy a p\u00e9nzt Kov\u00e1cs Csaba, a Fidesz jel\u00f6ltje, illetve Zsig\u00f3 R\u00f3bert, Baja polg\u00e1rmestere, a Fidesz sz\u00f3viv\u0151je k\u00fcldte.<br \/>\nA B\u00e1cs-Kiskun Megyei Rend\u0151r-f\u0151kapit\u00e1nys\u00e1g h\u00e9tf\u0151n azt k\u00f6z\u00f6lte, megrendezett a hamis\u00edtv\u00e1nyk\u00e9nt leleplezett bajai videofelv\u00e9tel.(MTI)<\/p>\n[fblike url=&#8221;https:\/\/www.facebook.com\/pages\/StockPortalhu\/313314365441729&#8243; style=&#8221;standard&#8221; showfaces=&#8221;false&#8221; verb=&#8221;like&#8221; font=&#8221;arial&#8221;]\n","protected":false},"excerpt":{"rendered":"<p>Az M1 H\u00edrad\u00f3ja h\u00e9tf\u0151 este arr\u00f3l sz\u00e1molt be, hogy inform\u00e1ci\u00f3i szerint a bajai id\u0151k\u00f6zi v\u00e1laszt\u00e1ssal kapcsolatban k\u00e9sz\u00fclt videofelv\u00e9telt Kir\u00e1ly Gy\u00f6rgy, az MSZP sporttagozat\u00e1nak aleln\u00f6ke rendelte meg.<\/p>\n","protected":false},"author":1,"featured_media":0,"comment_status":"open","ping_status":"closed","sticky":false,"template":"","format":"standard","meta":[],"categories":[18],"tags":[],"_links":{"self":[{"href":"https:\/\/gazdasagportal.hu\/index.php\/wp-json\/wp\/v2\/posts\/19258"}],"collection":[{"href":"https:\/\/gazdasagportal.hu\/index.php\/wp-json\/wp\/v2\/posts"}],"about":[{"href":"https:\/\/gazdasagportal.hu\/index.php\/wp-json\/wp\/v2\/types\/post"}],"author":[{"embeddable":true,"href":"https:\/\/gazdasagportal.hu\/index.php\/wp-json\/wp\/v2\/users\/1"}],"replies":[{"embeddable":true,"href":"https:\/\/gazdasagportal.hu\/index.php\/wp-json\/wp\/v2\/comments?post=19258"}],"version-history":[{"count":2,"href":"https:\/\/gazdasagportal.hu\/index.php\/wp-json\/wp\/v2\/posts\/19258\/revisions"}],"predecessor-version":[{"id":19268,"href":"https:\/\/gazdasagportal.hu\/index.php\/wp-json\/wp\/v2\/posts\/19258\/revisions\/19268"}],"wp:attachment":[{"href":"https:\/\/gazdasagportal.hu\/index.php\/wp-json\/wp\/v2\/media?parent=19258"}],"wp:term":[{"taxonomy":"category","embeddable":true,"href":"https:\/\/gazdasagportal.hu\/index.php\/wp-json\/wp\/v2\/categories?post=19258"},{"taxonomy":"post_tag","embeddable":true,"href":"https:\/\/gazdasagportal.hu\/index.php\/wp-json\/wp\/v2\/tags?post=19258"}],"curies":[{"name":"wp","href":"https:\/\/api.w.org\/{rel}","templated":true}]}}