{"id":19256,"date":"2013-10-21T18:44:11","date_gmt":"2013-10-21T16:44:11","guid":{"rendered":"http:\/\/stockportal.hu\/?p=19256"},"modified":"2013-10-21T18:44:11","modified_gmt":"2013-10-21T16:44:11","slug":"ogy-politikai-nyilatkozatot-fogadtak-el-a-rezsicsokkentes-megvedeserol","status":"publish","type":"post","link":"https:\/\/gazdasagportal.hu\/index.php\/ogy-politikai-nyilatkozatot-fogadtak-el-a-rezsicsokkentes-megvedeserol\/","title":{"rendered":"OGY &#8211; Politikai nyilatkozatot fogadtak el a rezsics\u00f6kkent\u00e9s megv\u00e9d\u00e9s\u00e9r\u0151l"},"content":{"rendered":"<p><strong>Politikai nyilatkozatot fogadott el a parlament h\u00e9tf\u0151n a rezsics\u00f6kkent\u00e9s megv\u00e9d\u00e9s\u00e9r\u0151l, amire az el\u0151terjeszt\u0151 Fidesz-KDNP indokl\u00e1sa szerint az eur\u00f3pai uni\u00f3s b\u00fcrokr\u00e1cia nyom\u00e1sgyakorl\u00e1sa miatt volt sz\u00fcks\u00e9g.<!--more--><\/strong><\/p>\n<p>A javaslatot h\u00e9tf\u0151n fogadta el az Orsz\u00e1ggy\u0171l\u00e9s 279 igen szavazattal, h\u00e9t nem ellen\u00e9ben, k\u00e9t tart\u00f3zkod\u00e1s mellett. A korm\u00e1nyp\u00e1rtok \u00e9s a Jobbik k\u00e9pvisel\u0151i igennel voksoltak, az MSZP-sek nagy t\u00f6bbs\u00e9ge \u00e9s az LMP nem nyomott gombot. Nemmel a szocialista Veres J\u00e1nos \u00e9s hat f\u00fcggetlen k\u00e9pvisel\u0151 szavazott.<br \/>\nAz ind\u00edtv\u00e1nyt Rog\u00e1n Antal, a Fidesz parlamenti frakci\u00f3vezet\u0151je terjesztette be az Orsz\u00e1ggy\u0171l\u00e9snek, majd beny\u00fajt\u00f3k\u00e9nt csatlakozott hozz\u00e1 N\u00e9meth Szil\u00e1rd, a Fidesz rezsics\u00f6kkent\u00e9s\u00e9rt felel\u0151s politikusa, frakci\u00f3t\u00e1rsa, Di\u00f3ssi Csaba \u00e9s a KDNP-s Aradszki Andr\u00e1s.<br \/>\nA dokumentumban felid\u00e9zik, hogy a parlament 2010-ben d\u00f6nt\u00f6tt az energia\u00e1rak re\u00e1l\u00e9rt\u00e9ken t\u00f6rt\u00e9n\u0151 befagyaszt\u00e1s\u00e1r\u00f3l, majd az elm\u00falt egy \u00e9vben a rezsik\u00f6lts\u00e9gek cs\u00f6kkent\u00e9s\u00e9r\u0151l, megkezdve ezzel a magyar csal\u00e1dok &#8222;elviselhetetlen terheinek enyh\u00edt\u00e9s\u00e9t&#8221;. Erre az\u00e9rt volt sz\u00fcks\u00e9g &#8211; \u00edrt\u00e1k -, mert 1994 \u00e9s 1998 k\u00f6z\u00f6tt a szocialista korm\u00e1ny a val\u00f3s \u00e9rt\u00e9k t\u00f6red\u00e9k\u00e9\u00e9rt privatiz\u00e1lta a k\u00f6zm\u0171- \u00e9s energiaszolg\u00e1ltat\u00f3kat.<br \/>\nAz \u00edgy d\u00f6nt\u0151 r\u00e9szben k\u00fclf\u00f6ldi tulajdonba ker\u00fclt c\u00e9gek &#8211; Eur\u00f3p\u00e1ban p\u00e9lda n\u00e9lk\u00fcli m\u00f3don &#8211; az akkori kabinett\u0151l m\u00e9g garant\u00e1lt profitot is kaptak, s\u0151t ezen t\u00falmen\u0151en 2002 \u00e9s 2010 k\u00f6z\u00f6tt a szocialista korm\u00e1nyok a g\u00e1z \u00e1r\u00e1t 15-sz\u00f6r, a villamos energi\u00e1\u00e9t pedig 9-szer emelt\u00e9k &#8211; olvashat\u00f3 a nyilatkozatban, amely szerint \u00edgy az Eur\u00f3pai Uni\u00f3ban a magyar csal\u00e1dok fizett\u00e9k j\u00f6vedelm\u00fckh\u00f6z k\u00e9pest az egyik legmagasabb \u00e1rat az villamos energi\u00e1\u00e9rt \u00e9s a g\u00e1z\u00e9rt.<br \/>\nUtalva arra, hogy a rezsics\u00f6kkent\u00e9ssel kapcsolatban az Eur\u00f3pai Bizotts\u00e1g t\u00f6bb k\u00e9rd\u00e9sre is v\u00e1laszt v\u00e1r a magyar korm\u00e1nyt\u00f3l, a dokumentumban az \u00e1ll: az EU-s b\u00fcrokr\u00e1cia &#8222;el\u0151bb burkoltan, majd imm\u00e1r ny\u00edltan pr\u00f3b\u00e1l nyom\u00e1st gyakorolni&#8221; Magyarorsz\u00e1gra, a rezsics\u00f6kkent\u00e9s elt\u00f6rl\u00e9s\u00e9t, visszavon\u00e1s\u00e1t s\u00fcrgetve.<br \/>\n&#8222;A magyar Orsz\u00e1ggy\u0171l\u00e9s ezt a nyom\u00e1sgyakorl\u00e1st a profitjukat f\u00e9lt\u0151 k\u00f6zm\u0171szolg\u00e1ltat\u00f3 c\u00e9gek \u00e9rdek\u00e9ben tett l\u00e9p\u00e9snek tekinti, \u00e9s a leghat\u00e1rozottabban visszautas\u00edtja&#8221; &#8211; r\u00f6gz\u00edti a nyilatkozat, amelynek sz\u00f6vege szerint a magyar parlament elv\u00e1rja az Eur\u00f3pai Uni\u00f3t\u00f3l, hogy tartsa tiszteletben Magyarorsz\u00e1g szuverenit\u00e1s\u00e1t, valamint a csaknem 2,5 milli\u00f3 magyar \u00e1llampolg\u00e1r al\u00e1\u00edr\u00e1s\u00e1val meger\u0151s\u00edtett d\u00f6nt\u00e9s\u00e9t a rezsics\u00f6kkent\u00e9s politik\u00e1j\u00e1r\u00f3l.<br \/>\n&#8222;A magyar Orsz\u00e1ggy\u0171l\u00e9s felsz\u00f3l\u00edtja Magyarorsz\u00e1g korm\u00e1ny\u00e1t, hogy ne engedjen az eur\u00f3pai uni\u00f3s b\u00fcrokr\u00e1cia nyom\u00e1s\u00e1nak, v\u00e9dje meg haz\u00e1nk alapszerz\u0151d\u00e9sekben garant\u00e1lt jogait, \u00e9s k\u00f6vetkezetesen folytassa a rezsics\u00f6kkent\u00e9s politik\u00e1j\u00e1t&#8221; &#8211; z\u00e1rul a dokumentum.<br \/>\nA korm\u00e1nyp\u00e1rtok politikusai el\u0151terjeszt\u00e9s\u00fck indokl\u00e1s\u00e1ban hangs\u00falyozt\u00e1k: a k\u00f6z\u00f6ss\u00e9gi jog semmilyen form\u00e1ban nem tiltja a k\u00f6zszolg\u00e1ltat\u00e1sok \u00e1r\u00e1val kapcsolatos hat\u00f3s\u00e1gi \u00e1rmeg\u00e1llap\u00edt\u00e1st, amely az uni\u00f3 28 tag\u00e1llam\u00e1b\u00f3l 18-ban t\u00f6bbf\u00e9le form\u00e1ban is jelen van. A magyar Orsz\u00e1ggy\u0171l\u00e9s elfogadhatatlannak tart minden olyan t\u00f6rekv\u00e9st, amely az EU-t l\u00e9trehoz\u00f3 alapszerz\u0151d\u00e9sek m\u00f3dos\u00edt\u00e1sa n\u00e9lk\u00fcl akarja kiterjeszteni a k\u00f6z\u00f6ss\u00e9gi jogot olyan ter\u00fcletekre is, amelyek egy\u00e9rtelm\u0171en tag\u00e1llami hat\u00e1sk\u00f6rbe tartoznak &#8211; \u00edrta Rog\u00e1n Antal, N\u00e9meth Szil\u00e1rd, Di\u00f3ssi Csaba \u00e9s Aradszki Andr\u00e1s.<br \/>\nA N\u00e9pszabads\u00e1g \u00e9s a Magyar Nemzet a BruxInf\u00f3ra hivatkozva k\u00e9t h\u00e9ttel ezel\u0151tt arr\u00f3l sz\u00e1molt be, hogy a rezsics\u00f6kkent\u00e9ssel \u00f6sszef\u00fcgg\u0151 t\u00f6bb k\u00e9rd\u00e9sre is v\u00e1laszt v\u00e1r az Eur\u00f3pai Bizotts\u00e1g, amely lev\u00e9lben \u00e9rdekl\u0151dik, \u00e9s ha az azokra adott v\u00e1laszokat nem fogadja el, akkor k\u00f6telezetts\u00e9gszeg\u00e9si elj\u00e1r\u00e1s indulhat Magyarorsz\u00e1g ellen.<br \/>\nGir\u00f3-Sz\u00e1sz Andr\u00e1s korm\u00e1nysz\u00f3viv\u0151 akkor az MTI-nek meger\u0151s\u00edtette, hogy val\u00f3ban \u00e9rkezett lev\u00e9l Br\u00fcsszelb\u0151l, amely \u00e9rinti a rezsics\u00f6kkent\u00e9st, a magyar korm\u00e1ny azonban kitart a rezsics\u00f6kkent\u00e9s mellett, \u00e9s megv\u00e9di azt.(MTI)<\/p>\n","protected":false},"excerpt":{"rendered":"<p>Politikai nyilatkozatot fogadott el a parlament h\u00e9tf\u0151n a rezsics\u00f6kkent\u00e9s megv\u00e9d\u00e9s\u00e9r\u0151l, amire az el\u0151terjeszt\u0151 Fidesz-KDNP indokl\u00e1sa szerint az eur\u00f3pai uni\u00f3s b\u00fcrokr\u00e1cia nyom\u00e1sgyakorl\u00e1sa miatt volt sz\u00fcks\u00e9g.<\/p>\n","protected":false},"author":1,"featured_media":0,"comment_status":"open","ping_status":"closed","sticky":false,"template":"","format":"standard","meta":[],"categories":[18],"tags":[],"_links":{"self":[{"href":"https:\/\/gazdasagportal.hu\/index.php\/wp-json\/wp\/v2\/posts\/19256"}],"collection":[{"href":"https:\/\/gazdasagportal.hu\/index.php\/wp-json\/wp\/v2\/posts"}],"about":[{"href":"https:\/\/gazdasagportal.hu\/index.php\/wp-json\/wp\/v2\/types\/post"}],"author":[{"embeddable":true,"href":"https:\/\/gazdasagportal.hu\/index.php\/wp-json\/wp\/v2\/users\/1"}],"replies":[{"embeddable":true,"href":"https:\/\/gazdasagportal.hu\/index.php\/wp-json\/wp\/v2\/comments?post=19256"}],"version-history":[{"count":1,"href":"https:\/\/gazdasagportal.hu\/index.php\/wp-json\/wp\/v2\/posts\/19256\/revisions"}],"predecessor-version":[{"id":19257,"href":"https:\/\/gazdasagportal.hu\/index.php\/wp-json\/wp\/v2\/posts\/19256\/revisions\/19257"}],"wp:attachment":[{"href":"https:\/\/gazdasagportal.hu\/index.php\/wp-json\/wp\/v2\/media?parent=19256"}],"wp:term":[{"taxonomy":"category","embeddable":true,"href":"https:\/\/gazdasagportal.hu\/index.php\/wp-json\/wp\/v2\/categories?post=19256"},{"taxonomy":"post_tag","embeddable":true,"href":"https:\/\/gazdasagportal.hu\/index.php\/wp-json\/wp\/v2\/tags?post=19256"}],"curies":[{"name":"wp","href":"https:\/\/api.w.org\/{rel}","templated":true}]}}