{"id":19254,"date":"2013-10-21T20:42:05","date_gmt":"2013-10-21T18:42:05","guid":{"rendered":"http:\/\/stockportal.hu\/?p=19254"},"modified":"2013-10-21T18:43:02","modified_gmt":"2013-10-21T16:43:02","slug":"a-kulonadok-ellenere-a-francia-toke-erositeni-akarja-magyarorszagi-jelenletet","status":"publish","type":"post","link":"https:\/\/gazdasagportal.hu\/index.php\/a-kulonadok-ellenere-a-francia-toke-erositeni-akarja-magyarorszagi-jelenletet\/","title":{"rendered":"A k\u00fcl\u00f6nad\u00f3k ellen\u00e9re a francia t\u0151ke er\u0151s\u00edteni akarja magyarorsz\u00e1gi jelenl\u00e9t\u00e9t"},"content":{"rendered":"<p><strong>A francia v\u00e1llalkoz\u00e1soknak \u00e9s t\u0151k\u00e9nek tov\u00e1bbra is az a sz\u00e1nd\u00e9ka, hogy \u00fajabb beruh\u00e1z\u00e1sok r\u00e9v\u00e9n er\u0151s\u00edtse magyarorsz\u00e1gi jelenl\u00e9t\u00e9t m\u00e9g akkor is, ha a k\u00fcl\u00f6nad\u00f3k esetleg fennmaradnak &#8211; mondta \u00c1der J\u00e1nos k\u00f6zt\u00e1rsas\u00e1gi eln\u00f6k h\u00e9tf\u0151n az MTI-nek P\u00e1rizsban, Francois Hollande francia eln\u00f6kkel folytatott megbesz\u00e9l\u00e9s\u00e9t k\u00f6vet\u0151en.<!--more--><\/strong><\/p>\n<p>&#8222;Ezt a tal\u00e1lkoz\u00f3t tekinthetj\u00fck \u00fagy, hogy lez\u00e1rtuk a vit\u00e1s (gazdas\u00e1gi) k\u00e9rd\u00e9seket &#8230; (Hollande) eln\u00f6k ezeket egy mondattal elint\u00e9zte, \u00e9s a m\u00falt r\u00e9sz\u00e9nek tekintend\u0151 k\u00e9rd\u00e9sk\u00e9nt z\u00e1rta le&#8221; &#8211; hangs\u00falyozta \u00c1der J\u00e1nos.<br \/>\nA magyar \u00e1llamf\u0151 az egy\u00f3r\u00e1s megbesz\u00e9l\u00e9sr\u0151l megjegyezte: francia koll\u00e9g\u00e1ja elismer\u00e9ssel sz\u00f3lt a magyar gazdas\u00e1g elm\u00falt f\u00e9l\u00e9ves teljes\u00edtm\u00e9ny\u00e9r\u0151l. \u00c1der J\u00e1nos &#8211; mint elmondta &#8211; r\u00e9szletesen t\u00e1j\u00e9koztatta a francia eln\u00f6k\u00f6t a magyar gazdas\u00e1gi eredm\u00e9nyekr\u0151l: a k\u00f6lts\u00e9gvet\u00e9si hi\u00e1ny lefarag\u00e1s\u00e1r\u00f3l, az \u00e1llamad\u00f3ss\u00e1g cs\u00f6kkent\u00e9s\u00e9r\u0151l, a munkan\u00e9lk\u00fclis\u00e9gre vonatkoz\u00f3 kedvez\u0151 adatok megjelen\u00e9s\u00e9r\u0151l, a m\u00e1r a K\u00f6zponti Statisztikai Hivatal \u00e1ltal is m\u00e9rhet\u0151 gazdas\u00e1gi n\u00f6veked\u00e9sr\u0151l, a Magyarorsz\u00e1ggal szembeni t\u00falzottdeficit-elj\u00e1r\u00e1s megsz\u00fcntet\u00e9s\u00e9r\u0151l.<br \/>\n&#8222;Ezek voltak azok a t\u00e9nyek, amelyeket nyilv\u00e1n t\u0151lem f\u00fcggetlen\u00fcl is ismert a francia k\u00f6zt\u00e1rsas\u00e1gi eln\u00f6k. Ezek alapj\u00e1n mondta, hogy \u0151 elismeri \u00e9s elismer\u00e9sre m\u00e9lt\u00f3nak tartja a magyar gazdas\u00e1g teljes\u00edtm\u00e9ny\u00e9t&#8221; &#8211; mondta \u00c1der J\u00e1nos.<br \/>\nNicolas Sarkozy el\u0151z\u0151, konzervat\u00edv \u00e1llamf\u0151 2007 szeptemberi magyarorsz\u00e1gi l\u00e1togat\u00e1sa \u00f3ta ez volt a k\u00e9t orsz\u00e1g k\u00f6z\u00f6tt az els\u0151 \u00e1llamf\u0151i szint\u0171 tal\u00e1lkoz\u00f3. Magyar k\u00f6zt\u00e1rsas\u00e1gi eln\u00f6k\u00a0\u00a0az Elys\u00e9e-palot\u00e1ban utolj\u00e1ra 2006 m\u00e1rcius\u00e1ban j\u00e1rt, akkor S\u00f3lyom L\u00e1szl\u00f3 Jacques Chirac eln\u00f6kkel t\u00e1rgyalt.<br \/>\n\u00c1der J\u00e1nos &#8222;komoly gazdas\u00e1gi er\u0151nek&#8221; nevezte Franciaorsz\u00e1got, amely n\u00e9gysz\u00e1z v\u00e1llalattal jelenleg a harmadik legnagyobb befektet\u0151 Magyarorsz\u00e1gon, s ezek a c\u00e9gek t\u00f6bb mint 50 ezer munkav\u00e1llal\u00f3nak adnak munk\u00e1t. Ebb\u0151l a szempontb\u00f3l tartja az \u00e1llamf\u0151 jelent\u0151snek, hogy a francia \u00e1llam k\u00e9pvisel\u0151je kinyilv\u00e1n\u00edtotta azt a sz\u00e1nd\u00e9k\u00e1t, hogy a t\u0151kebefektet\u00e9s \u00e9s a beruh\u00e1z\u00e1sok sz\u00e1m\u00e1ra tov\u00e1bbra is fontos c\u00e9lorsz\u00e1gk\u00e9nt tekint Magyarorsz\u00e1gra.<br \/>\nA kultur\u00e1lis egy\u00fcttm\u0171k\u00f6d\u00e9s ter\u00e9n \u00c1der J\u00e1nos eml\u00e9keztetett arra, hogy az elm\u00falt \u00e9vekben nagyon sok olyan ki\u00e1ll\u00edt\u00e1s ny\u00edlt meg Magyarorsz\u00e1gon, amelyeken a francia m\u0171v\u00e9szetet mutatt\u00e1k be haz\u00e1nkban. &#8222;Most ez kicsit ford\u00edtva t\u00f6rt\u00e9nt, hiszen P\u00e1rizsban mutatkozhatott be a magyar k\u00e9pz\u0151m\u0171v\u00e9szet egy jelent\u0151s r\u00e9sze&#8221; &#8211; jegyezte meg.<br \/>\nA k\u00f6zt\u00e1rsas\u00e1gi eln\u00f6k a p\u00e1rizsi Orsay M\u00fazeumban a Sz\u00e9pm\u0171v\u00e9szeti M\u00fazeummal egy\u00fcttm\u0171k\u00f6d\u00e9sben a k\u00e9t k\u00f6zt\u00e1rsas\u00e1gi eln\u00f6k f\u0151v\u00e9dn\u00f6ks\u00e9g\u00e9vel megrendezett, okt\u00f3ber 14-\u00e9n megny\u00edlt Allegro Barbaro: Bart\u00f3k B\u00e9la \u00e9s a magyar modernizmus 1905-1920 c\u00edm\u0171 ki\u00e1ll\u00edt\u00e1sra utalt, amelyet d\u00e9lel\u0151tt tekintett meg. A t\u00e1rlaton Claire Bernardi francia kur\u00e1tor, valamint Ba\u00e1n L\u00e1szl\u00f3, a Sz\u00e9pm\u0171v\u00e9szeti M\u00fazeum igazgat\u00f3ja \u00e9s Guy Cogeval, az Orsay M\u00fazeum igazgat\u00f3ja k\u00eds\u00e9rte v\u00e9gig \u00c1der J\u00e1nost.<br \/>\n&#8222;Val\u00f3sz\u00edn\u0171leg ez ennek az \u00e9vnek a legjelent\u0151sebb \u00e9s v\u00e9lhet\u0151en az egyik legl\u00e1togatottabb ki\u00e1ll\u00edt\u00e1sa lesz&#8221; &#8211; id\u00e9zte a k\u00f6zt\u00e1rsas\u00e1gi eln\u00f6k francia kolleg\u00e1j\u00e1t. Az Orsay M\u00fazeum a janu\u00e1rig 5-ig l\u00e1togathat\u00f3 ki\u00e1ll\u00edt\u00e1son legal\u00e1bb 300 ezer l\u00e1togat\u00f3ra sz\u00e1m\u00edt. \u00c1der elmondta: k\u00f6lcs\u00f6n\u00f6s a k\u00e9t orsz\u00e1g k\u00f6z\u00f6tt a sz\u00e1nd\u00e9k, hogy ezt az egy\u00fcttm\u0171k\u00f6d\u00e9st er\u0151s\u00edteni kell, mert mindk\u00e9t orsz\u00e1g polg\u00e1raiban ig\u00e9ny van arra, hogy megismerj\u00e9k a m\u00e1sik orsz\u00e1g kultur\u00e1lis eredm\u00e9nyeit.<br \/>\nA k\u00f6zt\u00e1rsas\u00e1gi eln\u00f6k t\u00e1j\u00e9koztatta francia kolleg\u00e1j\u00e1t a Szegedi Tudom\u00e1nyegyetemen (SZTE) \u00fajonnan alakult francia centrum elind\u00edt\u00e1s\u00e1r\u00f3l, s annak a rem\u00e9ny\u00e9nek adott hangot, hogy a k\u00f6zpont min\u00e9l nagyobb t\u00e1mogat\u00e1st fog \u00e9lvezni francia r\u00e9szr\u0151l, \u00e9s hogy egyre t\u00f6bb frankof\u00f3n di\u00e1k fog itt megfelel\u0151 k\u00e9pz\u00e9sben r\u00e9szes\u00fclni.<br \/>\nA k\u00f6z\u00e9p-eur\u00f3pai orsz\u00e1gok k\u00f6z\u00fcl Magyarorsz\u00e1g kedvelt c\u00e9lpontja a k\u00fclf\u00f6ldi di\u00e1koknak, hiszen t\u00f6bb mint 20 ezren tanulnak k\u00f6z\u00fcl\u00fck n\u00e1lunk, sz\u00e1mukat pedig szeretn\u00e9nk n\u00f6velni &#8211; h\u00edvta fel a figyelmet az \u00e1llamf\u0151.<br \/>\n\u00c1der J\u00e1nos este a p\u00e1rizsi Magyar Int\u00e9zetben Franciaorsz\u00e1gban \u00e9l\u0151 magyar m\u0171v\u00e9szekkel tal\u00e1lkozik.<br \/>\nP\u00e1rizsb\u00f3l a k\u00f6zt\u00e1rsas\u00e1gi eln\u00f6k &#8211; a k\u00fclhoni magyars\u00e1g megh\u00edv\u00e1s\u00e1ra &#8211; kedden Kanad\u00e1ba, majd az Amerikai Egyes\u00fclt \u00c1llamokba utazik tov\u00e1bb.(MTI)<\/p>\n","protected":false},"excerpt":{"rendered":"<p>A francia v\u00e1llalkoz\u00e1soknak \u00e9s t\u0151k\u00e9nek tov\u00e1bbra is az a sz\u00e1nd\u00e9ka, hogy \u00fajabb beruh\u00e1z\u00e1sok r\u00e9v\u00e9n er\u0151s\u00edtse magyarorsz\u00e1gi jelenl\u00e9t\u00e9t m\u00e9g akkor is, ha a k\u00fcl\u00f6nad\u00f3k esetleg fennmaradnak &#8211; mondta \u00c1der J\u00e1nos k\u00f6zt\u00e1rsas\u00e1gi eln\u00f6k h\u00e9tf\u0151n az MTI-nek P\u00e1rizsban, Francois Hollande francia eln\u00f6kkel folytatott megbesz\u00e9l\u00e9s\u00e9t k\u00f6vet\u0151en.<\/p>\n","protected":false},"author":1,"featured_media":0,"comment_status":"open","ping_status":"closed","sticky":false,"template":"","format":"standard","meta":[],"categories":[19],"tags":[],"_links":{"self":[{"href":"https:\/\/gazdasagportal.hu\/index.php\/wp-json\/wp\/v2\/posts\/19254"}],"collection":[{"href":"https:\/\/gazdasagportal.hu\/index.php\/wp-json\/wp\/v2\/posts"}],"about":[{"href":"https:\/\/gazdasagportal.hu\/index.php\/wp-json\/wp\/v2\/types\/post"}],"author":[{"embeddable":true,"href":"https:\/\/gazdasagportal.hu\/index.php\/wp-json\/wp\/v2\/users\/1"}],"replies":[{"embeddable":true,"href":"https:\/\/gazdasagportal.hu\/index.php\/wp-json\/wp\/v2\/comments?post=19254"}],"version-history":[{"count":1,"href":"https:\/\/gazdasagportal.hu\/index.php\/wp-json\/wp\/v2\/posts\/19254\/revisions"}],"predecessor-version":[{"id":19255,"href":"https:\/\/gazdasagportal.hu\/index.php\/wp-json\/wp\/v2\/posts\/19254\/revisions\/19255"}],"wp:attachment":[{"href":"https:\/\/gazdasagportal.hu\/index.php\/wp-json\/wp\/v2\/media?parent=19254"}],"wp:term":[{"taxonomy":"category","embeddable":true,"href":"https:\/\/gazdasagportal.hu\/index.php\/wp-json\/wp\/v2\/categories?post=19254"},{"taxonomy":"post_tag","embeddable":true,"href":"https:\/\/gazdasagportal.hu\/index.php\/wp-json\/wp\/v2\/tags?post=19254"}],"curies":[{"name":"wp","href":"https:\/\/api.w.org\/{rel}","templated":true}]}}