{"id":19250,"date":"2013-10-21T19:21:50","date_gmt":"2013-10-21T17:21:50","guid":{"rendered":"http:\/\/stockportal.hu\/?p=19250"},"modified":"2013-10-21T18:34:49","modified_gmt":"2013-10-21T16:34:49","slug":"csokkent-a-munkanelkuliseg-gyor-moson-sopron-megyeben","status":"publish","type":"post","link":"https:\/\/gazdasagportal.hu\/index.php\/csokkent-a-munkanelkuliseg-gyor-moson-sopron-megyeben\/","title":{"rendered":"Cs\u00f6kkent a munkan\u00e9lk\u00fclis\u00e9g Gy\u0151r-Moson-Sopron megy\u00e9ben"},"content":{"rendered":"<p><strong>Havi \u00e9s \u00e9ves \u00f6sszevet\u00e9sben is cs\u00f6kkent Gy\u0151r-Moson-Sopronban a munkan\u00e9lk\u00fclis\u00e9g, a mutat\u00f3 az elm\u00falt \u00f6t \u00e9v legalacsonyabb szeptemberi adata lett &#8211; k\u00f6z\u00f6lte a megyei korm\u00e1nyhivatal munka\u00fcgyi k\u00f6zpontja h\u00e9tf\u0151n az MTI-vel.<!--more--><\/strong><\/p>\n<p>A t\u00e1j\u00e9koztat\u00e1s szerint a 8227 munkan\u00e9lk\u00fcli a t\u00e9rs\u00e9g akt\u00edv kor\u00fa n\u00e9pess\u00e9g\u00e9nek n\u00e9gy sz\u00e1zal\u00e9ka, az adat 308-cal kisebb az el\u0151z\u0151 havin\u00e1l, \u00e9s 1380-nal elmarad a tavaly szeptemberit\u0151l &#8211; egy h\u00f3nap alatt 0,1, egy \u00e9v alatt pedig 0,7 sz\u00e1zal\u00e9kpontos cs\u00f6kken\u00e9s.<br \/>\nA kedvez\u0151 adatok m\u00f6g\u00f6tt a korm\u00e1ny \u00e1ltal is t\u00e1mogatott gy\u0151ri j\u00e1rm\u0171ipari beruh\u00e1z\u00e1shoz, valamint az ehhez kapcsol\u00f3d\u00f3, egyre sz\u00e9lesed\u0151 besz\u00e1ll\u00edt\u00f3 k\u00f6r \u00e1ltal k\u00edn\u00e1lt munkalehet\u0151s\u00e9gek \u00e1llnak. Kara \u00c1kos (Fidesz) orsz\u00e1ggy\u0171l\u00e9si k\u00e9pvisel\u0151, a parlament foglalkoztat\u00e1si \u00e9s munka\u00fcgyi bizotts\u00e1g\u00e1nak aleln\u00f6ke az MTI-nek azt mondta: sikeresen teljes\u00fcl az a c\u00e9l, hogy a gy\u0151ri motor- \u00e9s j\u00e1rm\u0171gy\u00e1rhoz min\u00e9l t\u00f6bb termel\u0151 kis- \u00e9s k\u00f6zepes v\u00e1llalat tudjon kapcsol\u00f3dni.<br \/>\nAz 5428 f\u0151s gy\u0151ri munkan\u00e9lk\u00fclis\u00e9gi adat 16,6 sz\u00e1zal\u00e9kkal, a 884 soproni \u00e1ll\u00e1skeres\u0151 14,4, az 1015 f\u0151s mosonmagyar\u00f3v\u00e1ri sz\u00e1m 10,5, m\u00edg az 502 csornai \u00e1ll\u00e1stalan 8,4 sz\u00e1zal\u00e9kkal kevesebb az egy \u00e9vvel kor\u00e1bbin\u00e1l. A munka\u00fcgyi kirendelts\u00e9gek k\u00f6z\u00fcl egyed\u00fcl Kapuv\u00e1ron volt emelked\u00e9s, 3,1 sz\u00e1zal\u00e9kos; itt a m\u00falt h\u00f3nap v\u00e9g\u00e9n 402 volt a regisztr\u00e1lt \u00e1ll\u00e1skeres\u0151k sz\u00e1ma.<br \/>\nA megyei \u00e1ll\u00e1stalanok sz\u00e1ma egy \u00e9v alatt 14,4, egy h\u00f3nap alatt 3,6 sz\u00e1zal\u00e9kos cs\u00f6kkent. A szeptember v\u00e9g\u00e9t megel\u0151z\u0151 egy \u00e9v alatt Gy\u0151rben 6,3-r\u00f3l 5,2 sz\u00e1zal\u00e9kra, Mosonmagyar\u00f3v\u00e1r t\u00e9rs\u00e9g\u00e9ben 3,5-r\u0151l 3,1, Csorn\u00e1n 2,9-r\u0151l 2,7, Sopronban pedig 2,7-r\u0151l 2,2 sz\u00e1zal\u00e9kra cs\u00f6kkent a regisztr\u00e1lt \u00e1ll\u00e1skeres\u0151k ar\u00e1nya. Ek\u00f6zben Kapuv\u00e1ron 3,2-r\u0151l 3,3 sz\u00e1zal\u00e9kra emelkedett a mutat\u00f3.<br \/>\nM\u00edg orsz\u00e1gosan az \u00e1ll\u00e1stalanok k\u00f6z\u00f6tt az alapfok\u00fa v\u00e9gzetts\u00e9g\u0171ek k\u00e9pviselik a legnagyobb ar\u00e1nyt, a megy\u00e9ben az \u00e1ll\u00e1skeres\u0151k nagy r\u00e9sze, 61,7 sz\u00e1zal\u00e9ka k\u00f6z\u00e9pfok\u00fa, 9,8 sz\u00e1zal\u00e9ka a fels\u0151fok\u00fa v\u00e9gzetts\u00e9ggel rendelkezik, \u00e9s 28,5 sz\u00e1zal\u00e9ka legfeljebb az \u00e1ltal\u00e1nos iskol\u00e1t fejezte be.<br \/>\nA k\u00e9pzetlenek ar\u00e1nya jelenleg a legalacsonyabb az orsz\u00e1gban &#8211; \u00edrj\u00e1k, a jobb foglalkoztat\u00e1si helyzet mellett annak tulajdon\u00edtva ezt, hogy a k\u00e9pz\u00e9sek r\u00e9v\u00e9n els\u0151sorban ennek a csoportnak az elhelyezked\u00e9si es\u00e9lyei javulnak.<br \/>\nA regisztr\u00e1ltak 19,5 sz\u00e1zal\u00e9ka, 1604 ember volt szeptember v\u00e9g\u00e9n egy \u00e9vn\u00e9l hosszabb ideje \u00e1ll\u00e1stalan; ez az orsz\u00e1gban a legalacsonyabb megyei ar\u00e1ny, de egy h\u00f3nap alatt 0,2 sz\u00e1zal\u00e9kos, egy \u00e9v alatt 2,1 sz\u00e1zal\u00e9kos emelked\u00e9st mutat &#8211; t\u00e1j\u00e9koztattak.(MTI)<\/p>\n","protected":false},"excerpt":{"rendered":"<p>Havi \u00e9s \u00e9ves \u00f6sszevet\u00e9sben is cs\u00f6kkent Gy\u0151r-Moson-Sopronban a munkan\u00e9lk\u00fclis\u00e9g, a mutat\u00f3 az elm\u00falt \u00f6t \u00e9v legalacsonyabb szeptemberi adata lett &#8211; k\u00f6z\u00f6lte a megyei korm\u00e1nyhivatal munka\u00fcgyi k\u00f6zpontja h\u00e9tf\u0151n az MTI-vel.<\/p>\n","protected":false},"author":1,"featured_media":0,"comment_status":"open","ping_status":"closed","sticky":false,"template":"","format":"standard","meta":[],"categories":[19],"tags":[],"_links":{"self":[{"href":"https:\/\/gazdasagportal.hu\/index.php\/wp-json\/wp\/v2\/posts\/19250"}],"collection":[{"href":"https:\/\/gazdasagportal.hu\/index.php\/wp-json\/wp\/v2\/posts"}],"about":[{"href":"https:\/\/gazdasagportal.hu\/index.php\/wp-json\/wp\/v2\/types\/post"}],"author":[{"embeddable":true,"href":"https:\/\/gazdasagportal.hu\/index.php\/wp-json\/wp\/v2\/users\/1"}],"replies":[{"embeddable":true,"href":"https:\/\/gazdasagportal.hu\/index.php\/wp-json\/wp\/v2\/comments?post=19250"}],"version-history":[{"count":1,"href":"https:\/\/gazdasagportal.hu\/index.php\/wp-json\/wp\/v2\/posts\/19250\/revisions"}],"predecessor-version":[{"id":19251,"href":"https:\/\/gazdasagportal.hu\/index.php\/wp-json\/wp\/v2\/posts\/19250\/revisions\/19251"}],"wp:attachment":[{"href":"https:\/\/gazdasagportal.hu\/index.php\/wp-json\/wp\/v2\/media?parent=19250"}],"wp:term":[{"taxonomy":"category","embeddable":true,"href":"https:\/\/gazdasagportal.hu\/index.php\/wp-json\/wp\/v2\/categories?post=19250"},{"taxonomy":"post_tag","embeddable":true,"href":"https:\/\/gazdasagportal.hu\/index.php\/wp-json\/wp\/v2\/tags?post=19250"}],"curies":[{"name":"wp","href":"https:\/\/api.w.org\/{rel}","templated":true}]}}