{"id":19121,"date":"2013-10-18T18:30:33","date_gmt":"2013-10-18T16:30:33","guid":{"rendered":"http:\/\/stockportal.hu\/?p=19121"},"modified":"2013-10-18T17:31:08","modified_gmt":"2013-10-18T15:31:08","slug":"a-fidesz-feljelentest-tett-a-hvg-hu-altal-kozolt-videofelvetel-miatt","status":"publish","type":"post","link":"https:\/\/gazdasagportal.hu\/index.php\/a-fidesz-feljelentest-tett-a-hvg-hu-altal-kozolt-videofelvetel-miatt\/","title":{"rendered":"A Fidesz feljelent\u00e9st tett a hvg.hu \u00e1ltal k\u00f6z\u00f6lt videofelv\u00e9tel miatt"},"content":{"rendered":"<p><strong>A Fidesz p\u00e9nteken b\u00fcntet\u0151feljelent\u00e9st tett a hvg.hu \u00e1ltal p\u00e9nteken k\u00f6z\u00f6lt videofelv\u00e9tel miatt.<!--more--><\/strong><\/p>\n<p>Zsig\u00f3 R\u00f3bert, Baja polg\u00e1rmestere, a Fidesz sz\u00f3viv\u0151je az MTI-hez eljuttatott k\u00f6zlem\u00e9nyben hangs\u00falyozza, hogy a vide\u00f3t bizony\u00edt\u00e9knak tekintik arra, hogy megrendezetten \u00e9s el\u0151re kitervelten pr\u00f3b\u00e1lj\u00e1k lej\u00e1ratni a Fidesz.<br \/>\nA felv\u00e9telen egy k\u00f6zvet\u00edt\u0151 200 ezer forintot ad \u00e1t n\u00e9h\u00e1ny helyi f\u00e9rfinak, \u00e9s tov\u00e1bbi p\u00e9nzt meg t\u0171zif\u00e1t \u00edg\u00e9r nekik, ha \u0151k \u00e9s csal\u00e1dtagjaik is a Fideszre szavaznak a bajai id\u0151k\u00f6zi v\u00e1laszt\u00e1son.<br \/>\nZsig\u00f3 R\u00f3bert k\u00f6z\u00f6lte: mint ismert, a bajai Fidesz m\u00e1r okt\u00f3ber 12-\u00e9n b\u00fcntet\u0151feljelent\u00e9st tett a rend\u0151rs\u00e9gen egy \u00e1lfideszes ismeretlen tettes ellen, aki Baj\u00e1t j\u00e1rta, \u00e9s v\u00e1laszt\u00f3polg\u00e1rokt\u00f3l azt k\u00e9rte, hogy szavazzanak a p\u00e1rt jel\u00f6ltj\u00e9re, ami\u00e9rt viszonz\u00e1sul t\u00edz m\u00e1zsa f\u00e1t aj\u00e1nlott.<br \/>\nA p\u00e9nteken k\u00f6z\u00f6lt vide\u00f3 igazolja kor\u00e1bbi b\u00fcntet\u0151feljelent\u00e9s\u00fck alaposs\u00e1g\u00e1t, \u00e9s bizony\u00edt\u00e9k arra, hogy mindezt politikai \u00e9rdekekb\u0151l, el\u0151re kitervelten, megrendezett \u00e9s r\u00f6gz\u00edtett jelenetben tett\u00e9k, hogy tudatos lej\u00e1rat\u00e1sra haszn\u00e1lhass\u00e1k fel &#8211; k\u00f6z\u00f6lte a polg\u00e1rmester. &#8222;Rendk\u00edv\u00fcl les\u00fajt\u00f3nak tartjuk, hogy a bukott baloldal k\u00e9t v\u00e1laszt\u00e1si veres\u00e9g ut\u00e1n sem k\u00e9pes elfogadni a bajaiak d\u00f6nt\u00e9s\u00e9t \u00e9s a legaljasabb +technik\u00e1kat+ vetik be a mai napig a bajai v\u00e1laszt\u00e1si eredm\u00e9nnyel kapcsolatban&#8221; &#8211; fogalmaz Zsig\u00f3 R\u00f3bert a k\u00f6zlem\u00e9nyben.<br \/>\nHozz\u00e1teszi: &#8222;a bajaiak azonban m\u00e1r elmondt\u00e1k a v\u00e9lem\u00e9ny\u00fcket a baloldal hazug \u00e9s aljas technik\u00e1ir\u00f3l&#8221;.<br \/>\nA hvg.hu-ra p\u00e9nteken ker\u00fclt fel egy videofelv\u00e9tel, amelyen egy k\u00f6zvet\u00edt\u0151 200 ezer forintot ad \u00e1t n\u00e9h\u00e1ny helyi f\u00e9rfinak, \u00e9s tov\u00e1bbi p\u00e9nzt meg t\u0171zif\u00e1t \u00edg\u00e9r nekik, ha \u0151k \u00e9s a csal\u00e1dtagjaik is elmennek szavazni. A m\u00e9ltatlankod\u00f3 f\u00e9rfiak t\u00f6bbsz\u00f6r is r\u00e1k\u00e9rdeznek, \u00e9s a k\u00f6zvet\u00edt\u0151 meger\u0151s\u00edti, hogy a p\u00e9nzt Kov\u00e1cs Csaba, a Fidesz jel\u00f6ltje, illetve Zsig\u00f3 R\u00f3bert polg\u00e1rmester k\u00fcldte.<br \/>\nA bajai 32-es szavaz\u00f3k\u00f6rben vas\u00e1rnap megism\u00e9telt szavaz\u00e1st tartottak, mert a Kecskem\u00e9ti T\u00f6rv\u00e9nysz\u00e9k meg\u00e1llap\u00edt\u00e1sa szerint kamp\u00e1nycsends\u00e9rt\u00e9s t\u00f6rt\u00e9nt a szeptember 22-\u00e9n megtartott id\u0151k\u00f6zi \u00f6nkorm\u00e1nyzati v\u00e1laszt\u00e1son. A voksol\u00e1st a Fidesz jel\u00f6ltje nyerte.(MTI)<\/p>\n","protected":false},"excerpt":{"rendered":"<p>A Fidesz p\u00e9nteken b\u00fcntet\u0151feljelent\u00e9st tett a hvg.hu \u00e1ltal p\u00e9nteken k\u00f6z\u00f6lt videofelv\u00e9tel miatt.<\/p>\n","protected":false},"author":1,"featured_media":0,"comment_status":"open","ping_status":"closed","sticky":false,"template":"","format":"standard","meta":[],"categories":[18],"tags":[],"_links":{"self":[{"href":"https:\/\/gazdasagportal.hu\/index.php\/wp-json\/wp\/v2\/posts\/19121"}],"collection":[{"href":"https:\/\/gazdasagportal.hu\/index.php\/wp-json\/wp\/v2\/posts"}],"about":[{"href":"https:\/\/gazdasagportal.hu\/index.php\/wp-json\/wp\/v2\/types\/post"}],"author":[{"embeddable":true,"href":"https:\/\/gazdasagportal.hu\/index.php\/wp-json\/wp\/v2\/users\/1"}],"replies":[{"embeddable":true,"href":"https:\/\/gazdasagportal.hu\/index.php\/wp-json\/wp\/v2\/comments?post=19121"}],"version-history":[{"count":1,"href":"https:\/\/gazdasagportal.hu\/index.php\/wp-json\/wp\/v2\/posts\/19121\/revisions"}],"predecessor-version":[{"id":19122,"href":"https:\/\/gazdasagportal.hu\/index.php\/wp-json\/wp\/v2\/posts\/19121\/revisions\/19122"}],"wp:attachment":[{"href":"https:\/\/gazdasagportal.hu\/index.php\/wp-json\/wp\/v2\/media?parent=19121"}],"wp:term":[{"taxonomy":"category","embeddable":true,"href":"https:\/\/gazdasagportal.hu\/index.php\/wp-json\/wp\/v2\/categories?post=19121"},{"taxonomy":"post_tag","embeddable":true,"href":"https:\/\/gazdasagportal.hu\/index.php\/wp-json\/wp\/v2\/tags?post=19121"}],"curies":[{"name":"wp","href":"https:\/\/api.w.org\/{rel}","templated":true}]}}