{"id":19115,"date":"2013-10-18T17:26:59","date_gmt":"2013-10-18T15:26:59","guid":{"rendered":"http:\/\/stockportal.hu\/?p=19115"},"modified":"2013-10-18T17:26:59","modified_gmt":"2013-10-18T15:26:59","slug":"fidesz-a-videkfejlesztesi-miniszterium-erdeme-a-hivatal-gyanus-ugyenek-feltarasa","status":"publish","type":"post","link":"https:\/\/gazdasagportal.hu\/index.php\/fidesz-a-videkfejlesztesi-miniszterium-erdeme-a-hivatal-gyanus-ugyenek-feltarasa\/","title":{"rendered":"Fidesz: a Vid\u00e9kfejleszt\u00e9si Miniszt\u00e9rium \u00e9rdeme a hivatal gyan\u00fas \u00fcgy\u00e9nek felt\u00e1r\u00e1sa"},"content":{"rendered":"<p><strong>A Vid\u00e9kfejleszt\u00e9si Miniszt\u00e9rium \u00e9rdeme a Mez\u0151gazdas\u00e1gi \u00e9s Vid\u00e9kfejleszt\u00e9si Hivataln\u00e1l (MVH) t\u00f6rt\u00e9nt probl\u00e9m\u00e1k, vissza\u00e9l\u00e9sgyan\u00fas esetek felt\u00e1r\u00e1sa, a nyomoz\u00e1st pedig maga a t\u00e1rca kezdem\u00e9nyezte.<!--more--><\/strong><\/p>\n<p>Hopp\u00e1l P\u00e9ter, a Fidesz sz\u00f3viv\u0151je p\u00e9nteki sajt\u00f3t\u00e1j\u00e9koztat\u00f3j\u00e1n \u00edgy reag\u00e1lt a szocialist\u00e1k azzal kapcsolatos b\u00edr\u00e1lataira, hogy el\u0151zetes letart\u00f3ztat\u00e1sba helyezt\u00e9k az MVH vezet\u0151 beoszt\u00e1s\u00fa dolgoz\u00f3j\u00e1t \u00e9s h\u00e1rom t\u00e1rs\u00e1t eur\u00f3pai uni\u00f3s t\u00e1mogat\u00e1sokkal val\u00f3 vissza\u00e9l\u00e9sek miatt.<br \/>\nAz \u00fcgynek nincs politikai sz\u00e1la \u2013 hangs\u00falyozta \u2013 &#8222;p\u00e9nz\u00e9hes hivatalnokok pr\u00f3b\u00e1ltak meg maszekolni&#8221;.<br \/>\nA sz\u00f3viv\u0151 azt mondta: ha bebizonyosodik, hogy a hivatali dolgoz\u00f3k megpr\u00f3b\u00e1lt\u00e1k becsapni az \u00e1llamot, komoly b\u00fcntet\u00e9ssel kell sz\u00e1molniuk, hiszen k\u00f6lts\u00e9gvet\u00e9si csal\u00e1s b\u0171ntett\u00e9nek k\u00eds\u00e9rlete, valamint hivatali vissza\u00e9l\u00e9s b\u0171ntett\u00e9nek gyan\u00faja mer\u00fcl fel eset\u00fckben.<br \/>\nEml\u00e9keztetett a vid\u00e9kfejleszt\u00e9si miniszter szavaira, vagyis \u201esiker\u00fclt megv\u00e9deni a gazd\u00e1k p\u00e9nz\u00e9t, a tolvajokat elkapt\u00e1k \u00e9s r\u00e1cs m\u00f6g\u00e9 ker\u00fclnek\u201d.<br \/>\n\u201eNem eml\u00e9kszem olyan esetre, amikor a szocialist\u00e1k korm\u00e1nyz\u00e1sa idej\u00e9n az aktu\u00e1lis miniszt\u00e9rium vezet\u00e9se kezdem\u00e9nyezett volna vagy der\u00edtett volna fel hasonl\u00f3 \u00fcgyeket. Ez er\u0151s\u00edti a gyan\u00fat, hogy az \u0151 id\u0151szakukban ink\u00e1bb az eltussol\u00e1s lehetett a f\u0151 m\u00f3dszer\u201d \u2013 jegyezte meg.<br \/>\nArra a h\u00edrre reag\u00e1lva, miszerint egy s\u00e1rv\u00e1ri fideszes \u00f6nkorm\u00e1nyzati k\u00e9pvisel\u0151 is \u00e9rintett, azt mondta: a k\u00e9pvisel\u0151 jogi l\u00e9p\u00e9seket fog tenni az \u00fcgyben, mivel \u00e1ll\u00e1spontja szerint val\u00f3tlan \u00e1ll\u00edt\u00e1sokkal j\u00f6ttek el\u0151 az \u00fcgy\u00e9ben. K\u00f6z\u00f6lte ugyanakkor: a Fidesz v\u00e9lem\u00e9nye mark\u00e1ns azzal kapcsolatban, hogy ha valakir\u0151l kider\u00fcl, hogy b\u0171ncselekm\u00e9nyt k\u00f6vetett el, annak sem a p\u00e1rt k\u00f6tel\u00e9k\u00e9ben, sem a k\u00f6z\u00e9letben nincs helye.<br \/>\nA sz\u00f3viv\u0151 m\u00e1s t\u00e9m\u00e1ban, k\u00e9rd\u00e9sre v\u00e1laszolva elmondta: a Fidesz t\u00e1mogatja az energiahivatal t\u00f6rekv\u00e9s\u00e9t arra, hogy a g\u00e1zlop\u00e1sokb\u00f3l \u00e9s a rendszer hib\u00e1ib\u00f3l sz\u00e1rmaz\u00f3 vesztes\u00e9g ne a fogyaszt\u00f3kat terhelje. \u201eA fogyaszt\u00f3k oldal\u00e1n \u00e1llunk, \u00e9s t\u00e1mogatjuk, hogy a szolg\u00e1ltat\u00f3knak le kell nyelni az ilyen veszts\u00e9get\u201d \u2013 mondta, hozz\u00e1t\u00e9ve: az \u00f6sszeg a g\u00e1z eset\u00e9ben meghaladja a 10 milli\u00e1rd forintot, \u00edgy ha a hivatal sz\u00e1nd\u00e9ka megval\u00f3sul, az \u00fajabb megtakar\u00edt\u00e1st eredm\u00e9nyez a csal\u00e1doknak \u00e9s a v\u00e1llalkoz\u00e1soknak.<br \/>\nElmondta azt is: a nemzetgazdas\u00e1gi t\u00e1rca kidolgozta \u00e9s t\u00e1rgyal\u00e1sokat folytat arr\u00f3l, hogy az \u00e1tlagkereset m\u00e9rt\u00e9k\u00e9ig havonta k\u00e9tszer ingyenes legyen a k\u00e9szp\u00e9nzfelv\u00e9tel, a hat\u00e1lybal\u00e9p\u00e9s azonban egyel\u0151re nem ismert. Mint mondta, a Fidesz szerint a l\u00e9p\u00e9s a piacot is arra \u00f6szt\u00f6n\u00f6zn\u00e9, hogy kedvez\u0151bb banki csomagokat k\u00edn\u00e1ljon az \u00fcgyfeleknek.(MTI)<\/p>\n","protected":false},"excerpt":{"rendered":"<p>A Vid\u00e9kfejleszt\u00e9si Miniszt\u00e9rium \u00e9rdeme a Mez\u0151gazdas\u00e1gi \u00e9s Vid\u00e9kfejleszt\u00e9si Hivataln\u00e1l (MVH) t\u00f6rt\u00e9nt probl\u00e9m\u00e1k, vissza\u00e9l\u00e9sgyan\u00fas esetek felt\u00e1r\u00e1sa, a nyomoz\u00e1st pedig maga a t\u00e1rca kezdem\u00e9nyezte.<\/p>\n","protected":false},"author":1,"featured_media":0,"comment_status":"open","ping_status":"closed","sticky":false,"template":"","format":"standard","meta":[],"categories":[19,18],"tags":[],"_links":{"self":[{"href":"https:\/\/gazdasagportal.hu\/index.php\/wp-json\/wp\/v2\/posts\/19115"}],"collection":[{"href":"https:\/\/gazdasagportal.hu\/index.php\/wp-json\/wp\/v2\/posts"}],"about":[{"href":"https:\/\/gazdasagportal.hu\/index.php\/wp-json\/wp\/v2\/types\/post"}],"author":[{"embeddable":true,"href":"https:\/\/gazdasagportal.hu\/index.php\/wp-json\/wp\/v2\/users\/1"}],"replies":[{"embeddable":true,"href":"https:\/\/gazdasagportal.hu\/index.php\/wp-json\/wp\/v2\/comments?post=19115"}],"version-history":[{"count":1,"href":"https:\/\/gazdasagportal.hu\/index.php\/wp-json\/wp\/v2\/posts\/19115\/revisions"}],"predecessor-version":[{"id":19116,"href":"https:\/\/gazdasagportal.hu\/index.php\/wp-json\/wp\/v2\/posts\/19115\/revisions\/19116"}],"wp:attachment":[{"href":"https:\/\/gazdasagportal.hu\/index.php\/wp-json\/wp\/v2\/media?parent=19115"}],"wp:term":[{"taxonomy":"category","embeddable":true,"href":"https:\/\/gazdasagportal.hu\/index.php\/wp-json\/wp\/v2\/categories?post=19115"},{"taxonomy":"post_tag","embeddable":true,"href":"https:\/\/gazdasagportal.hu\/index.php\/wp-json\/wp\/v2\/tags?post=19115"}],"curies":[{"name":"wp","href":"https:\/\/api.w.org\/{rel}","templated":true}]}}