{"id":19079,"date":"2013-10-18T13:56:17","date_gmt":"2013-10-18T11:56:17","guid":{"rendered":"http:\/\/stockportal.hu\/?p=19079"},"modified":"2013-10-18T13:56:17","modified_gmt":"2013-10-18T11:56:17","slug":"adotorvenyek-bajnai-a-kormany-harom-ev-utan-probalja-kezelni-a-maga-altal-okozott-szocialis-valsagot","status":"publish","type":"post","link":"https:\/\/gazdasagportal.hu\/index.php\/adotorvenyek-bajnai-a-kormany-harom-ev-utan-probalja-kezelni-a-maga-altal-okozott-szocialis-valsagot\/","title":{"rendered":"Ad\u00f3t\u00f6rv\u00e9nyek &#8211; Bajnai: a korm\u00e1ny h\u00e1rom \u00e9v ut\u00e1n pr\u00f3b\u00e1lja kezelni a maga \u00e1ltal okozott szoci\u00e1lis v\u00e1ls\u00e1got"},"content":{"rendered":"<p><strong>Bajnai Gordon szerint az Orb\u00e1n-korm\u00e1ny Eur\u00f3pa tal\u00e1n legigazs\u00e1gtalanabb ad\u00f3rendszer\u00e9t vezette be, \u00e9s h\u00e1rom \u00e9vig tartott, mire bel\u00e1tta, hogy ezzel mekkora k\u00e1rt okozott.<!--more--><\/strong><\/p>\n<p>Az egykulcsos ad\u00f3val a legjobban \u00e9l\u0151k fels\u0151 10-12 sz\u00e1zal\u00e9ka jobban j\u00e1rt, a t\u00f6bbiek, k\u00f6zt\u00fck a nehezebb sorban \u00e9l\u0151k, pedig rosszul &#8211; k\u00f6z\u00f6lte az Egy\u00fctt-PM sz\u00f6vets\u00e9g vezet\u0151je a korm\u00e1ny j\u00f6v\u0151 \u00e9vi ad\u00f3terveire reag\u00e1lva az MTI-vel.<br \/>\nA volt minisztereln\u00f6k szerint a korm\u00e1ny h\u00e1rom \u00e9v eltelt\u00e9vel a csal\u00e1di ad\u00f3kedvezm\u00e9nyek kiterjeszt\u00e9s\u00e9vel pr\u00f3b\u00e1lja kisebb\u00edteni a bajt, kezelni a saj\u00e1t maga \u00e1ltal okozott szoci\u00e1lis v\u00e1ls\u00e1got.<br \/>\nA rossz ad\u00f3rendszer toldozgat\u00e1sa-foltozgat\u00e1sa azonban nem megold\u00e1s: \u00faj, igazs\u00e1gos, t\u00f6bbkulcsos ad\u00f3rendszerre van sz\u00fcks\u00e9g ahhoz, hogy Magyarorsz\u00e1gon nehezebb legyen leszakadni \u00e9s k\u00f6nnyebb legyen felemelkedni &#8211; k\u00f6z\u00f6lte Bajnai Gordon, hozz\u00e1t\u00e9ve, az Egy\u00fctt-PM sz\u00f6vets\u00e9g \u2013 a csal\u00e1di ad\u00f3kedvezm\u00e9nyek megtart\u00e1s\u00e1n \u00e9s kiterjeszt\u00e9s\u00e9n t\u00fal \u2013 ilyen ad\u00f3rendszer bevezet\u00e9s\u00e9t k\u00edn\u00e1lja Magyarorsz\u00e1gnak.<br \/>\nGir\u00f3-Sz\u00e1sz Andr\u00e1s korm\u00e1nysz\u00f3viv\u0151 p\u00e9nteken jelentette be, hogy az eddigi csal\u00e1di ad\u00f3kedvezm\u00e9ny m\u00e1r az egy\u00e9ni j\u00e1rul\u00e9kok, azaz a 7 sz\u00e1zal\u00e9kos eg\u00e9szs\u00e9gbiztos\u00edt\u00e1si \u00e9s a 10 sz\u00e1zal\u00e9kos nyugd\u00edjj\u00e1rul\u00e9k terh\u00e9re is ig\u00e9nybe vehet\u0151 lesz. Az egy\u00e9ni j\u00e1rul\u00e9kokra kiterjesztett kedvezm\u00e9nnyel az ad\u00f3-, illetve j\u00e1rul\u00e9kmegtakar\u00edt\u00e1s a kiskereset\u0171ek eset\u00e9ben a brutt\u00f3 b\u00e9r 16 sz\u00e1zal\u00e9k\u00e1r\u00f3l annak 33 sz\u00e1zal\u00e9k\u00e1ra emelkedik, az int\u00e9zked\u00e9s nagyj\u00e1b\u00f3l 260 ezer csal\u00e1dot \u00e9rint.(MTI)<\/p>\n","protected":false},"excerpt":{"rendered":"<p>Bajnai Gordon szerint az Orb\u00e1n-korm\u00e1ny Eur\u00f3pa tal\u00e1n legigazs\u00e1gtalanabb ad\u00f3rendszer\u00e9t vezette be, \u00e9s h\u00e1rom \u00e9vig tartott, mire bel\u00e1tta, hogy ezzel mekkora k\u00e1rt okozott.<\/p>\n","protected":false},"author":1,"featured_media":0,"comment_status":"open","ping_status":"closed","sticky":false,"template":"","format":"standard","meta":[],"categories":[18],"tags":[],"_links":{"self":[{"href":"https:\/\/gazdasagportal.hu\/index.php\/wp-json\/wp\/v2\/posts\/19079"}],"collection":[{"href":"https:\/\/gazdasagportal.hu\/index.php\/wp-json\/wp\/v2\/posts"}],"about":[{"href":"https:\/\/gazdasagportal.hu\/index.php\/wp-json\/wp\/v2\/types\/post"}],"author":[{"embeddable":true,"href":"https:\/\/gazdasagportal.hu\/index.php\/wp-json\/wp\/v2\/users\/1"}],"replies":[{"embeddable":true,"href":"https:\/\/gazdasagportal.hu\/index.php\/wp-json\/wp\/v2\/comments?post=19079"}],"version-history":[{"count":1,"href":"https:\/\/gazdasagportal.hu\/index.php\/wp-json\/wp\/v2\/posts\/19079\/revisions"}],"predecessor-version":[{"id":19080,"href":"https:\/\/gazdasagportal.hu\/index.php\/wp-json\/wp\/v2\/posts\/19079\/revisions\/19080"}],"wp:attachment":[{"href":"https:\/\/gazdasagportal.hu\/index.php\/wp-json\/wp\/v2\/media?parent=19079"}],"wp:term":[{"taxonomy":"category","embeddable":true,"href":"https:\/\/gazdasagportal.hu\/index.php\/wp-json\/wp\/v2\/categories?post=19079"},{"taxonomy":"post_tag","embeddable":true,"href":"https:\/\/gazdasagportal.hu\/index.php\/wp-json\/wp\/v2\/tags?post=19079"}],"curies":[{"name":"wp","href":"https:\/\/api.w.org\/{rel}","templated":true}]}}