{"id":19057,"date":"2013-10-18T10:41:50","date_gmt":"2013-10-18T08:41:50","guid":{"rendered":"http:\/\/stockportal.hu\/?p=19057"},"modified":"2013-10-18T10:41:50","modified_gmt":"2013-10-18T08:41:50","slug":"nottek-az-atlagkeresetek-januar-augusztusban","status":"publish","type":"post","link":"https:\/\/gazdasagportal.hu\/index.php\/nottek-az-atlagkeresetek-januar-augusztusban\/","title":{"rendered":"N\u0151ttek az \u00e1tlagkeresetek janu\u00e1r-augusztusban"},"content":{"rendered":"<p><strong>A brutt\u00f3 \u00e1tlagkeresetek 3,4, a nett\u00f3 \u00e1tlagkeresetek 4,8 sz\u00e1zal\u00e9kkal haladt\u00e1k meg az id\u00e9n janu\u00e1r-augusztusban az egy \u00e9vvel kor\u00e1bbit &#8211; k\u00f6z\u00f6lte p\u00e9nteken a K\u00f6zponti Statisztikai Hivatal (KSH).<!--more--><\/strong><\/p>\n<p>Augusztusban 5,5 sz\u00e1zal\u00e9kkal volt magasabb a brutt\u00f3 \u00e9s 7,0 sz\u00e1zal\u00e9kkal a nett\u00f3 \u00e1tlagkereset, mint egy \u00e9vvel\u00a0\u00a0kor\u00e1bban. A rekord alacsony, 1,3 sz\u00e1zal\u00e9kos augusztusi infl\u00e1ci\u00f3val sz\u00e1molva a nemzetgazdas\u00e1g \u00e1tlag\u00e1ban 5,6 sz\u00e1zal\u00e9kkal emelkedtek a re\u00e1lb\u00e9rek a csal\u00e1di kedvezm\u00e9nyek hat\u00e1sa n\u00e9lk\u00fcl sz\u00e1molva.<br \/>\nAz augusztusi b\u00e9rn\u00f6veked\u00e9st a k\u00f6lts\u00e9gvet\u00e9si szf\u00e9r\u00e1ban foglalkoztatottak &#8211; k\u00f6zfoglalkoztatottak n\u00e9lk\u00fcl &#8211; 9,9 sz\u00e1zal\u00e9kos brutt\u00f3 \u00e9s 11,0 sz\u00e1zal\u00e9kos nett\u00f3 b\u00e9remelked\u00e9se h\u00fazta. A kiugr\u00f3 n\u00f6veked\u00e9st az eg\u00e9szs\u00e9g\u00fcgyben kifizetett b\u00e9rek 19,1 sz\u00e1zal\u00e9kos n\u00f6veked\u00e9se okozta, \u00e1m a szektorban ezzel egy\u00fctt is csak 2,7 sz\u00e1zal\u00e9kkal kaptak nagyobb b\u00e9rt az alkalmazottak, mint a m\u00falt \u00e9v els\u0151\u00a0\u00a0nyolc h\u00f3napj\u00e1ban.<br \/>\nA versenyszf\u00e9r\u00e1ban ezzel szemben lassult a b\u00e9remelked\u00e9s, a brutt\u00f3 \u00e1tlagkeresetek 3,8 sz\u00e1zal\u00e9kkal haladt\u00e1k meg az egy \u00e9vvel kor\u00e1bbit, m\u00edg j\u00faliusban 4,5 sz\u00e1zal\u00e9kos volt a n\u00f6veked\u00e9s.\u00a0\u00a0A versenyszf\u00e9r\u00e1ban a rendszeres &#8211; pr\u00e9mium, jutalom, egy havi k\u00fcl\u00f6njuttat\u00e1sok n\u00e9lk\u00fcl sz\u00e1molt &#8211; \u00e1tlagkereset is 3,8 sz\u00e1zal\u00e9kkal n\u0151tt tavaly augusztushoz k\u00e9pest, az egy h\u00f3nnappal kor\u00e1bbi 4,9 sz\u00e1zal\u00e9kos n\u00f6veked\u00e9s ut\u00e1n. A nett\u00f3 keresetek a versenyszf\u00e9r\u00e1ban 5,5 sz\u00e1zal\u00e9kkal haladt\u00e1k meg a tavaly augusztusit, ami 4,1 sz\u00e1zal\u00e9kos re\u00e1lb\u00e9r emelked\u00e9snek felel meg a csal\u00e1di kedvezm\u00e9nyek hat\u00e1sa n\u00e9lk\u00fcl.<br \/>\nAugusztusban 147 ezren \u00e1lltak k\u00f6zfoglalkoztat\u00e1sban 40 ezerrel t\u00f6bben mint egy \u00e9vvel kor\u00e1bban, \u00e9s a teljes munkaid\u0151re j\u00e1r\u00f3 76 400 forintos \u00e1tlagkereset\u00fck 5,2 sz\u00e1zal\u00e9kkal volt magasabb.<br \/>\nA versenyszf\u00e9r\u00e1ban foglalkoztatottak sz\u00e1ma 1 milli\u00f3 828 ezer volt augusztusban, \u00f6tezerrel kevesebb az egy \u00e9vvel kor\u00e1bbin\u00e1l &#8211; der\u00fcl ki a KSH adataib\u00f3l.<br \/>\nAz \u00e9v els\u0151 nyolc h\u00f3napj\u00e1ban az \u00e1tlagkeresetek a versenyszf\u00e9r\u00e1ban 3,5 sz\u00e1zal\u00e9kkal n\u0151ttek. A k\u00f6lts\u00e9gvet\u00e9s ter\u00fclet\u00e9n, a k\u00f6zfoglalkoztat\u00e1s s\u00falyv\u00e1ltoz\u00e1s\u00e1nak hat\u00e1s\u00e1t kisz\u0171rve, \u00e1tlagosan 4,5 sz\u00e1zal\u00e9kos volt a brutt\u00f3 keresetek emelked\u00e9se. A nonprofit szektorban az alkalmaz\u00e1sban \u00e1ll\u00f3k brutt\u00f3 keresete 2,7 sz\u00e1zal\u00e9kkal emelkedett.<br \/>\nJanu\u00e1r-augusztusban a teljes munkaid\u0151ben alkalmaz\u00e1sban \u00e1ll\u00f3k \u00e1tlagos brutt\u00f3 keresete 227 900 forint volt. A v\u00e1llalkoz\u00e1sokn\u00e1l dolgoz\u00f3k \u00e1tlagosan 238 900, m\u00edg a k\u00f6zszf\u00e9r\u00e1ban &#8211; a nem k\u00f6zfoglalkoztat\u00e1s keret\u00e9ben &#8211; foglalkoztatottak 221 800 forintot kerestek. A k\u00f6zfoglalkoztatottak \u00e1tlagkeresete 77 300 forint volt.<br \/>\nA brutt\u00f3 \u00e1tlagkeresetek a p\u00e9nz\u00fcgyi, biztos\u00edt\u00e1si tev\u00e9kenys\u00e9g gazdas\u00e1gi \u00e1gban voltak a legmagasabbak, el\u00e9rt\u00e9k a 477 800 forintot. Ezt az inform\u00e1ci\u00f3 \u00e9s kommunik\u00e1ci\u00f3 k\u00f6vette 429 500 forinttal, valamint az energiaipar (villamosenergia-, g\u00e1z-, g\u0151zell\u00e1t\u00e1s, l\u00e9gkondicion\u00e1l\u00e1s) 393 500 forinttal.<br \/>\nA legkevesebbet, 145 400 forintot a sz\u00e1ll\u00e1shely-szolg\u00e1ltat\u00e1s, vend\u00e9gl\u00e1t\u00e1s, 155 400 forintot a hum\u00e1n-eg\u00e9szs\u00e9g\u00fcgyi, szoci\u00e1lis ell\u00e1t\u00e1s, 165 500 forintot a mez\u0151gazdas\u00e1g, erd\u0151gazd\u00e1lkod\u00e1s, hal\u00e1szat \u00e1gakban dolgoz\u00f3k kerest\u00e9k.<br \/>\nJanu\u00e1r-augusztusban a k\u00f6lts\u00e9gvet\u00e9si szf\u00e9r\u00e1ban dolgoz\u00f3k egy r\u00e9sze \u00e1tlagosan 10 300 forint\u00a0\u00a0&#8211;\u00a0\u00a0az ad\u00f3- \u00e9s j\u00e1rul\u00e9kv\u00e1ltoz\u00e1sok ellent\u00e9telez\u00e9s\u00e9t szolg\u00e1l\u00f3, a keresetbe nem tartoz\u00f3 &#8211; kompenz\u00e1ci\u00f3ban r\u00e9szes\u00fclt, m\u00edg a nonprofit szervezetekn\u00e9l az erre jogosultak \u00e1tlagosan 10 000 forint juttat\u00e1st kaptak ezen a c\u00edmen.<br \/>\nJanu\u00e1r-augusztusban a rendszeres (pr\u00e9mium, jutalom, egyhavi k\u00fcl\u00f6njuttat\u00e1s n\u00e9lk\u00fcli) kereset \u00e1tlagosan 3,2 sz\u00e1zal\u00e9kkal haladta meg az egy \u00e9vvel ezel\u0151ttit.<br \/>\nNemzetgazdas\u00e1gi szinten az \u00e1tlagos &#8211; csal\u00e1di kedvezm\u00e9ny n\u00e9lk\u00fcl sz\u00e1m\u00edtott &#8211; nett\u00f3 kereset 149 300 (ezen bel\u00fcl a fizikai foglalkoz\u00e1s\u00faak\u00e9 103 500, a szellemi foglalkoz\u00e1s\u00faak\u00e9 198 000) forint volt, 4,8 sz\u00e1zal\u00e9kkal magasabb az el\u0151z\u0151 \u00e9vin\u00e9l.<br \/>\nA versenyszf\u00e9r\u00e1ban a nett\u00f3 keresetek 5,1, a k\u00f6zfoglalkoztatottak n\u00e9lk\u00fcli k\u00f6zszf\u00e9r\u00e1ban 5,6, a nonprofit szervezetekn\u00e9l 3,8 sz\u00e1zal\u00e9kkal n\u0151ttek 2012 azonos id\u0151szak\u00e1hoz k\u00e9pest.<br \/>\nA 240 400 forintos nemzetgazdas\u00e1gi szint\u0171, \u00e1tlagos havi munkaj\u00f6vedelem 3,4 sz\u00e1zal\u00e9kkal volt magasabb a 2012. janu\u00e1r-augusztusin\u00e1l. A munkaj\u00f6vedelmen bel\u00fcl az egy\u00e9b munkaj\u00f6vedelem ar\u00e1nya \u00e1tlagosan 5,2 sz\u00e1zal\u00e9kos volt. (MTI)<\/p>\n","protected":false},"excerpt":{"rendered":"<p>A brutt\u00f3 \u00e1tlagkeresetek 3,4, a nett\u00f3 \u00e1tlagkeresetek 4,8 sz\u00e1zal\u00e9kkal haladt\u00e1k meg az id\u00e9n janu\u00e1r-augusztusban az egy \u00e9vvel kor\u00e1bbit &#8211; k\u00f6z\u00f6lte p\u00e9nteken a K\u00f6zponti Statisztikai Hivatal (KSH).<\/p>\n","protected":false},"author":1,"featured_media":0,"comment_status":"open","ping_status":"closed","sticky":false,"template":"","format":"standard","meta":[],"categories":[19],"tags":[],"_links":{"self":[{"href":"https:\/\/gazdasagportal.hu\/index.php\/wp-json\/wp\/v2\/posts\/19057"}],"collection":[{"href":"https:\/\/gazdasagportal.hu\/index.php\/wp-json\/wp\/v2\/posts"}],"about":[{"href":"https:\/\/gazdasagportal.hu\/index.php\/wp-json\/wp\/v2\/types\/post"}],"author":[{"embeddable":true,"href":"https:\/\/gazdasagportal.hu\/index.php\/wp-json\/wp\/v2\/users\/1"}],"replies":[{"embeddable":true,"href":"https:\/\/gazdasagportal.hu\/index.php\/wp-json\/wp\/v2\/comments?post=19057"}],"version-history":[{"count":1,"href":"https:\/\/gazdasagportal.hu\/index.php\/wp-json\/wp\/v2\/posts\/19057\/revisions"}],"predecessor-version":[{"id":19058,"href":"https:\/\/gazdasagportal.hu\/index.php\/wp-json\/wp\/v2\/posts\/19057\/revisions\/19058"}],"wp:attachment":[{"href":"https:\/\/gazdasagportal.hu\/index.php\/wp-json\/wp\/v2\/media?parent=19057"}],"wp:term":[{"taxonomy":"category","embeddable":true,"href":"https:\/\/gazdasagportal.hu\/index.php\/wp-json\/wp\/v2\/categories?post=19057"},{"taxonomy":"post_tag","embeddable":true,"href":"https:\/\/gazdasagportal.hu\/index.php\/wp-json\/wp\/v2\/tags?post=19057"}],"curies":[{"name":"wp","href":"https:\/\/api.w.org\/{rel}","templated":true}]}}