{"id":19055,"date":"2013-10-18T10:29:37","date_gmt":"2013-10-18T08:29:37","guid":{"rendered":"http:\/\/stockportal.hu\/?p=19055"},"modified":"2013-10-18T10:29:37","modified_gmt":"2013-10-18T08:29:37","slug":"tarsadalmi-egyeztetes-indult-a-2014-20-as-idoszak-unios-forrasairol","status":"publish","type":"post","link":"https:\/\/gazdasagportal.hu\/index.php\/tarsadalmi-egyeztetes-indult-a-2014-20-as-idoszak-unios-forrasairol\/","title":{"rendered":"T\u00e1rsadalmi egyeztet\u00e9s indult a 2014-20-as id\u0151szak uni\u00f3s forr\u00e1sair\u00f3l"},"content":{"rendered":"<p><strong>T\u00e1rsadalmi egyeztet\u00e9s indult a 2014-2020 k\u00f6z\u00f6tti id\u0151szak uni\u00f3s forr\u00e1sair\u00f3l, a korm\u00e1ny szak\u00e9rt\u0151k \u00e9s az \u00e9rdekl\u0151d\u0151 \u00e1llampolg\u00e1rok v\u00e9lem\u00e9ny\u00e9t, javaslatait is v\u00e1rja &#8211; k\u00f6z\u00f6lte a Nemzeti Fejleszt\u00e9si \u00dcgyn\u00f6ks\u00e9g (NF\u00dc) az MTI-vel p\u00e9nteken.<!--more--><\/strong><\/p>\n<p>Az \u00faj uni\u00f3s ciklusra tervezett operat\u00edv programok tartalma, \u00e9s a fejleszt\u00e9sek ir\u00e1nyai a <a title=\"Hely megnyit\u00e1sa\" href=\"http:\/\/www.szamitaszavam.hu\" target=\"_blank\" rel=\"noopener\">www.szamitaszavam.hu<\/a> oldalon ismerhet\u0151 meg.<br \/>\nA t\u00e1j\u00e9koztat\u00e1s szerint a honlapon tal\u00e1lhat\u00f3 partners\u00e9gi men\u00fcpont \u00e1tvezeti az \u00e9rdekl\u0151d\u0151ket a NF\u00dc honlapj\u00e1n tal\u00e1lhat\u00f3 partners\u00e9gi f\u00f3rumra, ahol megtal\u00e1lhatj\u00e1k a tervezett operat\u00edv programok teljes sz\u00f6veg\u00e9t, valamint egy regisztr\u00e1ci\u00f3s folyamat ut\u00e1n v\u00e9lem\u00e9nyeket, javaslatokat is \u00edrhatnak az egyes programokhoz.<br \/>\nAz operat\u00edv programokat k\u00e9t l\u00e9pcs\u0151ben bocs\u00e1tj\u00e1k t\u00e1rsadalmi egyeztet\u00e9sre: els\u0151k\u00e9nt az Emberi Er\u0151forr\u00e1s Operat\u00edv Program, a Gazdas\u00e1gfejleszt\u00e9si \u00e9s Innov\u00e1ci\u00f3s Operat\u00edv Program, az Integr\u00e1lt K\u00f6zleked\u00e9sfejleszt\u00e9si Program, a Ter\u00fclet- \u00e9s Telep\u00fcl\u00e9sfejleszt\u00e9si Operat\u00edv Program, a Versenyk\u00e9pes K\u00f6z\u00e9p-Magyarorsz\u00e1g Operat\u00edv Program, valamint a Vid\u00e9kfejleszt\u00e9si Program. A t\u00e1rsadalmi konzult\u00e1ci\u00f3 sor\u00e1n a be\u00e9rkezett hozz\u00e1sz\u00f3l\u00e1sok nyilv\u00e1nosak, a felhaszn\u00e1l\u00f3k l\u00e1thatj\u00e1k a programokhoz \u00e9rkezett \u00f6sszes szakmai komment\u00e1rt &#8211; ismerteti az NF\u00dc.<br \/>\nA be\u00e9rkez\u0151 v\u00e9lem\u00e9nyeket a Minisztereln\u00f6ks\u00e9g koordin\u00e1l\u00e1s\u00e1val a szakminiszt\u00e9riumok \u00e9s az NF\u00dc koll\u00e9g\u00e1i k\u00f6z\u00f6sen dolgozz\u00e1k fel. Az \u00e9szrev\u00e9telek be\u00e9p\u00fclhetnek a korm\u00e1ny \u00e9s az Eur\u00f3pai Bizotts\u00e1g t\u00e1rgyal\u00e1saiba, \u00edgy garant\u00e1lva, hogy Magyarorsz\u00e1gon a k\u00f6vetkez\u0151 uni\u00f3s k\u00f6lts\u00e9gvet\u00e9si ciklus sor\u00e1n olyan fejleszt\u00e9sek val\u00f3suljanak meg, amelyek sz\u00e9lesk\u00f6r\u0171 t\u00e1rsadalmi t\u00e1mogatotts\u00e1ggal b\u00edrnak. A t\u00e1rsadalmi egyeztet\u00e9s eredm\u00e9ny\u00e9r\u0151l a feldolgoz\u00e1st k\u00f6vet\u0151en minden hozz\u00e1sz\u00f3l\u00f3 \u00e9rtes\u00edt\u00e9st kap a regisztr\u00e1ci\u00f3kor megadott email c\u00edmen.<br \/>\nA korm\u00e1ny a Magyarorsz\u00e1gra \u00e9rkez\u0151 uni\u00f3s forr\u00e1sokat \u00e1tl\u00e1that\u00f3an, sz\u00e9les k\u00f6r\u0171 egyeztet\u00e9seket \u00e9s konzult\u00e1ci\u00f3kat k\u00f6vet\u0151en \u00fagy szeretn\u00e9 felhaszn\u00e1lni, hogy a lakoss\u00e1g, \u00e9s a szakmai k\u00e9pvisel\u0151k \u00e1ll\u00e1spontja egyar\u00e1nt megjelenjen a megval\u00f3sul\u00f3 fejleszt\u00e9sekben &#8211; \u00edrja az NF\u00dc a k\u00f6zlem\u00e9ny\u00e9ben.(MTI)<\/p>\n","protected":false},"excerpt":{"rendered":"<p>T\u00e1rsadalmi egyeztet\u00e9s indult a 2014-2020 k\u00f6z\u00f6tti id\u0151szak uni\u00f3s forr\u00e1sair\u00f3l, a korm\u00e1ny szak\u00e9rt\u0151k \u00e9s az \u00e9rdekl\u0151d\u0151 \u00e1llampolg\u00e1rok v\u00e9lem\u00e9ny\u00e9t, javaslatait is v\u00e1rja &#8211; k\u00f6z\u00f6lte a Nemzeti Fejleszt\u00e9si \u00dcgyn\u00f6ks\u00e9g (NF\u00dc) az MTI-vel p\u00e9nteken.<\/p>\n","protected":false},"author":1,"featured_media":0,"comment_status":"open","ping_status":"closed","sticky":false,"template":"","format":"standard","meta":[],"categories":[19],"tags":[],"_links":{"self":[{"href":"https:\/\/gazdasagportal.hu\/index.php\/wp-json\/wp\/v2\/posts\/19055"}],"collection":[{"href":"https:\/\/gazdasagportal.hu\/index.php\/wp-json\/wp\/v2\/posts"}],"about":[{"href":"https:\/\/gazdasagportal.hu\/index.php\/wp-json\/wp\/v2\/types\/post"}],"author":[{"embeddable":true,"href":"https:\/\/gazdasagportal.hu\/index.php\/wp-json\/wp\/v2\/users\/1"}],"replies":[{"embeddable":true,"href":"https:\/\/gazdasagportal.hu\/index.php\/wp-json\/wp\/v2\/comments?post=19055"}],"version-history":[{"count":1,"href":"https:\/\/gazdasagportal.hu\/index.php\/wp-json\/wp\/v2\/posts\/19055\/revisions"}],"predecessor-version":[{"id":19056,"href":"https:\/\/gazdasagportal.hu\/index.php\/wp-json\/wp\/v2\/posts\/19055\/revisions\/19056"}],"wp:attachment":[{"href":"https:\/\/gazdasagportal.hu\/index.php\/wp-json\/wp\/v2\/media?parent=19055"}],"wp:term":[{"taxonomy":"category","embeddable":true,"href":"https:\/\/gazdasagportal.hu\/index.php\/wp-json\/wp\/v2\/categories?post=19055"},{"taxonomy":"post_tag","embeddable":true,"href":"https:\/\/gazdasagportal.hu\/index.php\/wp-json\/wp\/v2\/tags?post=19055"}],"curies":[{"name":"wp","href":"https:\/\/api.w.org\/{rel}","templated":true}]}}