{"id":19050,"date":"2013-10-18T09:38:22","date_gmt":"2013-10-18T07:38:22","guid":{"rendered":"http:\/\/stockportal.hu\/?p=19050"},"modified":"2013-10-18T09:38:22","modified_gmt":"2013-10-18T07:38:22","slug":"orban-indiaban-magyarorszagon-lehet-a-legalacsonyabb-az-aramar-az-eu-ban","status":"publish","type":"post","link":"https:\/\/gazdasagportal.hu\/index.php\/orban-indiaban-magyarorszagon-lehet-a-legalacsonyabb-az-aramar-az-eu-ban\/","title":{"rendered":"Orb\u00e1n Indi\u00e1ban &#8211; Magyarorsz\u00e1gon lehet a legalacsonyabb az \u00e1ram\u00e1r az EU-ban"},"content":{"rendered":"<p><strong>Orb\u00e1n Viktor minisztereln\u00f6k szerint n\u00e9gy-\u00f6t \u00e9v m\u00falva Magyarorsz\u00e1gon lehet a legalacsonyabb a villamos energia \u00e1ra az Eur\u00f3pai Uni\u00f3ban, aminek felt\u00e9tele az atomenergia-kapacit\u00e1s b\u0151v\u00edt\u00e9se.<!--more--><\/strong><\/p>\n<p>Magyarorsz\u00e1gon jelenleg a h\u00e1ztart\u00e1sok energia\u00e1rai cs\u00f6kkennek, de a korm\u00e1ny szeretn\u00e9, ha k\u00e9s\u0151bb az \u00fczleti szf\u00e9r\u00e1ban is visszaesn\u00e9nek a k\u00f6lts\u00e9gek &#8211; mondta a hivatalos indiai l\u00e1togat\u00e1son tart\u00f3zkod\u00f3 korm\u00e1nyf\u0151 a Mumbaiban rendezett magyar-indiai \u00fczleti f\u00f3rumon p\u00e9nteken.<br \/>\nA kabinet az\u00e9rt is \u00e1ll ki a nukle\u00e1risenergia-felhaszn\u00e1l\u00e1s mellett, mert sz\u00fcks\u00e9g van r\u00e1 az energia\u00e1r-cs\u00f6kkent\u00e9shez &#8211; k\u00f6z\u00f6lte Orb\u00e1n Viktor. Eml\u00e9keztetett, hogy jelenleg a magyar villamosenergia-ell\u00e1t\u00e1s 40 sz\u00e1zal\u00e9ka sz\u00e1rmazik atomenergi\u00e1b\u00f3l, a korm\u00e1ny azonban k\u00f6zel van az er\u0151m\u0171b\u0151v\u00edt\u00e9sr\u0151l sz\u00f3l\u00f3 meg\u00e1llapod\u00e1shoz, \u00edgy ez az ar\u00e1ny a k\u00f6vetkez\u0151 \u00e9vtizedben 60-70 sz\u00e1zal\u00e9kra emelkedhet. Magyarorsz\u00e1gnak nincsenek term\u00e9szeti er\u0151forr\u00e1sai, \u00edgy ez az egyetlen lehet\u0151s\u00e9g a relat\u00edve olcs\u00f3 energia el\u0151\u00e1ll\u00edt\u00e1s\u00e1ra p\u00e9ld\u00e1ul ipari felhaszn\u00e1l\u00e1sra &#8211; mutatott r\u00e1.<br \/>\nMindezek alapj\u00e1n \u00fagy v\u00e9lte, 4-5 \u00e9v m\u00falva Magyarorsz\u00e1gon lehet a legolcs\u00f3bb a villamos energia \u00e1ra az Eur\u00f3pai Uni\u00f3ban. Ennek azonban el\u0151felt\u00e9tele, hogy a jelenlegi korm\u00e1nyz\u00f3p\u00e1rt megnyerje a j\u00f6v\u0151 \u00e9vi v\u00e1laszt\u00e1st &#8211; tette hozz\u00e1.<br \/>\nA minisztereln\u00f6k felh\u00edvta a figyelmet arra, hogy Eur\u00f3p\u00e1val ellent\u00e9tben az Egyes\u00fclt \u00c1llamok az\u00e9rt volt k\u00e9pes kim\u00e1szni a v\u00e1ls\u00e1gb\u00f3l, mert az eur\u00f3paihoz k\u00e9pest egyharmaddal alacsonyabbak az energia\u00e1rai. M\u00e1rpedig, ha az eur\u00f3paiak nem k\u00e9pesek megtal\u00e1lni az energia\u00e1r-cs\u00f6kkent\u00e9s m\u00f3dj\u00e1t &#8211; nemcsak a h\u00e1ztart\u00e1soknak, hanem az \u00fczleti szf\u00e9ra sz\u00e1m\u00e1ra is -, akkor nincs es\u00e9ly\u00fck a gazdas\u00e1gi versenyk\u00e9pess\u00e9g visszanyer\u00e9s\u00e9re. K\u00fcl\u00f6n\u00f6sen nem a g\u00e9pj\u00e1rm\u0171iparban &#8211; mondta, miut\u00e1n az energia\u00e1rakkal kapcsolatos \u00e1ll\u00e1spontj\u00e1t a magyarorsz\u00e1gi aut\u00f3ipart firtat\u00f3 \u00fczletemberi k\u00e9rd\u00e9sre fejtette ki.<br \/>\nSzerinte Magyarorsz\u00e1g egyebek mellett az\u00e9rt lehet sikeres, versenyk\u00e9pes a g\u00e9pj\u00e1rm\u0171iparban, mert kiv\u00e1l\u00f3 m\u00e9rn\u00f6kei vannak \u00e9s alacsony a munkaer\u0151k\u00f6lts\u00e9g, ami persze j\u00f3 az \u00fczletnek, de nem j\u00f3 az embereknek, noha ebben a szektorban m\u00e9g mindig magasabbak a fizet\u00e9sek, mint sok m\u00e1s \u00e1gazatban. Azonban az aut\u00f3ipari versenyk\u00e9pess\u00e9g egyik legfontosabb j\u00f6v\u0151beli felt\u00e9tele a c\u00e9gek energiak\u00f6lts\u00e9ge lesz, ez\u00e9rt is sz\u00fcks\u00e9ges cs\u00f6kkenteni az \u00e1rakat Magyarorsz\u00e1gon is &#8211; k\u00f6z\u00f6lte.<br \/>\nEgy m\u00e1sik k\u00e9rd\u00e9sre, a turisztikai kapcsolatokr\u00f3l \u00e9rdekl\u0151d\u0151 v\u00e1llalatvezet\u0151nek v\u00e1laszolva a korm\u00e1nyf\u0151 szorgalmazta, hogy jelenjenek meg az indiai szerepl\u0151k a budapesti sz\u00e1llodaiparban, \u00edgy ugyanis k\u00f6nnyebb lehet Magyarorsz\u00e1gra vonzani az indiai turist\u00e1kat.<br \/>\nA t\u00f6bb mint 70 magyar \u00fczletember \u00e9s sz\u00e1mos indiai c\u00e9g k\u00e9pvisel\u0151je el\u0151tt tartott besz\u00e9d\u00e9ben Orb\u00e1n Viktor hangs\u00falyozta, hogy Magyarorsz\u00e1g fontos, a v\u00e1llalatok logisztikai szempontj\u00e1b\u00f3l tal\u00e1n a legfontosabb hely Eur\u00f3p\u00e1ban, amely eg\u00e9sz\u00e9ben m\u00e9g nem l\u00e1tja tiszt\u00e1n, hogyan l\u00e1baljon ki a v\u00e1ls\u00e1gb\u00f3l, de m\u00e1r van olyan r\u00e9gi\u00f3ja &#8211; p\u00e9ld\u00e1ul K\u00f6z\u00e9p-Eur\u00f3pa -, amely t\u00fal van a kr\u00edzisen, \u00edgy versenyk\u00e9pesebb.<br \/>\nA magyar-indiai gazdas\u00e1gi egy\u00fcttm\u0171k\u00f6d\u00e9s szempontj\u00e1b\u00f3l fontosnak nevezte a magyar g\u00e9pj\u00e1rm\u0171-, \u00e9p\u00edt\u0151-, gy\u00f3gyszer- \u00e9s energetikai ipart, a m\u00e1r eml\u00edtett magas sz\u00ednvonal\u00fa m\u00e9rn\u00f6ki tud\u00e1st, a v\u00edz- \u00e9s hullad\u00e9kgazd\u00e1lkod\u00e1st, a mez\u0151gazdas\u00e1got, valamint az infokommunik\u00e1ci\u00f3t \u00e9s a biotechnol\u00f3gi\u00e1t. Hozz\u00e1f\u0171zte, hogy Magyarorsz\u00e1gon is vannak indiai befektet\u0151 v\u00e1llalatok, &#8222;z\u00e1szl\u00f3shaj\u00f3k&#8221;, k\u00f6z\u00fcl\u00fck kett\u0151vel strat\u00e9giai egy\u00fcttm\u0171k\u00f6d\u00e9si meg\u00e1llapod\u00e1st is k\u00f6t\u00f6tt a magyar kabinet.<br \/>\nA minisztereln\u00f6k az Indi\u00e1ban folytatott gazdas\u00e1gi megbesz\u00e9l\u00e9seit \u00fagy \u00f6sszegezte, hogy a k\u00e9t orsz\u00e1g korm\u00e1nya minden sz\u00fcks\u00e9ges l\u00e9p\u00e9st megtett, kinyitott\u00e1k a kapukat, most az \u00fczletembereken a sor, hogy \u00e9ljenek a lehet\u0151s\u00e9gekkel.<br \/>\nCs\u00fct\u00f6rt\u00f6k\u00f6n \u00dajdelhiben is rendeztek magyar-indiai \u00fczleti f\u00f3rumot a magyar Nemzeti K\u00fclgazdas\u00e1gi Hivatal (HITA) szervez\u00e9s\u00e9ben. Azon a tan\u00e1cskoz\u00e1son Orb\u00e1n Viktor arr\u00f3l besz\u00e9lt, hogy jelent\u0151sen, a mostani csaknem h\u00e1romszoros\u00e1ra kellene n\u00f6velni az Eur\u00f3p\u00e1n k\u00edv\u00fclre ir\u00e1nyul\u00f3 magyar export m\u00e9rt\u00e9k\u00e9t 2018-ra. A f\u00f3rumokon 66 magyar c\u00e9g k\u00e9pvisel\u0151i vettek r\u00e9szt t\u00f6bbek k\u00f6z\u00f6tt a v\u00edzgazd\u00e1lkod\u00e1s, a meg\u00fajul\u00f3 energia, a biotechnol\u00f3gia, a gy\u00f3gyszer-, valamint a g\u00e9pipar ter\u00fclet\u00e9r\u0151l.<br \/>\nA magyar korm\u00e1ny m\u00e1r k\u00e9t indiai c\u00e9ggel is k\u00f6t\u00f6tt strat\u00e9giai egy\u00fcttm\u0171k\u00f6d\u00e9si meg\u00e1llapod\u00e1st: az informatikai szolg\u00e1ltat\u00e1st \u00e9s tan\u00e1csad\u00e1st ny\u00fajt\u00f3 Tata Consultancyvel &#8211; amelynek mumbai k\u00f6zpontj\u00e1t p\u00e9ntek d\u00e9lut\u00e1n keresi fel az Indi\u00e1ban t\u00e1rgyal\u00f3 magyar deleg\u00e1ci\u00f3 -, valamint a transzform\u00e1torokat \u00e9s nagyfesz\u00fclts\u00e9g\u0171 g\u00e9peket gy\u00e1rt\u00f3 CG Electric-kel.(MTI)<\/p>\n","protected":false},"excerpt":{"rendered":"<p>Orb\u00e1n Viktor minisztereln\u00f6k szerint n\u00e9gy-\u00f6t \u00e9v m\u00falva Magyarorsz\u00e1gon lehet a legalacsonyabb a villamos energia \u00e1ra az Eur\u00f3pai Uni\u00f3ban, aminek felt\u00e9tele az atomenergia-kapacit\u00e1s b\u0151v\u00edt\u00e9se.<\/p>\n","protected":false},"author":1,"featured_media":0,"comment_status":"open","ping_status":"closed","sticky":false,"template":"","format":"standard","meta":[],"categories":[19],"tags":[],"_links":{"self":[{"href":"https:\/\/gazdasagportal.hu\/index.php\/wp-json\/wp\/v2\/posts\/19050"}],"collection":[{"href":"https:\/\/gazdasagportal.hu\/index.php\/wp-json\/wp\/v2\/posts"}],"about":[{"href":"https:\/\/gazdasagportal.hu\/index.php\/wp-json\/wp\/v2\/types\/post"}],"author":[{"embeddable":true,"href":"https:\/\/gazdasagportal.hu\/index.php\/wp-json\/wp\/v2\/users\/1"}],"replies":[{"embeddable":true,"href":"https:\/\/gazdasagportal.hu\/index.php\/wp-json\/wp\/v2\/comments?post=19050"}],"version-history":[{"count":1,"href":"https:\/\/gazdasagportal.hu\/index.php\/wp-json\/wp\/v2\/posts\/19050\/revisions"}],"predecessor-version":[{"id":19051,"href":"https:\/\/gazdasagportal.hu\/index.php\/wp-json\/wp\/v2\/posts\/19050\/revisions\/19051"}],"wp:attachment":[{"href":"https:\/\/gazdasagportal.hu\/index.php\/wp-json\/wp\/v2\/media?parent=19050"}],"wp:term":[{"taxonomy":"category","embeddable":true,"href":"https:\/\/gazdasagportal.hu\/index.php\/wp-json\/wp\/v2\/categories?post=19050"},{"taxonomy":"post_tag","embeddable":true,"href":"https:\/\/gazdasagportal.hu\/index.php\/wp-json\/wp\/v2\/tags?post=19050"}],"curies":[{"name":"wp","href":"https:\/\/api.w.org\/{rel}","templated":true}]}}