{"id":19047,"date":"2013-10-18T09:06:34","date_gmt":"2013-10-18T07:06:34","guid":{"rendered":"http:\/\/stockportal.hu\/?p=19047"},"modified":"2013-10-18T09:06:34","modified_gmt":"2013-10-18T07:06:34","slug":"visszavaghatjak-de-akar-teljesen-el-is-tunhet-az-osztalek-a-magyar-telekom-reszvenyeirol","status":"publish","type":"post","link":"https:\/\/gazdasagportal.hu\/index.php\/visszavaghatjak-de-akar-teljesen-el-is-tunhet-az-osztalek-a-magyar-telekom-reszvenyeirol\/","title":{"rendered":"Visszav\u00e1ghatj\u00e1k, de ak\u00e1r teljesen el is t\u0171nhet az osztal\u00e9k a Magyar Telekom r\u00e9szv\u00e9nyeir\u0151l"},"content":{"rendered":"<div><strong>Teljesen elt\u0171nhet az osztal\u00e9k a Magyar Telekomr\u00f3l.Visszav\u00e1ghatj\u00e1k, de ak\u00e1r teljesen el is t\u0171nhet az osztal\u00e9k a Magyar Telekom r\u00e9szv\u00e9nyeir\u0151l, k\u00f6sz\u00f6nhet\u0151en a t\u00e1rsas\u00e1got terhel\u0151 \u00faj ad\u00f3nemeknek. Izgalmas lehet a szlov\u00e9n telekomra vonatkoz\u00f3 v\u00e9teli aj\u00e1nlat, ami hossz\u00fa t\u00e1v\u00fa n\u00f6veked\u00e9st vet\u00edt el\u0151re.<!--more--><\/strong><\/div>\n<div><\/div>\n<div><\/div>\n<p><object width=\"512\" height=\"288\" data=\"http:\/\/gazdasagtv.hu\/embed\/?id=5932\" type=\"application\/x-shockwave-flash\"><param value=\"http:\/\/gazdasagtv.hu\/embed\/?id=5932\" name=\"data\"><param value=\"http:\/\/gazdasagtv.hu\/embed\/?id=5932\" name=\"src\"><param value=\"false\" name=\"menu\"><param value=\"high\" name=\"quality\"><param value=\"#000000\" name=\"bgcolor\"><param value=\"transparent\" name=\"wmode\"><param value=\"file=http:\/\/88.151.99.192\/video\/2013-10-18\/gtv-tozsdenyitas-equilor-2013-10-18-hd.mp4&#038;image=http:\/\/88.151.99.192\/image\/gen\/2013-10-18\/5932.jpg&#038;showdigits=true&#038;autostart=false&#038;repeat=false&#038;dock=true&#038;controlbar=over&#038;plugins=http:\/\/plugins.longtailvideo.com\/yourlytics-1.swf,timeslidertooltipplugin-2&#038;skin=http:\/\/gazdasagtv.hu\/swf\/skin.zip\" name=\"flashvars\"><\/object><br \/>Forr\u00e1s: <a href=\"http:\/\/gazdasagtv.hu\" style=\"color: #df1100; font-weight: bold; text-decoration: none;\" target=\"_blank\" rel=\"noopener\">Gazdas\u00e1gTV.hu<\/a><\/p>\n","protected":false},"excerpt":{"rendered":"<p>Teljesen elt\u0171nhet az osztal\u00e9k a Magyar Telekomr\u00f3l.Visszav\u00e1ghatj\u00e1k, de ak\u00e1r teljesen el is t\u0171nhet az osztal\u00e9k a Magyar Telekom r\u00e9szv\u00e9nyeir\u0151l, k\u00f6sz\u00f6nhet\u0151en a t\u00e1rsas\u00e1got terhel\u0151 \u00faj ad\u00f3nemeknek. Izgalmas lehet a szlov\u00e9n telekomra vonatkoz\u00f3 v\u00e9teli aj\u00e1nlat, ami hossz\u00fa t\u00e1v\u00fa n\u00f6veked\u00e9st vet\u00edt el\u0151re.<\/p>\n","protected":false},"author":1,"featured_media":19048,"comment_status":"open","ping_status":"closed","sticky":false,"template":"","format":"standard","meta":[],"categories":[7,122],"tags":[],"_links":{"self":[{"href":"https:\/\/gazdasagportal.hu\/index.php\/wp-json\/wp\/v2\/posts\/19047"}],"collection":[{"href":"https:\/\/gazdasagportal.hu\/index.php\/wp-json\/wp\/v2\/posts"}],"about":[{"href":"https:\/\/gazdasagportal.hu\/index.php\/wp-json\/wp\/v2\/types\/post"}],"author":[{"embeddable":true,"href":"https:\/\/gazdasagportal.hu\/index.php\/wp-json\/wp\/v2\/users\/1"}],"replies":[{"embeddable":true,"href":"https:\/\/gazdasagportal.hu\/index.php\/wp-json\/wp\/v2\/comments?post=19047"}],"version-history":[{"count":2,"href":"https:\/\/gazdasagportal.hu\/index.php\/wp-json\/wp\/v2\/posts\/19047\/revisions"}],"predecessor-version":[{"id":19054,"href":"https:\/\/gazdasagportal.hu\/index.php\/wp-json\/wp\/v2\/posts\/19047\/revisions\/19054"}],"wp:featuredmedia":[{"embeddable":true,"href":"https:\/\/gazdasagportal.hu\/index.php\/wp-json\/wp\/v2\/media\/19048"}],"wp:attachment":[{"href":"https:\/\/gazdasagportal.hu\/index.php\/wp-json\/wp\/v2\/media?parent=19047"}],"wp:term":[{"taxonomy":"category","embeddable":true,"href":"https:\/\/gazdasagportal.hu\/index.php\/wp-json\/wp\/v2\/categories?post=19047"},{"taxonomy":"post_tag","embeddable":true,"href":"https:\/\/gazdasagportal.hu\/index.php\/wp-json\/wp\/v2\/tags?post=19047"}],"curies":[{"name":"wp","href":"https:\/\/api.w.org\/{rel}","templated":true}]}}