{"id":18989,"date":"2013-10-17T14:45:59","date_gmt":"2013-10-17T12:45:59","guid":{"rendered":"http:\/\/stockportal.hu\/?p=18989"},"modified":"2013-10-17T14:45:59","modified_gmt":"2013-10-17T12:45:59","slug":"fidesz-az-e-on-gazuzletag-megvasarlasa-utan-a-kormany-tobb-eszkozzel-tud-kuzdeni-a-rezsicsokkentesert","status":"publish","type":"post","link":"https:\/\/gazdasagportal.hu\/index.php\/fidesz-az-e-on-gazuzletag-megvasarlasa-utan-a-kormany-tobb-eszkozzel-tud-kuzdeni-a-rezsicsokkentesert\/","title":{"rendered":"Fidesz: az E.ON-g\u00e1z\u00fczlet\u00e1g megv\u00e1s\u00e1rl\u00e1sa ut\u00e1n a korm\u00e1ny t\u00f6bb eszk\u00f6zzel tud k\u00fczdeni a rezsics\u00f6kkent\u00e9s\u00e9rt"},"content":{"rendered":"<p><strong>A Fidesz sz\u00f3viv\u0151je szerint az E.ON f\u00f6ldg\u00e1z\u00fczlet\u00e1g\u00e1nak megszerz\u00e9se szoci\u00e1lis \u00e9s energiabiztons\u00e1got hoz az embereknek, a korm\u00e1ny \u00edgy t\u00f6bb eszk\u00f6zzel tud k\u00fczdeni a rezsics\u00f6kkent\u00e9s\u00e9rt.<!--more--><\/strong><\/p>\n<p>Selmeczi Gabriella arra reag\u00e1lt, hogy az MSZP cs\u00fct\u00f6rt\u00f6k\u00f6n bejelentette, k\u00fcl\u00f6n\u00f6sen jelent\u0151s \u00e9rt\u00e9kre elk\u00f6vetett h\u0171tlen kezel\u00e9s megalapozott gyan\u00faj\u00e1val feljelent\u00e9st tesz ismeretlen tettes ellen az E.ON magyarorsz\u00e1gi g\u00e1z\u00fczlet\u00e1g\u00e1nak \u00e1llami megv\u00e1s\u00e1rl\u00e1sa miatt, mivel szerint\u00fck az a val\u00f3s \u00e9rt\u00e9k h\u00e1romszoros\u00e1n t\u00f6rt\u00e9nt.<br \/>\nA Fidesz sz\u00f3viv\u0151je az MTI-nek k\u00fcld\u00f6tt reakci\u00f3j\u00e1ban azt \u00edrta: a szocialist\u00e1k &#8222;m\u00e1r megint a magyar emberekkel \u00e9s a magyar \u00e9rdekek ellen harcolnak&#8221;, noha a korm\u00e1ny a g\u00e1z\u00fczlet\u00e1g megv\u00e1s\u00e1rl\u00e1sa ut\u00e1n t\u00f6bb eszk\u00f6zzel &#8211; saj\u00e1t g\u00e1zvezet\u00e9kkel \u00e9s t\u00e1roz\u00f3val &#8211; tud k\u00fczdeni a rezsics\u00f6kkent\u00e9s\u00e9rt.<br \/>\nHozz\u00e1tette: az E.ON-g\u00e1z\u00fczlet\u00e1g visszav\u00e1s\u00e1rl\u00e1s\u00e1ra \u00e9s a rezsics\u00f6kkent\u00e9sre is az\u00e9rt volt sz\u00fcks\u00e9g, mert a szocialist\u00e1k az egekbe emelt\u00e9k a rezsit \u00e9s hagyt\u00e1k, hogy a magyar emberek ki legyenek szolg\u00e1ltatva a k\u00fclf\u00f6ldieknek.<br \/>\nM\u00edg &#8222;a bukott baloldal ki\u00e1rus\u00edtotta a nemzeti vagyont&#8221;, a Fidesz-korm\u00e1ny annak v\u00e9delm\u00e9\u00e9rt \u00e9s visszaszerz\u00e9s\u00e9\u00e9rt dolgozik. Az E.ON magyarorsz\u00e1gi g\u00e1z\u00fczlet\u00e1g\u00e1nak megszerz\u00e9s\u00e9vel v\u00e9gre &#8222;lesz belesz\u00f3l\u00e1sunk lakoss\u00e1g g\u00e1zell\u00e1t\u00e1s\u00e1t \u00e9rint\u0151 k\u00e9rd\u00e9sekbe \u00e9s nem lesz\u00fcnk kiszolg\u00e1ltatottak, mint a szocialist\u00e1k korm\u00e1nyz\u00e1sa idej\u00e9n&#8221; &#8211; k\u00f6z\u00f6lte Selmeczi Gabriella.<br \/>\nKit\u00e9rt arra, hogy a visszaszerzett f\u00f6ldg\u00e1zt\u00e1roz\u00f3k a legnagyobbak a t\u00e9rs\u00e9gben, \u00edgy Magyarorsz\u00e1g az \u00e9vi t\u00edzmilli\u00e1rd k\u00f6bm\u00e9ter g\u00e1zfogyaszt\u00e1s\u00e1b\u00f3l 7 milli\u00e1rd k\u00f6bm\u00e9tert saj\u00e1t maga tud t\u00e1razni. A korm\u00e1ny c\u00e9lja pedig az, hogy az \u00f6sszes magyarorsz\u00e1gi g\u00e1zt\u00e1roz\u00f3 \u00e1llami k\u00e9zben legyen.<br \/>\nA Fidesz sz\u00f3viv\u0151je hozz\u00e1tette: a kabinet mind a t\u00e1rgyal\u00e1sok elej\u00e9n, mind k\u00f6zben k\u00e9sz\u00edttetett sz\u00e1m\u00edt\u00e1sokat a v\u00e9tel\u00e1rr\u00f3l, \u00e9s a nemzetk\u00f6zi k\u00f6nyvvizsg\u00e1l\u00f3k \u00e1ltal meg\u00e1llap\u00edtott \u00e1r alatt v\u00e1s\u00e1rolta meg a n\u00e9met v\u00e1llalat magyarorsz\u00e1gi g\u00e1z\u00fczlet\u00e1g\u00e1t.(MTI)<\/p>\n","protected":false},"excerpt":{"rendered":"<p>A Fidesz sz\u00f3viv\u0151je szerint az E.ON f\u00f6ldg\u00e1z\u00fczlet\u00e1g\u00e1nak megszerz\u00e9se szoci\u00e1lis \u00e9s energiabiztons\u00e1got hoz az embereknek, a korm\u00e1ny \u00edgy t\u00f6bb eszk\u00f6zzel tud k\u00fczdeni a rezsics\u00f6kkent\u00e9s\u00e9rt.<\/p>\n","protected":false},"author":1,"featured_media":0,"comment_status":"open","ping_status":"closed","sticky":false,"template":"","format":"standard","meta":[],"categories":[19],"tags":[],"_links":{"self":[{"href":"https:\/\/gazdasagportal.hu\/index.php\/wp-json\/wp\/v2\/posts\/18989"}],"collection":[{"href":"https:\/\/gazdasagportal.hu\/index.php\/wp-json\/wp\/v2\/posts"}],"about":[{"href":"https:\/\/gazdasagportal.hu\/index.php\/wp-json\/wp\/v2\/types\/post"}],"author":[{"embeddable":true,"href":"https:\/\/gazdasagportal.hu\/index.php\/wp-json\/wp\/v2\/users\/1"}],"replies":[{"embeddable":true,"href":"https:\/\/gazdasagportal.hu\/index.php\/wp-json\/wp\/v2\/comments?post=18989"}],"version-history":[{"count":1,"href":"https:\/\/gazdasagportal.hu\/index.php\/wp-json\/wp\/v2\/posts\/18989\/revisions"}],"predecessor-version":[{"id":18990,"href":"https:\/\/gazdasagportal.hu\/index.php\/wp-json\/wp\/v2\/posts\/18989\/revisions\/18990"}],"wp:attachment":[{"href":"https:\/\/gazdasagportal.hu\/index.php\/wp-json\/wp\/v2\/media?parent=18989"}],"wp:term":[{"taxonomy":"category","embeddable":true,"href":"https:\/\/gazdasagportal.hu\/index.php\/wp-json\/wp\/v2\/categories?post=18989"},{"taxonomy":"post_tag","embeddable":true,"href":"https:\/\/gazdasagportal.hu\/index.php\/wp-json\/wp\/v2\/tags?post=18989"}],"curies":[{"name":"wp","href":"https:\/\/api.w.org\/{rel}","templated":true}]}}