{"id":18984,"date":"2013-10-17T13:56:35","date_gmt":"2013-10-17T11:56:35","guid":{"rendered":"http:\/\/stockportal.hu\/?p=18984"},"modified":"2013-10-17T13:37:30","modified_gmt":"2013-10-17T11:37:30","slug":"sziria-november-23-24-en-lehet-a-genf-2-konferencia","status":"publish","type":"post","link":"https:\/\/gazdasagportal.hu\/index.php\/sziria-november-23-24-en-lehet-a-genf-2-konferencia\/","title":{"rendered":"Sz\u00edria &#8211; November 23-24-\u00e9n lehet a Genf-2 konferencia"},"content":{"rendered":"<p><strong>November 23-24-\u00e9n tarthatj\u00e1k meg a sz\u00edriai v\u00e1ls\u00e1g rendez\u00e9s\u00e9t c\u00e9lz\u00f3, \u00fagynevezett Genf-2 konferenci\u00e1t &#8211; jelentette be cs\u00fct\u00f6rt\u00f6k\u00f6n Kadri Dzsam\u00edl sz\u00edriai minisztereln\u00f6k-helyettes Moszkv\u00e1ban, miut\u00e1n az orosz k\u00fcl\u00fcgyminiszt\u00e9riumban t\u00e1rgyalt.<!--more--><\/strong><\/p>\n<p>A damaszkuszi korm\u00e1ny tagja, aki a &#8222;bels\u0151&#8221; ellenz\u00e9khez sorolt N\u00e9pfront a V\u00e1ltoz\u00e1s\u00e9rt \u00e9s a Felszabadul\u00e1s\u00e9rt vezet\u0151jek\u00e9nt tavaly ker\u00fclt a kabinetbe, \u00fagy v\u00e9lte, hogy Sz\u00edria m\u00e9g sohasem volt ilyen k\u00f6zel az orsz\u00e1gban t\u00f6bb mint k\u00e9t \u00e9ve tart\u00f3 v\u00e1ls\u00e1g b\u00e9k\u00e9s rendez\u00e9se \u00e9rdek\u00e9ben \u00f6sszeh\u00edvand\u00f3 t\u00e1rgyal\u00e1sokhoz. A konferenci\u00e1t m\u00e1jus elej\u00e9n kezdem\u00e9nyezte Moszkv\u00e1ban John Kerry amerikai k\u00fcl\u00fcgyminiszter \u00e9s orosz koll\u00e9g\u00e1ja, Szergej Lavrov.<br \/>\nKadri Dzsam\u00edl szerint a sz\u00edriai emigr\u00e1ci\u00f3 \u00e1ltal l\u00e9trehozott &#8211; ellenz\u00e9ki &#8211; Sz\u00edriai Nemzeti Tan\u00e1cs m\u00e9g meggondolhatja mag\u00e1t, \u00e9s r\u00e9szt vehet a genfi tan\u00e1cskoz\u00e1son. Azt hangoztatta, hogy a Genf-2 az egyetlen eszk\u00f6z a konfliktus rendez\u00e9s\u00e9re, \u00e9s annak a legf\u0151bb c\u00e9lja a koal\u00edci\u00f3s korm\u00e1ny l\u00e9trehozatala Sz\u00edri\u00e1ban. A politikus kijelentette, hogy a korm\u00e1nynak konszenzus alapj\u00e1n kell l\u00e9trej\u00f6nnie \u00e9s t\u00fckr\u00f6znie kell a k\u00fcl\u00f6nb\u00f6z\u0151 politikai er\u0151k s\u00faly\u00e1t Sz\u00edri\u00e1ban. &#8222;A korm\u00e1ny \u00e9s az eln\u00f6k jogosults\u00e1gi k\u00f6r\u00e9t Genfben kell meghat\u00e1rozni&#8221; &#8211; mondta.<br \/>\nA sz\u00edriai minisztereln\u00f6k-helyettes kifog\u00e1solta, hogy egyes nyugati \u00e1llamok csak a konfliktusban \u00e9rintett egyik felet t\u00e1mogatj\u00e1k, mert az szavai szerint egyetlen p\u00e1rt diktat\u00far\u00e1j\u00e1hoz vagy a vall\u00e1si sz\u00e9ls\u0151s\u00e9gesek hatalm\u00e1hoz vezethet orsz\u00e1g\u00e1ban. Szerinte a sz\u00edriai v\u00e1ltoz\u00e1soknak fokozatosan kell v\u00e9gbemenni\u00fck.<br \/>\nDzsam\u00edlt a RIA Novosztyi orosz h\u00edr\u00fcgyn\u00f6ks\u00e9g sajt\u00f3k\u00f6zpontj\u00e1nak munkat\u00e1rsa els\u0151sorban a bels\u0151 sz\u00edriai ellenz\u00e9k k\u00e9pvisel\u0151jek\u00e9nt, a N\u00e9pakarat nev\u0171 p\u00e1rt eln\u00f6kek\u00e9nt, valamint a N\u00e9pfront a V\u00e1ltoz\u00e1s\u00e9rt \u00e9s Felszabadul\u00e1s\u00e9rt nev\u0171 szervezet egyik vezet\u0151jek\u00e9nt mutatta be \u00e9s csak utols\u00f3 sorban eml\u00edtette minisztereln\u00f6k-helyettesei funkci\u00f3j\u00e1t. A moszkvai Lomonoszov egyetemen diplom\u00e1zott politikus arabul besz\u00e9lt a sajt\u00f3 el\u0151tt.<br \/>\nA 61 \u00e9ves, baloldali, kor\u00e1bban a sz\u00edriai kommunista p\u00e1rtban tev\u00e9kenyked\u0151 politikus gyakori vend\u00e9ge Moszkv\u00e1nak. Tavaly ny\u00e1ron ker\u00fclt be a sz\u00edriai korm\u00e1nyba a parlamenti v\u00e1laszt\u00e1sokat k\u00f6vet\u0151en, a gazdas\u00e1gi ter\u00fcletet fel\u00fcgyeli. Augusztusban is t\u00e1rgyalt az orosz f\u0151v\u00e1rosban, \u00e9s kijelentette, hogy Bass\u00e1r el-Aszad sz\u00edriai eln\u00f6k t\u00e1voz\u00e1sa sz\u00f3ba j\u00f6het, de csak a nemzeti p\u00e1rbesz\u00e9d keret\u00e9ben.(MTI)<\/p>\n","protected":false},"excerpt":{"rendered":"<p>November 23-24-\u00e9n tarthatj\u00e1k meg a sz\u00edriai v\u00e1ls\u00e1g rendez\u00e9s\u00e9t c\u00e9lz\u00f3, \u00fagynevezett Genf-2 konferenci\u00e1t &#8211; jelentette be cs\u00fct\u00f6rt\u00f6k\u00f6n Kadri Dzsam\u00edl sz\u00edriai minisztereln\u00f6k-helyettes Moszkv\u00e1ban, miut\u00e1n az orosz k\u00fcl\u00fcgyminiszt\u00e9riumban t\u00e1rgyalt.<\/p>\n","protected":false},"author":1,"featured_media":0,"comment_status":"open","ping_status":"closed","sticky":false,"template":"","format":"standard","meta":[],"categories":[16],"tags":[],"_links":{"self":[{"href":"https:\/\/gazdasagportal.hu\/index.php\/wp-json\/wp\/v2\/posts\/18984"}],"collection":[{"href":"https:\/\/gazdasagportal.hu\/index.php\/wp-json\/wp\/v2\/posts"}],"about":[{"href":"https:\/\/gazdasagportal.hu\/index.php\/wp-json\/wp\/v2\/types\/post"}],"author":[{"embeddable":true,"href":"https:\/\/gazdasagportal.hu\/index.php\/wp-json\/wp\/v2\/users\/1"}],"replies":[{"embeddable":true,"href":"https:\/\/gazdasagportal.hu\/index.php\/wp-json\/wp\/v2\/comments?post=18984"}],"version-history":[{"count":1,"href":"https:\/\/gazdasagportal.hu\/index.php\/wp-json\/wp\/v2\/posts\/18984\/revisions"}],"predecessor-version":[{"id":18985,"href":"https:\/\/gazdasagportal.hu\/index.php\/wp-json\/wp\/v2\/posts\/18984\/revisions\/18985"}],"wp:attachment":[{"href":"https:\/\/gazdasagportal.hu\/index.php\/wp-json\/wp\/v2\/media?parent=18984"}],"wp:term":[{"taxonomy":"category","embeddable":true,"href":"https:\/\/gazdasagportal.hu\/index.php\/wp-json\/wp\/v2\/categories?post=18984"},{"taxonomy":"post_tag","embeddable":true,"href":"https:\/\/gazdasagportal.hu\/index.php\/wp-json\/wp\/v2\/tags?post=18984"}],"curies":[{"name":"wp","href":"https:\/\/api.w.org\/{rel}","templated":true}]}}