{"id":18980,"date":"2013-10-17T12:54:58","date_gmt":"2013-10-17T10:54:58","guid":{"rendered":"http:\/\/stockportal.hu\/?p=18980"},"modified":"2013-10-17T12:54:58","modified_gmt":"2013-10-17T10:54:58","slug":"a-hirmusorok-tudositasainak-38-szazaleka-volt-politikai-az-elozo-negyedevben","status":"publish","type":"post","link":"https:\/\/gazdasagportal.hu\/index.php\/a-hirmusorok-tudositasainak-38-szazaleka-volt-politikai-az-elozo-negyedevben\/","title":{"rendered":"A h\u00edrm\u0171sorok tud\u00f3s\u00edt\u00e1sainak 38 sz\u00e1zal\u00e9ka volt politikai az el\u0151z\u0151 negyed\u00e9vben"},"content":{"rendered":"<p><strong>Az el\u0151z\u0151 negyed\u00e9vben a h\u00edrm\u0171sorok tud\u00f3s\u00edt\u00e1sainak 38 sz\u00e1zal\u00e9ka foglalkozott politik\u00e1val, a politikusok k\u00f6z\u00fcl a minisztereln\u00f6k szerepelt a legt\u00f6bbsz\u00f6r saj\u00e1t hangj\u00e1n, \u0151t Gyurcs\u00e1ny Ferenc, a Demokratikus Koal\u00edci\u00f3 eln\u00f6ke k\u00f6vette, \u00e9s n\u0151tt a baleseti-b\u0171n\u00fcgyi h\u00edrek ar\u00e1nya &#8211; der\u00fcl ki a N\u00e9z\u0151pont Int\u00e9zet M\u00e9diam\u0171hely\u00e9nek kutat\u00e1s\u00e1b\u00f3l, amelyet cs\u00fct\u00f6rt\u00f6k\u00f6n k\u00fcldtek el az MTI-nek.<\/strong><\/p>\n<p>A m\u00e9diam\u0171hely ez\u00fattal is az RTL Klub, a TV2, az M1, a Duna t\u00e9v\u00e9csatorna \u00e9s a Kossuth R\u00e1di\u00f3 esti h\u00edrm\u0171sorait vizsg\u00e1lta. A h\u00edrad\u00f3k \u00f6sszes\u00edtett id\u0151tartama 227 \u00f3r\u00e1r\u00f3l 240-re n\u0151tt az el\u0151z\u0151 negyed\u00e9vhez k\u00e9pest.<br \/>\nA kutat\u00e1s szerint n\u0151tt a baleseti \u00e9s b\u0171n\u00fcgyi h\u00edrek ar\u00e1nya a h\u00edrm\u0171sorokban, ez al\u00f3l csak a Kossuth R\u00e1di\u00f3 kiv\u00e9tel. A TV2 \u00f6sszes tud\u00f3s\u00edt\u00e1s\u00e1nak csaknem fele (49,2 sz\u00e1zal\u00e9ka) tartozott ebbe a kateg\u00f3ri\u00e1ba, az RTL Klub h\u00edrm\u0171soraiban 31,6 sz\u00e1zal\u00e9k volt a baleseti-b\u0171n\u00fcgyi h\u00edrek ar\u00e1nya. A k\u00f6zszolg\u00e1lati m\u00e9diumokban kevesebb ilyen h\u00edr volt: ar\u00e1nyuk az M1-en 11,7 sz\u00e1zal\u00e9k, a Dun\u00e1n 5,3, a Kossuth R\u00e1di\u00f3ban 5,5 sz\u00e1zal\u00e9k.<br \/>\nA 9221 tud\u00f3s\u00edt\u00e1sb\u00f3l 3494 foglalkozott politik\u00e1val (37,9 sz\u00e1zal\u00e9k). A kereskedelmi csatorn\u00e1kon cs\u00f6kkent, a k\u00f6zszolg\u00e1lati h\u00edrm\u0171sorokban n\u0151tt a politikai h\u00edrek ar\u00e1nya az el\u0151z\u0151 negyed\u00e9vvel \u00f6sszevetve. A magyar vonatkoz\u00e1s\u00fa politikai h\u00edrek t\u00f6bb mint negyede gazdas\u00e1gpolitikai, 23,3 sz\u00e1zal\u00e9ka szakpolitikai, 13,7 sz\u00e1zal\u00e9ka p\u00e1rtpolitikai volt.<br \/>\nA rezsics\u00f6kkent\u00e9s \u00e9s a h\u00fas\u00e1fa cs\u00f6kkent\u00e9se az \u00f6sszes politikai h\u00edr 4,3 sz\u00e1zal\u00e9k\u00e1t tette ki. Az elemz\u00e9s szerint az RTL Klub politikai h\u00edreinek 8,5 sz\u00e1zal\u00e9ka a doh\u00e1nykereskedelem \u00e1talak\u00edt\u00e1s\u00e1val foglalkozott.<br \/>\nA harmadik negyed\u00e9vben is a korm\u00e1ny \u00e1ll\u00e1spontja jelent meg a legt\u00f6bbsz\u00f6r a magyar politikai h\u00edrekben, \u00e1m az el\u0151z\u0151 k\u00e9t negyed\u00e9vben 24,2 \u00e9s 23 sz\u00e1zal\u00e9k volt ez a mutat\u00f3, legut\u00f3bb viszont m\u00e1r csak 21,1 sz\u00e1zal\u00e9k.<br \/>\nA Fidesz \u00e9s az MSZP k\u00f6z\u00f6tti k\u00fcl\u00f6nbs\u00e9g 2,2-r\u0151l 1,1 sz\u00e1zal\u00e9kra cs\u00f6kkent: a Fidesz 9,1 sz\u00e1zal\u00e9kot, az MSZP 8 sz\u00e1zal\u00e9kot szerepelt.<br \/>\nA harmadik legt\u00f6bb helyet az Egy\u00fctt-PM sz\u00f6vets\u00e9g kapta a h\u00edrekben (4,2 sz\u00e1zal\u00e9k), majd a Jobbik (2,9 sz\u00e1zal\u00e9k), a Demokratikus Koal\u00edci\u00f3 (2,3 sz\u00e1zal\u00e9k) \u00e9s az LMP (1,9 sz\u00e1zal\u00e9k) k\u00f6vetkezik. Mindazon\u00e1ltal az Egy\u00fctt-PM megsz\u00f3lal\u00e1sainak 71,5 sz\u00e1zal\u00e9k\u00e1t p\u00e1rtpolitikai h\u00edrek tett\u00e9k ki, a t\u00f6bbi p\u00e1rt eset\u00e9ben a megsz\u00f3lal\u00e1sok jobban megoszlottak, t\u00f6bbet szerepeltek gazdas\u00e1g- \u00e9s szakpolitikai h\u00edrekben.<br \/>\nA politikusok k\u00f6z\u00fcl Orb\u00e1n Viktor minisztereln\u00f6k sz\u00f3lalt meg legt\u00f6bbsz\u00f6r, 192 alkalommal saj\u00e1t hangj\u00e1n. A korm\u00e1nytagok k\u00f6z\u00fcl Varga Mih\u00e1ly nemzetgazdas\u00e1gi miniszter \u00e9s Szijj\u00e1rt\u00f3 P\u00e9ter k\u00fcl\u00fcgyi \u00e9s k\u00fclgazdas\u00e1gi \u00e1llamtitk\u00e1r k\u00f6veti 88 \u00e9s 85 megsz\u00f3lal\u00e1ssal.<br \/>\nA fideszes politikusok k\u00f6z\u00fcl Rog\u00e1n Antal frakci\u00f3vezet\u0151 jelent meg a legt\u00f6bbsz\u00f6r, nyolcvanszor, a h\u00edrekben, az ellenz\u00e9kiek k\u00f6z\u00fcl pedig Gyurcs\u00e1ny Ferenc DK-eln\u00f6k (97 alkalom), megel\u0151zve Bajnai Gordont, az Egy\u00fctt-PM eln\u00f6k\u00e9t \u00e9s Mesterh\u00e1zy Attila szocialista p\u00e1rteln\u00f6k\u00f6t (78 \u00e9s 62 megsz\u00f3lal\u00e1s).(MTI)<\/p>\n","protected":false},"excerpt":{"rendered":"<p>Az el\u0151z\u0151 negyed\u00e9vben a h\u00edrm\u0171sorok tud\u00f3s\u00edt\u00e1sainak 38 sz\u00e1zal\u00e9ka foglalkozott politik\u00e1val, a politikusok k\u00f6z\u00fcl a minisztereln\u00f6k szerepelt a legt\u00f6bbsz\u00f6r saj\u00e1t hangj\u00e1n, \u0151t Gyurcs\u00e1ny Ferenc, a Demokratikus Koal\u00edci\u00f3 eln\u00f6ke k\u00f6vette, \u00e9s n\u0151tt a baleseti-b\u0171n\u00fcgyi h\u00edrek ar\u00e1nya &#8211; der\u00fcl ki a N\u00e9z\u0151pont Int\u00e9zet M\u00e9diam\u0171hely\u00e9nek kutat\u00e1s\u00e1b\u00f3l, amelyet cs\u00fct\u00f6rt\u00f6k\u00f6n k\u00fcldtek el az MTI-nek. A m\u00e9diam\u0171hely ez\u00fattal is az RTL Klub, &#8230;<\/p>\n","protected":false},"author":1,"featured_media":0,"comment_status":"open","ping_status":"closed","sticky":false,"template":"","format":"standard","meta":[],"categories":[48,18],"tags":[],"_links":{"self":[{"href":"https:\/\/gazdasagportal.hu\/index.php\/wp-json\/wp\/v2\/posts\/18980"}],"collection":[{"href":"https:\/\/gazdasagportal.hu\/index.php\/wp-json\/wp\/v2\/posts"}],"about":[{"href":"https:\/\/gazdasagportal.hu\/index.php\/wp-json\/wp\/v2\/types\/post"}],"author":[{"embeddable":true,"href":"https:\/\/gazdasagportal.hu\/index.php\/wp-json\/wp\/v2\/users\/1"}],"replies":[{"embeddable":true,"href":"https:\/\/gazdasagportal.hu\/index.php\/wp-json\/wp\/v2\/comments?post=18980"}],"version-history":[{"count":1,"href":"https:\/\/gazdasagportal.hu\/index.php\/wp-json\/wp\/v2\/posts\/18980\/revisions"}],"predecessor-version":[{"id":18981,"href":"https:\/\/gazdasagportal.hu\/index.php\/wp-json\/wp\/v2\/posts\/18980\/revisions\/18981"}],"wp:attachment":[{"href":"https:\/\/gazdasagportal.hu\/index.php\/wp-json\/wp\/v2\/media?parent=18980"}],"wp:term":[{"taxonomy":"category","embeddable":true,"href":"https:\/\/gazdasagportal.hu\/index.php\/wp-json\/wp\/v2\/categories?post=18980"},{"taxonomy":"post_tag","embeddable":true,"href":"https:\/\/gazdasagportal.hu\/index.php\/wp-json\/wp\/v2\/tags?post=18980"}],"curies":[{"name":"wp","href":"https:\/\/api.w.org\/{rel}","templated":true}]}}