{"id":18977,"date":"2013-10-17T12:29:27","date_gmt":"2013-10-17T10:29:27","guid":{"rendered":"http:\/\/stockportal.hu\/?p=18977"},"modified":"2013-10-17T11:50:08","modified_gmt":"2013-10-17T09:50:08","slug":"dk-europai-pofont-kapott-a-magyar-kormany","status":"publish","type":"post","link":"https:\/\/gazdasagportal.hu\/index.php\/dk-europai-pofont-kapott-a-magyar-kormany\/","title":{"rendered":"DK: eur\u00f3pai pofont kapott a magyar korm\u00e1ny"},"content":{"rendered":"<p><strong>A magyar korm\u00e1nynak adott pofonk\u00e9nt \u00e9rt\u00e9keli a Demokratikus Koal\u00edci\u00f3, hogy a Velencei Bizotts\u00e1g tiszteletbeli eln\u00f6k\u00e9v\u00e9 v\u00e1lasztotta Paczolay P\u00e9ter alkotm\u00e1nyb\u00edr\u00f3s\u00e1gi eln\u00f6k\u00f6t.<!--more--><\/strong><\/p>\n<p>Moln\u00e1r Csaba, az ellenz\u00e9ki p\u00e1rt aleln\u00f6ke, f\u00fcggetlen k\u00e9pvisel\u0151 az MTI-hez cs\u00fct\u00f6rt\u00f6k\u00f6n eljuttatott k\u00f6zlem\u00e9ny\u00e9ben \u00fagy \u00e9rt\u00e9kelte: az Eur\u00f3pa Tan\u00e1cs alkotm\u00e1nyjogi tan\u00e1csad\u00f3 test\u00fclete ezzel a &#8222;nem mindennapi gesztussal viszonozta&#8221; azt a &#8222;megal\u00e1z\u00f3 d\u00f6nt\u00e9st&#8221;, hogy a magyar korm\u00e1ny &#8211; a test\u00fcletben bet\u00f6lt\u00f6tt mand\u00e1tum\u00e1nak lej\u00e1rta ut\u00e1n &#8211; Paczolay P\u00e9ter helyett &#8222;a m\u00e1sf\u00e9l \u00e9vtizeden \u00e1t Polt P\u00e9ter (legf\u0151bb \u00fcgy\u00e9sz) sz\u00e1rnyseg\u00e9djek\u00e9nt m\u00e9lt\u00e1n ismeretlen maradt Varga Zs. Andr\u00e1st&#8221; k\u00fcldte a bizotts\u00e1gba.<br \/>\nA DK szerint Orb\u00e1n Viktor korm\u00e1ny\u00e1nak t\u00f6bb \u00edzben gy\u0171lt m\u00e1r meg a baja a Velencei Bizotts\u00e1ggal, \u00e9s most &#8222;ism\u00e9t h\u00e1zhoz ment a pofon\u00e9rt, \u00fajabb tekint\u00e9lyes \u00e9s befoly\u00e1sos test\u00fclettel siker\u00fclt viszony\u00e1t visszavonhatatlanul elm\u00e9rges\u00edtenie&#8221;.(MTI)<\/p>\n","protected":false},"excerpt":{"rendered":"<p>A magyar korm\u00e1nynak adott pofonk\u00e9nt \u00e9rt\u00e9keli a Demokratikus Koal\u00edci\u00f3, hogy a Velencei Bizotts\u00e1g tiszteletbeli eln\u00f6k\u00e9v\u00e9 v\u00e1lasztotta Paczolay P\u00e9ter alkotm\u00e1nyb\u00edr\u00f3s\u00e1gi eln\u00f6k\u00f6t.<\/p>\n","protected":false},"author":1,"featured_media":0,"comment_status":"open","ping_status":"closed","sticky":false,"template":"","format":"standard","meta":[],"categories":[18],"tags":[],"_links":{"self":[{"href":"https:\/\/gazdasagportal.hu\/index.php\/wp-json\/wp\/v2\/posts\/18977"}],"collection":[{"href":"https:\/\/gazdasagportal.hu\/index.php\/wp-json\/wp\/v2\/posts"}],"about":[{"href":"https:\/\/gazdasagportal.hu\/index.php\/wp-json\/wp\/v2\/types\/post"}],"author":[{"embeddable":true,"href":"https:\/\/gazdasagportal.hu\/index.php\/wp-json\/wp\/v2\/users\/1"}],"replies":[{"embeddable":true,"href":"https:\/\/gazdasagportal.hu\/index.php\/wp-json\/wp\/v2\/comments?post=18977"}],"version-history":[{"count":1,"href":"https:\/\/gazdasagportal.hu\/index.php\/wp-json\/wp\/v2\/posts\/18977\/revisions"}],"predecessor-version":[{"id":18978,"href":"https:\/\/gazdasagportal.hu\/index.php\/wp-json\/wp\/v2\/posts\/18977\/revisions\/18978"}],"wp:attachment":[{"href":"https:\/\/gazdasagportal.hu\/index.php\/wp-json\/wp\/v2\/media?parent=18977"}],"wp:term":[{"taxonomy":"category","embeddable":true,"href":"https:\/\/gazdasagportal.hu\/index.php\/wp-json\/wp\/v2\/categories?post=18977"},{"taxonomy":"post_tag","embeddable":true,"href":"https:\/\/gazdasagportal.hu\/index.php\/wp-json\/wp\/v2\/tags?post=18977"}],"curies":[{"name":"wp","href":"https:\/\/api.w.org\/{rel}","templated":true}]}}