{"id":18966,"date":"2013-10-17T11:25:39","date_gmt":"2013-10-17T09:25:39","guid":{"rendered":"http:\/\/stockportal.hu\/?p=18966"},"modified":"2013-10-17T11:26:46","modified_gmt":"2013-10-17T09:26:46","slug":"a-fed-varhatoan-jovo-ev-elejeig-nem-nyul-a-qe3-programhoz","status":"publish","type":"post","link":"https:\/\/gazdasagportal.hu\/index.php\/a-fed-varhatoan-jovo-ev-elejeig-nem-nyul-a-qe3-programhoz\/","title":{"rendered":"A Fed v\u00e1rhat\u00f3an j\u00f6v\u0151 \u00e9v elej\u00e9ig nem ny\u00fal a QE3 programhoz"},"content":{"rendered":"<div><strong>J\u00f6v\u0151 \u00e9v elej\u00e9ig maradhat a QE3. Az amerikai ad\u00f3ss\u00e1gplafonnal kapcsolatos \u00e1tmeneti meg\u00e1llapod\u00e1s velej\u00e1r\u00f3ja, hogy a Fed v\u00e1rhat\u00f3an j\u00f6v\u0151 \u00e9v elej\u00e9ig nem ny\u00fal a QE3 programhoz, nem kezdi el a laz\u00edt\u00e1s lefarag\u00e1s\u00e1t, Janet Yellenre, a Fed \u00faj eln\u00f6k\u00e9re v\u00e1rhat a feladat. A magyar piacon kis cs\u00f6kken\u00e9s l\u00e1that\u00f3.<!--more--><\/strong><\/div>\n<div><\/div>\n<p><object width=\"512\" height=\"288\" data=\"http:\/\/gazdasagtv.hu\/embed\/?id=5922\" type=\"application\/x-shockwave-flash\"><param value=\"http:\/\/gazdasagtv.hu\/embed\/?id=5922\" name=\"data\"><param value=\"http:\/\/gazdasagtv.hu\/embed\/?id=5922\" name=\"src\"><param value=\"false\" name=\"menu\"><param value=\"high\" name=\"quality\"><param value=\"#000000\" name=\"bgcolor\"><param value=\"transparent\" name=\"wmode\"><param value=\"file=http:\/\/88.151.99.192\/video\/2013-10-17\/gtv-tozsdelive-erste-2013-10-17-hd.mp4&#038;image=http:\/\/88.151.99.192\/image\/gen\/2013-10-17\/5922.jpg&#038;showdigits=true&#038;autostart=false&#038;repeat=false&#038;dock=true&#038;controlbar=over&#038;plugins=http:\/\/plugins.longtailvideo.com\/yourlytics-1.swf,timeslidertooltipplugin-2&#038;skin=http:\/\/gazdasagtv.hu\/swf\/skin.zip\" name=\"flashvars\"><\/object><br \/>Forr\u00e1s: <a href=\"http:\/\/gazdasagtv.hu\" style=\"color: #df1100; font-weight: bold; text-decoration: none;\" target=\"_blank\" rel=\"noopener\">Gazdas\u00e1gTV.hu<\/a><\/p>\n","protected":false},"excerpt":{"rendered":"<p>J\u00f6v\u0151 \u00e9v elej\u00e9ig maradhat a QE3. Az amerikai ad\u00f3ss\u00e1gplafonnal kapcsolatos \u00e1tmeneti meg\u00e1llapod\u00e1s velej\u00e1r\u00f3ja, hogy a Fed v\u00e1rhat\u00f3an j\u00f6v\u0151 \u00e9v elej\u00e9ig nem ny\u00fal a QE3 programhoz, nem kezdi el a laz\u00edt\u00e1s lefarag\u00e1s\u00e1t, Janet Yellenre, a Fed \u00faj eln\u00f6k\u00e9re v\u00e1rhat a feladat. A magyar piacon kis cs\u00f6kken\u00e9s l\u00e1that\u00f3.<\/p>\n","protected":false},"author":1,"featured_media":18967,"comment_status":"open","ping_status":"closed","sticky":false,"template":"","format":"standard","meta":[],"categories":[13,31,8,122],"tags":[],"_links":{"self":[{"href":"https:\/\/gazdasagportal.hu\/index.php\/wp-json\/wp\/v2\/posts\/18966"}],"collection":[{"href":"https:\/\/gazdasagportal.hu\/index.php\/wp-json\/wp\/v2\/posts"}],"about":[{"href":"https:\/\/gazdasagportal.hu\/index.php\/wp-json\/wp\/v2\/types\/post"}],"author":[{"embeddable":true,"href":"https:\/\/gazdasagportal.hu\/index.php\/wp-json\/wp\/v2\/users\/1"}],"replies":[{"embeddable":true,"href":"https:\/\/gazdasagportal.hu\/index.php\/wp-json\/wp\/v2\/comments?post=18966"}],"version-history":[{"count":1,"href":"https:\/\/gazdasagportal.hu\/index.php\/wp-json\/wp\/v2\/posts\/18966\/revisions"}],"predecessor-version":[{"id":18968,"href":"https:\/\/gazdasagportal.hu\/index.php\/wp-json\/wp\/v2\/posts\/18966\/revisions\/18968"}],"wp:featuredmedia":[{"embeddable":true,"href":"https:\/\/gazdasagportal.hu\/index.php\/wp-json\/wp\/v2\/media\/18967"}],"wp:attachment":[{"href":"https:\/\/gazdasagportal.hu\/index.php\/wp-json\/wp\/v2\/media?parent=18966"}],"wp:term":[{"taxonomy":"category","embeddable":true,"href":"https:\/\/gazdasagportal.hu\/index.php\/wp-json\/wp\/v2\/categories?post=18966"},{"taxonomy":"post_tag","embeddable":true,"href":"https:\/\/gazdasagportal.hu\/index.php\/wp-json\/wp\/v2\/tags?post=18966"}],"curies":[{"name":"wp","href":"https:\/\/api.w.org\/{rel}","templated":true}]}}