{"id":18961,"date":"2013-10-17T11:28:42","date_gmt":"2013-10-17T09:28:42","guid":{"rendered":"http:\/\/stockportal.hu\/?p=18961"},"modified":"2013-10-17T11:51:19","modified_gmt":"2013-10-17T09:51:19","slug":"europai-birosag-a-hochtief-nem-koteles-fizetni-az-otp-nek-de-a-bank-perelhet","status":"publish","type":"post","link":"https:\/\/gazdasagportal.hu\/index.php\/europai-birosag-a-hochtief-nem-koteles-fizetni-az-otp-nek-de-a-bank-perelhet\/","title":{"rendered":"Eur\u00f3pai B\u00edr\u00f3s\u00e1g: a Hochtief nem k\u00f6teles fizetni az OTP-nek, de a bank perelhet"},"content":{"rendered":"<p><strong>Nem k\u00f6teles kifizetni a Hochtief n\u00e9met c\u00e9g egy olyan v\u00e1llalat hitel\u00e9t az OTP-nek, amelyben a Hochtief a hitel felv\u00e9tele ut\u00e1n szerzett k\u00f6zvetlen ir\u00e1ny\u00edt\u00e1st jelent\u0151 befoly\u00e1st, de amelyet k\u00e9s\u0151bb felsz\u00e1moltak &#8211; \u00e1llap\u00edtotta meg cs\u00fct\u00f6rt\u00f6ki \u00edt\u00e9let\u00e9ben az Eur\u00f3pai B\u00edr\u00f3s\u00e1g.<\/strong><!--more--><\/p>\n<p>A luxembourgi t\u00f6rv\u00e9nysz\u00e9k \u00e1ltal kiadott k\u00f6zlem\u00e9ny tan\u00fas\u00e1ga szerint, b\u00e1r az \u00fcgyben hozz\u00e1 fordul\u00f3 K\u00faria k\u00e9rd\u00e9se erre nem terjedt ki, az uni\u00f3s b\u00edr\u00e1k hangs\u00falyozz\u00e1k, hogy ugyan a Hochtief &#8211; mivel nem \u0151 k\u00f6t\u00f6tte a hitelszerz\u0151d\u00e9st, \u00e9s \u00edgy nem \u00e1llt \u00f6nk\u00e9nt v\u00e1llalt szerz\u0151d\u00e9ses jogviszonyban a bankkal &#8211; nem k\u00f6teles helyt\u00e1llni a m\u00e1sik c\u00e9g tartoz\u00e1s\u00e1\u00e9rt, az OTP azonban pert ind\u00edthat azon szem\u00e9lyek ellen Magyarorsz\u00e1gon, akik szerinte k\u00e1rt okoztak neki.<br \/>\nAz OTP az\u00e9rt k\u00f6vetelte a felsz\u00e1molt c\u00e9get ir\u00e1ny\u00edt\u00f3 Hochtieft\u0151l a hiteltartoz\u00e1s rendez\u00e9s\u00e9t, mert b\u00e1r a n\u00e9met c\u00e9g a p\u00e9nzint\u00e9zetet \u00e9rtes\u00edtette, hogy k\u00f6zvetlen ir\u00e1ny\u00edt\u00e1st szerzett a hitelt felvev\u0151 c\u00e9gben, ezt a c\u00e9gb\u00edr\u00f3s\u00e1gon elmulasztotta bejelenteni \u00e9s a c\u00e9gk\u00f6zl\u00f6nyben sem tett\u00e9k k\u00f6zz\u00e9. A magyar jog szerint pedig ebben az esetben a befoly\u00e1st szerz\u0151 c\u00e9gt\u0151l is k\u00f6vetelhet\u0151 a taroz\u00e1s.<br \/>\nA K\u00faria viszont miel\u0151tt err\u0151l d\u00f6nt\u00f6tt volna, az\u00e9rt fordult a luxembourgi b\u00edr\u00f3s\u00e1ghoz, hogy megtudja, van-e joga egy\u00e1ltal\u00e1n d\u00f6nteni a k\u00e9rd\u00e9sben. Az uni\u00f3s jog szerint ugyanis a n\u00e9met c\u00e9g akkor perelhet\u0151 Magyarorsz\u00e1gon, ha a per t\u00e1rgya egy szerz\u0151d\u00e9s vagy szerz\u0151d\u00e9ses ig\u00e9ny. Az OTP viszont a Hochtieffel nem \u00e1ll szerz\u0151d\u00e9sben, csak azzal a v\u00e1llalattal, amelyet a Hochtief ir\u00e1ny\u00edtott, ez\u00e9rt a luxembourgi b\u00edr\u00e1k \u00fagy \u00edt\u00e9lt\u00e9k meg, hogy ebben az \u00fcgyben a k\u00f6vetel\u00e9st nem lehet szerz\u0151d\u00e9ses ig\u00e9nynek tekinteni.<br \/>\nMeg\u00e1llap\u00edtja viszont a b\u00edr\u00f3s\u00e1g, hogy egy uni\u00f3s tag\u00e1llamban \u00e9l\u0151 szem\u00e9ly perelhet\u0151 jogellenes k\u00e1rokoz\u00e1s\u00e9rt \u00e9s az abb\u00f3l fakad\u00f3 k\u00e1rok\u00e9rt abban a tag\u00e1llamban, ahol a k\u00e1rokoz\u00e1s t\u00f6rt\u00e9nt, f\u00fcggetlen\u00fcl att\u00f3l, hogy az szerz\u0151d\u00e9ses ig\u00e9nyb\u0151l fakad-e.(MTI)<\/p>\n","protected":false},"excerpt":{"rendered":"<p>Nem k\u00f6teles kifizetni a Hochtief n\u00e9met c\u00e9g egy olyan v\u00e1llalat hitel\u00e9t az OTP-nek, amelyben a Hochtief a hitel felv\u00e9tele ut\u00e1n szerzett k\u00f6zvetlen ir\u00e1ny\u00edt\u00e1st jelent\u0151 befoly\u00e1st, de amelyet k\u00e9s\u0151bb felsz\u00e1moltak &#8211; \u00e1llap\u00edtotta meg cs\u00fct\u00f6rt\u00f6ki \u00edt\u00e9let\u00e9ben az Eur\u00f3pai B\u00edr\u00f3s\u00e1g.<\/p>\n","protected":false},"author":1,"featured_media":0,"comment_status":"open","ping_status":"closed","sticky":false,"template":"","format":"standard","meta":[],"categories":[19],"tags":[],"_links":{"self":[{"href":"https:\/\/gazdasagportal.hu\/index.php\/wp-json\/wp\/v2\/posts\/18961"}],"collection":[{"href":"https:\/\/gazdasagportal.hu\/index.php\/wp-json\/wp\/v2\/posts"}],"about":[{"href":"https:\/\/gazdasagportal.hu\/index.php\/wp-json\/wp\/v2\/types\/post"}],"author":[{"embeddable":true,"href":"https:\/\/gazdasagportal.hu\/index.php\/wp-json\/wp\/v2\/users\/1"}],"replies":[{"embeddable":true,"href":"https:\/\/gazdasagportal.hu\/index.php\/wp-json\/wp\/v2\/comments?post=18961"}],"version-history":[{"count":4,"href":"https:\/\/gazdasagportal.hu\/index.php\/wp-json\/wp\/v2\/posts\/18961\/revisions"}],"predecessor-version":[{"id":18979,"href":"https:\/\/gazdasagportal.hu\/index.php\/wp-json\/wp\/v2\/posts\/18961\/revisions\/18979"}],"wp:attachment":[{"href":"https:\/\/gazdasagportal.hu\/index.php\/wp-json\/wp\/v2\/media?parent=18961"}],"wp:term":[{"taxonomy":"category","embeddable":true,"href":"https:\/\/gazdasagportal.hu\/index.php\/wp-json\/wp\/v2\/categories?post=18961"},{"taxonomy":"post_tag","embeddable":true,"href":"https:\/\/gazdasagportal.hu\/index.php\/wp-json\/wp\/v2\/tags?post=18961"}],"curies":[{"name":"wp","href":"https:\/\/api.w.org\/{rel}","templated":true}]}}