{"id":18959,"date":"2013-10-17T10:53:25","date_gmt":"2013-10-17T08:53:25","guid":{"rendered":"http:\/\/stockportal.hu\/?p=18959"},"modified":"2013-10-17T10:46:22","modified_gmt":"2013-10-17T08:46:22","slug":"torokorszag-izraeli-kemeket-fedhetett-fel-irannak","status":"publish","type":"post","link":"https:\/\/gazdasagportal.hu\/index.php\/torokorszag-izraeli-kemeket-fedhetett-fel-irannak\/","title":{"rendered":"T\u00f6r\u00f6korsz\u00e1g izraeli k\u00e9meket fedhetett fel Ir\u00e1nnak"},"content":{"rendered":"<p><strong>T\u00f6r\u00f6korsz\u00e1g tavaly \u00e1tadta Ir\u00e1nnak egy k\u00f6r\u00fclbel\u00fcl t\u00edz f\u0151b\u0151l \u00e1ll\u00f3, az iszl\u00e1m k\u00f6zt\u00e1rsas\u00e1gban az izraeli Moszad titkosszolg\u00e1latnak dolgoz\u00f3 k\u00e9mh\u00e1l\u00f3zat szem\u00e9lyes adatait &#8211; k\u00f6z\u00f6lte a Jedi\u00f3t Ahron\u00f3t c\u00edm\u0171 izraeli lap Ynet h\u00edrport\u00e1lja cs\u00fct\u00f6rt\u00f6k reggel.<!--more--><\/strong><\/p>\n<p>Olyan, Izraelnek k\u00e9mked\u0151 emberek szem\u00e9lyazonoss\u00e1g\u00e1t fedte fel az ir\u00e1niaknak Ankara, akik T\u00f6r\u00f6korsz\u00e1gban tal\u00e1lkoztak Moszad-kapcsolataikkal &#8211; \u00edrja a Ynet az amerikai The Washington Postban megjelent \u00e9rtes\u00fcl\u00e9sre hivatkozva. Az izraeliek r\u00e9szben T\u00f6r\u00f6korsz\u00e1gb\u00f3l m\u0171k\u00f6dtett\u00e9k az Ir\u00e1nban l\u00e9v\u0151 h\u00e1l\u00f3zatot a k\u00e9t orsz\u00e1g k\u00f6zti, k\u00e9nyelmesen \u00e1tj\u00e1rhat\u00f3 hat\u00e1rok miatt. J\u00f3l \u00e9rtes\u00fclt forr\u00e1sok szerint a t\u00f6r\u00f6k l\u00e9p\u00e9snek az volt a c\u00e9lja, hogy jelent\u0151s k\u00e1rokat okozzon a h\u00edrszerz\u00e9s ter\u00fclet\u00e9n Izraelnek.<br \/>\nTeher\u00e1ni kapcsolatai miatt Izraelben azt gyan\u00edtj\u00e1k, hogy Hakan Fidan, a t\u00f6r\u00f6k h\u00edrszerz\u00e9s f\u0151n\u00f6ke \u00e1rulhatta el a zsid\u00f3 \u00e1llam ir\u00e1ni k\u00e9meit. Az izraeli k\u00e9mszervezet t\u00f6bb mint \u00f6tven \u00e9vig m\u0171k\u00f6d\u00f6tt egy\u00fctt a t\u00f6r\u00f6k\u00f6kkel, \u00edgy meglepet\u00e9st okozott, hogy a t\u00f6r\u00f6k\u00f6k inform\u00e1ci\u00f3kat adnak \u00e1t egy ellens\u00e9ges hatalomnak.<br \/>\nJeruzs\u00e1lemben \u00fagy v\u00e9lik, hogy Recep Tayyip Erdogan t\u00f6r\u00f6k korm\u00e1nyf\u0151 ezzel \u00e1llt bossz\u00fat a t\u00f6r\u00f6k Mavi Marmara haj\u00f3 ellen h\u00e1rom \u00e9ve v\u00e9grehajtott izraeli kommand\u00f3sakci\u00f3\u00e9rt, vagy ekk\u00e9pp k\u00edv\u00e1nta seg\u00edteni a palesztinok \u00fcgy\u00e9t, \u00e9s ez az \u00fcgy is hozz\u00e1j\u00e1rulhatott, hogy Benj\u00e1min Netanjahu korm\u00e1nyf\u0151 csak vonakodva k\u00e9rt bocs\u00e1natot t\u00f6r\u00f6k kolleg\u00e1j\u00e1t\u00f3l.<br \/>\nA t\u00f6r\u00f6k h\u00edrszerz\u00e9st 2010 \u00f3ta ir\u00e1ny\u00edt\u00f3 Hakan Fidan Erdogan k\u00f6zeli tan\u00e1csad\u00f3ja, \u00e9s Ehud Barak m\u00e9g izraeli v\u00e9delmi miniszterk\u00e9nt Ir\u00e1n-bar\u00e1ts\u00e1ggal v\u00e1dolta.(MTI)<\/p>\n","protected":false},"excerpt":{"rendered":"<p>T\u00f6r\u00f6korsz\u00e1g tavaly \u00e1tadta Ir\u00e1nnak egy k\u00f6r\u00fclbel\u00fcl t\u00edz f\u0151b\u0151l \u00e1ll\u00f3, az iszl\u00e1m k\u00f6zt\u00e1rsas\u00e1gban az izraeli Moszad titkosszolg\u00e1latnak dolgoz\u00f3 k\u00e9mh\u00e1l\u00f3zat szem\u00e9lyes adatait &#8211; k\u00f6z\u00f6lte a Jedi\u00f3t Ahron\u00f3t c\u00edm\u0171 izraeli lap Ynet h\u00edrport\u00e1lja cs\u00fct\u00f6rt\u00f6k reggel.<\/p>\n","protected":false},"author":1,"featured_media":0,"comment_status":"open","ping_status":"closed","sticky":false,"template":"","format":"standard","meta":[],"categories":[16],"tags":[],"_links":{"self":[{"href":"https:\/\/gazdasagportal.hu\/index.php\/wp-json\/wp\/v2\/posts\/18959"}],"collection":[{"href":"https:\/\/gazdasagportal.hu\/index.php\/wp-json\/wp\/v2\/posts"}],"about":[{"href":"https:\/\/gazdasagportal.hu\/index.php\/wp-json\/wp\/v2\/types\/post"}],"author":[{"embeddable":true,"href":"https:\/\/gazdasagportal.hu\/index.php\/wp-json\/wp\/v2\/users\/1"}],"replies":[{"embeddable":true,"href":"https:\/\/gazdasagportal.hu\/index.php\/wp-json\/wp\/v2\/comments?post=18959"}],"version-history":[{"count":1,"href":"https:\/\/gazdasagportal.hu\/index.php\/wp-json\/wp\/v2\/posts\/18959\/revisions"}],"predecessor-version":[{"id":18960,"href":"https:\/\/gazdasagportal.hu\/index.php\/wp-json\/wp\/v2\/posts\/18959\/revisions\/18960"}],"wp:attachment":[{"href":"https:\/\/gazdasagportal.hu\/index.php\/wp-json\/wp\/v2\/media?parent=18959"}],"wp:term":[{"taxonomy":"category","embeddable":true,"href":"https:\/\/gazdasagportal.hu\/index.php\/wp-json\/wp\/v2\/categories?post=18959"},{"taxonomy":"post_tag","embeddable":true,"href":"https:\/\/gazdasagportal.hu\/index.php\/wp-json\/wp\/v2\/tags?post=18959"}],"curies":[{"name":"wp","href":"https:\/\/api.w.org\/{rel}","templated":true}]}}