{"id":18941,"date":"2013-10-17T09:24:27","date_gmt":"2013-10-17T07:24:27","guid":{"rendered":"http:\/\/stockportal.hu\/?p=18941"},"modified":"2013-10-17T09:24:27","modified_gmt":"2013-10-17T07:24:27","slug":"orban-indiaban-vegyek-fel-a-terkepukre-kozep-europat","status":"publish","type":"post","link":"https:\/\/gazdasagportal.hu\/index.php\/orban-indiaban-vegyek-fel-a-terkepukre-kozep-europat\/","title":{"rendered":"Orb\u00e1n Indi\u00e1ban: vegy\u00e9k fel a t\u00e9rk\u00e9p\u00fckre K\u00f6z\u00e9p-Eur\u00f3p\u00e1t!"},"content":{"rendered":"<p><span style=\"font-weight: bold;\"><\/span><\/p>\n<p>\u00cdg\u00e9retes, a befektet\u0151knek j\u00f3 lehet\u0151s\u00e9geket tartogat\u00f3 r\u00e9gi\u00f3k\u00e9nt aj\u00e1nlotta K\u00f6z\u00e9p-Eur\u00f3p\u00e1t indiai hallgat\u00f3s\u00e1ga figyelm\u00e9be Orb\u00e1n Viktor minisztereln\u00f6k cs\u00fct\u00f6rt\u00f6k\u00f6n \u00dajdelhiben.<!--more--><\/p>\n<p><span id=\"ctl05_lbLead\" style=\"font-weight: bold;\"><\/span><span><\/span><\/p>\n<p>A hivatalos indiai l\u00e1togat\u00e1son tart\u00f3zkod\u00f3 magyar deleg\u00e1ci\u00f3 nem egy protokollvizitre \u00e9rkezett a d\u00e9l-\u00e1zsiai orsz\u00e1gba, hanem egy \u00fczenet k\u00f6zvet\u00edt\u00e9s\u00e9re, amely \u00edgy sz\u00f3l: Magyarorsz\u00e1g arra k\u00e9ri Indi\u00e1t, rajzolja t\u00e9rk\u00e9p\u00e9re a k\u00f6z\u00e9p-eur\u00f3pai t\u00e9rs\u00e9get &#8211; mondta a magyar korm\u00e1nyf\u0151 az indiai k\u00fcl\u00fcgyminiszt\u00e9rium k\u00fclpolitikai int\u00e9zet\u00e9ben, a Sapru House-ban.<br \/>\nOrb\u00e1n Viktor hangs\u00falyozta, a Magyarorsz\u00e1got is mag\u00e1ban foglal\u00f3 K\u00f6z\u00e9p-Eur\u00f3pa a kontinens egy jelent\u0151s, nagy l\u00e9leksz\u00e1m\u00fa \u00e9s \u00edg\u00e9retes kil\u00e1t\u00e1sokkal rendelkez\u0151 ter\u00fclete, s Eur\u00f3pa legnagyobb n\u00f6veked\u00e9si lehet\u0151s\u00e9ge is e r\u00e9gi\u00f3ban rejlik. R\u00e1ad\u00e1sul K\u00f6z\u00e9p-Eur\u00f3pa m\u00e1r t\u00fal van a v\u00e1ls\u00e1gon, sikeresen meg\u00fajult &#8211; h\u00edvta fel a figyelmet a minisztereln\u00f6k.(MTI)<\/p>\n","protected":false},"excerpt":{"rendered":"<p>\u00cdg\u00e9retes, a befektet\u0151knek j\u00f3 lehet\u0151s\u00e9geket tartogat\u00f3 r\u00e9gi\u00f3k\u00e9nt aj\u00e1nlotta K\u00f6z\u00e9p-Eur\u00f3p\u00e1t indiai hallgat\u00f3s\u00e1ga figyelm\u00e9be Orb\u00e1n Viktor minisztereln\u00f6k cs\u00fct\u00f6rt\u00f6k\u00f6n \u00dajdelhiben.<\/p>\n","protected":false},"author":1,"featured_media":0,"comment_status":"open","ping_status":"closed","sticky":false,"template":"","format":"standard","meta":[],"categories":[14,19],"tags":[],"_links":{"self":[{"href":"https:\/\/gazdasagportal.hu\/index.php\/wp-json\/wp\/v2\/posts\/18941"}],"collection":[{"href":"https:\/\/gazdasagportal.hu\/index.php\/wp-json\/wp\/v2\/posts"}],"about":[{"href":"https:\/\/gazdasagportal.hu\/index.php\/wp-json\/wp\/v2\/types\/post"}],"author":[{"embeddable":true,"href":"https:\/\/gazdasagportal.hu\/index.php\/wp-json\/wp\/v2\/users\/1"}],"replies":[{"embeddable":true,"href":"https:\/\/gazdasagportal.hu\/index.php\/wp-json\/wp\/v2\/comments?post=18941"}],"version-history":[{"count":2,"href":"https:\/\/gazdasagportal.hu\/index.php\/wp-json\/wp\/v2\/posts\/18941\/revisions"}],"predecessor-version":[{"id":18943,"href":"https:\/\/gazdasagportal.hu\/index.php\/wp-json\/wp\/v2\/posts\/18941\/revisions\/18943"}],"wp:attachment":[{"href":"https:\/\/gazdasagportal.hu\/index.php\/wp-json\/wp\/v2\/media?parent=18941"}],"wp:term":[{"taxonomy":"category","embeddable":true,"href":"https:\/\/gazdasagportal.hu\/index.php\/wp-json\/wp\/v2\/categories?post=18941"},{"taxonomy":"post_tag","embeddable":true,"href":"https:\/\/gazdasagportal.hu\/index.php\/wp-json\/wp\/v2\/tags?post=18941"}],"curies":[{"name":"wp","href":"https:\/\/api.w.org\/{rel}","templated":true}]}}